{"id":1346,"date":"2013-05-22T05:17:12","date_gmt":"2013-05-22T05:17:12","guid":{"rendered":"http:\/\/blogs.hoy.es\/dicestudemili\/?p=1294"},"modified":"2013-05-22T05:17:12","modified_gmt":"2013-05-22T05:17:12","slug":"1993-1-el-60-de-los-reclutas-son-universitarios","status":"publish","type":"post","link":"https:\/\/blogs.hoy.es\/dicestudemili\/2013\/05\/22\/1993-1-el-60-de-los-reclutas-son-universitarios\/","title":{"rendered":"1993 (1): El 60% de los reclutas son universitarios"},"content":{"rendered":"<div id=\"attachment_1295\" style=\"width: 699px\" class=\"wp-caption aligncenter\"><a href=\"\/dicestudemili\/wp-content\/uploads\/sites\/57\/2013\/05\/1993-caja.jpg\"><img aria-describedby=\"caption-attachment-1295\" loading=\"lazy\" class=\" wp-image-1295 \" title=\"Recorte del Diario HOY de la presentaci\u00f3n de la fiesta de la patrona de la Infanter\u00eda.\" src=\"\/dicestudemili\/wp-content\/uploads\/sites\/57\/2013\/05\/1993-caja.jpg\" alt=\"Recorte del Diario HOY de la presentaci\u00f3n de la fiesta de la patrona de la Infanter\u00eda.\" width=\"689\" height=\"729\" \/><\/a><p id=\"caption-attachment-1295\" class=\"wp-caption-text\">Recorte del Diario HOY de la presentaci\u00f3n de la fiesta de la patrona de la Infanter\u00eda.<\/p><\/div>\n<p>&nbsp;<\/p>\n<p>El Centro de Instrucci\u00f3n de Reclutas de C\u00e1ceres aporta datos fiables de lo mucho que cambi\u00f3 la sociedad espa\u00f1ola en relativamente poco tiempo. En el a\u00f1o <strong>1970<\/strong> uno de cada siete j\u00f3venes que ven\u00eda a hacer la mili en C\u00e1ceres era analfabeto, y la situaci\u00f3n era peor en la provincia de C\u00e1ceres porque no sab\u00eda escribir ni leer uno de cada cinco cacere\u00f1os que ingresaba en el CIR. Veintitr\u00e9s a\u00f1os despu\u00e9s, en 1993, el 60% de los reclutas son universitarios, hab\u00edan terminado una carrera o estaban en los \u00faltimos cursos. El dato lo aport\u00f3 el <strong>26 de noviembre de 1993<\/strong> el coronel jefe del CIR y gobernador militar de C\u00e1ceres <strong>Pedro Ram\u00edrez Verd\u00fan<\/strong>, que hac\u00eda poco hab\u00eda sustituido en este puesto a <strong>Jes\u00fas Ortego Gasc\u00f3n<\/strong>.<\/p>\n<p>A finales de noviembre el coronel jefe del CIR y <strong>Jes\u00fas Medina Oca\u00f1a<\/strong>, presidente de Caja Extremadura, ofrecieron una rueda de prensa para dar a conocer las actividades organizadas para la fiesta de la patrona de la Infanter\u00eda, la <strong>Inmaculada Concepci\u00f3n<\/strong>. Hubo conferencias sobre la participaci\u00f3n de los extreme\u00f1os en la conquista de Am\u00e9rica, un concierto de jazz del pianista<strong> Javier<\/strong> <strong>Arroyo<\/strong>, una exposici\u00f3n de la pintora y alcaldesa de Mont\u00e1nchez <strong>Mar\u00eda Julia Pelaez<\/strong>, y la proyecci\u00f3n de la pel\u00edcula <strong>Fitzcarraldo<\/strong> del director <strong>Werner Herzog<\/strong>. El coronel Ram\u00edrez Verd\u00fan se\u00f1al\u00f3 que en el CIR hab\u00eda un total de 2.178 hombres.<\/p>\n<p>Este a\u00f1o la primera jura de bandera se realiz\u00f3 \u00a0el <strong>16 de enero<\/strong>, teniendo la peculiaridad de que era s\u00e1bado, cuando estos actos se realizaban los domingos.<\/p>\n<div id=\"attachment_1297\" style=\"width: 592px\" class=\"wp-caption aligncenter\"><a href=\"\/dicestudemili\/wp-content\/uploads\/sites\/57\/2013\/05\/1993jura2.jpg\"><img aria-describedby=\"caption-attachment-1297\" loading=\"lazy\" class=\" wp-image-1297 \" title=\"Noticia de la primera jura de bandera de 1993.\" src=\"\/dicestudemili\/wp-content\/uploads\/sites\/57\/2013\/05\/1993jura2.jpg\" alt=\"Noticia de la primera jura de bandera de 1993.\" width=\"582\" height=\"290\" \/><\/a><p id=\"caption-attachment-1297\" class=\"wp-caption-text\">Noticia de la primera jura de bandera de 1993.<\/p><\/div>\n<p>&nbsp;<\/p>\n<p>Otra de las juras de bandera de este a\u00f1o tuvo lugar el <strong>10 de octubre<\/strong> (ya en domingo), estando presidida por el general de brigada <strong>Feliciano Calvo Gonz\u00e1lez<\/strong>, jefe del Estado Mayor del Mando Regional Centro. Participaron 1.490 reclutas del tercer llamamiento de 1993, m\u00e1s 52 civiles que besaron la bandera. Dirigi\u00f3 las fuerzas el teniente coronel jefe de la Unidad de Instrucci\u00f3n del CIR, <strong>Ignacio Adiego V\u00e1zquez<\/strong>. En su alocuci\u00f3n a los nuevos soldados el coronel jefe del CIR cit\u00f3 a <strong>Calder\u00f3n de la Barca<\/strong> que dejo escrito que el Ej\u00e9rcito, &#8220;es una religi\u00f3n de hombres honrados&#8221;.<\/p>\n<p>&nbsp;<\/p>\n<div id=\"attachment_1298\" style=\"width: 663px\" class=\"wp-caption aligncenter\"><a href=\"\/dicestudemili\/wp-content\/uploads\/sites\/57\/2013\/05\/1993jura.jpg\"><img aria-describedby=\"caption-attachment-1298\" loading=\"lazy\" class=\" wp-image-1298 \" title=\"Imagen de la Jura del 10 de octubre de 1993 publicada en el Diario HOY.\" src=\"\/dicestudemili\/wp-content\/uploads\/sites\/57\/2013\/05\/1993jura.jpg\" alt=\"Imagen de la Jura del 10 de octubre de 1993 publicada en el Diario HOY.\" width=\"653\" height=\"505\" \/><\/a><p id=\"caption-attachment-1298\" class=\"wp-caption-text\">Imagen de la Jura del 10 de octubre de 1993 publicada en el Diario HOY.<\/p><\/div>\n<p>&nbsp;<\/p>\n<p>&nbsp;<\/p>\n<!-- AddThis Advanced Settings generic via filter on the_content --><!-- AddThis Share Buttons generic via filter on the_content -->","protected":false},"excerpt":{"rendered":"<p>&nbsp; El Centro de Instrucci\u00f3n de Reclutas de C\u00e1ceres aporta datos fiables de lo mucho que cambi\u00f3 la sociedad espa\u00f1ola en relativamente poco tiempo. En el a\u00f1o 1970 uno de cada siete j\u00f3venes que ven\u00eda a hacer la mili en C\u00e1ceres era analfabeto, y la situaci\u00f3n era peor en la provincia de C\u00e1ceres porque no [&hellip;]<!-- AddThis Advanced Settings generic via filter on get_the_excerpt --><!-- AddThis Share Buttons generic via filter on get_the_excerpt --><\/p>\n","protected":false},"author":52,"featured_media":0,"comment_status":"open","ping_status":"closed","sticky":false,"template":"","format":"standard","meta":[],"categories":[3],"tags":[389,400,558,638,654,808,1094],"_links":{"self":[{"href":"https:\/\/blogs.hoy.es\/dicestudemili\/wp-json\/wp\/v2\/posts\/1346"}],"collection":[{"href":"https:\/\/blogs.hoy.es\/dicestudemili\/wp-json\/wp\/v2\/posts"}],"about":[{"href":"https:\/\/blogs.hoy.es\/dicestudemili\/wp-json\/wp\/v2\/types\/post"}],"author":[{"embeddable":true,"href":"https:\/\/blogs.hoy.es\/dicestudemili\/wp-json\/wp\/v2\/users\/52"}],"replies":[{"embeddable":true,"href":"https:\/\/blogs.hoy.es\/dicestudemili\/wp-json\/wp\/v2\/comments?post=1346"}],"version-history":[{"count":0,"href":"https:\/\/blogs.hoy.es\/dicestudemili\/wp-json\/wp\/v2\/posts\/1346\/revisions"}],"wp:attachment":[{"href":"https:\/\/blogs.hoy.es\/dicestudemili\/wp-json\/wp\/v2\/media?parent=1346"}],"wp:term":[{"taxonomy":"category","embeddable":true,"href":"https:\/\/blogs.hoy.es\/dicestudemili\/wp-json\/wp\/v2\/categories?post=1346"},{"taxonomy":"post_tag","embeddable":true,"href":"https:\/\/blogs.hoy.es\/dicestudemili\/wp-json\/wp\/v2\/tags?post=1346"}],"curies":[{"name":"wp","href":"https:\/\/api.w.org\/{rel}","templated":true}]}}