{"id":1348,"date":"2013-06-10T05:14:11","date_gmt":"2013-06-10T05:14:11","guid":{"rendered":"http:\/\/blogs.hoy.es\/dicestudemili\/?p=1348"},"modified":"2013-06-10T05:14:11","modified_gmt":"2013-06-10T05:14:11","slug":"1994-1-la-psicologa-mercedes-cardona-es-la-primera-mujer-militar-en-el-cir-de-caceres","status":"publish","type":"post","link":"https:\/\/blogs.hoy.es\/dicestudemili\/2013\/06\/10\/1994-1-la-psicologa-mercedes-cardona-es-la-primera-mujer-militar-en-el-cir-de-caceres\/","title":{"rendered":"1994 (1). La psic\u00f3loga Mercedes Cardona es la primera mujer militar en el CIR de C\u00e1ceres"},"content":{"rendered":"<div id=\"attachment_1349\" style=\"width: 579px\" class=\"wp-caption aligncenter\"><a href=\"\/dicestudemili\/wp-content\/uploads\/sites\/57\/2013\/06\/mujer.jpg\"><img aria-describedby=\"caption-attachment-1349\" loading=\"lazy\" class=\"size-full wp-image-1349\" title=\"La noticia se public\u00f3 en el Diario HOY el 12 de junio de 1994, ocup\u00f3 una p\u00e1gina.\" src=\"\/dicestudemili\/wp-content\/uploads\/sites\/57\/2013\/06\/mujer.jpg\" alt=\"La noticia se public\u00f3 en el Diario HOY el 12 de junio de 1994, ocup\u00f3 una p\u00e1gina.\" width=\"569\" height=\"653\" srcset=\"https:\/\/static-blogs.hoy.es\/wp-content\/uploads\/sites\/57\/2013\/06\/mujer.jpg 569w, https:\/\/static-blogs.hoy.es\/wp-content\/uploads\/sites\/57\/2013\/06\/mujer-261x300.jpg 261w\" sizes=\"(max-width: 569px) 100vw, 569px\" \/><\/a><p id=\"caption-attachment-1349\" class=\"wp-caption-text\">La noticia se public\u00f3 en el Diario HOY el 12 de junio de 1994, ocup\u00f3 una p\u00e1gina.<\/p><\/div>\n<p>&nbsp;<\/p>\n<p>La incorporaci\u00f3n de la mujer en el Ej\u00e9rcito se comenz\u00f3 a notar en 1994 en el <strong>CIR &#8216;Centro&#8217;<\/strong> de C\u00e1ceres al llegar a este destino la psic\u00f3loga <strong>Mercedes Cardona Vicente<\/strong> con el mando de alf\u00e9rez; era la primera mujer militar en C\u00e1ceres. La novedad hizo que la periodista <strong>Marta Ruiz de Apodaca<\/strong> la entrevistara para el <strong>Diario HOY<\/strong>. Fue la portada del suplemento del domingo del <strong>12 de junio de 1994<\/strong>.<\/p>\n<p>Cuando fue destinada a C\u00e1ceres, Mercedes Cardona ten\u00eda 24 a\u00f1os. Nacida en <strong>Ciudad Rodrigo<\/strong> (Salamanca), despu\u00e9s de hacer la carrera de Psicolog\u00eda se matricul\u00f3 en la <strong>Academia de Infanter\u00eda de Toledo<\/strong>, donde tras 9 meses de preparaci\u00f3n lleg\u00f3 al Centro de Instrucci\u00f3n de C\u00e1ceres. Junto a otro psic\u00f3logo, era la encargada de atender a los reclutas que ven\u00edan a C\u00e1ceres, a los que entrevistaba y hac\u00eda test. Mercedes Carmona se\u00f1alaba en la entrevista que el CIR cacere\u00f1o era como una peque\u00f1a poblaci\u00f3n, &#8220;<em>cada tres meses llega un llamamiento completo y para los reclutas supone un gran cambio. De pronto se ven con el pelo corto, con otra ropa&#8230; Por eso nosotros debemos estar atentos y hacer el seguimiento de su adaptaci\u00f3n. Al principio se suelen sorprender que les atienda una mujer, pero enseguida se acostumbran<\/em>&#8220;. Ella aseguraba que el papel de las mujeres en el Ej\u00e9rcito ser\u00eda cada vez m\u00e1s importante.<\/p>\n<!-- AddThis Advanced Settings generic via filter on the_content --><!-- AddThis Share Buttons generic via filter on the_content -->","protected":false},"excerpt":{"rendered":"<p>&nbsp; La incorporaci\u00f3n de la mujer en el Ej\u00e9rcito se comenz\u00f3 a notar en 1994 en el CIR &#8216;Centro&#8217; de C\u00e1ceres al llegar a este destino la psic\u00f3loga Mercedes Cardona Vicente con el mando de alf\u00e9rez; era la primera mujer militar en C\u00e1ceres. La novedad hizo que la periodista Marta Ruiz de Apodaca la entrevistara [&hellip;]<!-- AddThis Advanced Settings generic via filter on get_the_excerpt --><!-- AddThis Share Buttons generic via filter on get_the_excerpt --><\/p>\n","protected":false},"author":52,"featured_media":0,"comment_status":"open","ping_status":"closed","sticky":false,"template":"","format":"standard","meta":[],"categories":[3],"tags":[14,51,817],"_links":{"self":[{"href":"https:\/\/blogs.hoy.es\/dicestudemili\/wp-json\/wp\/v2\/posts\/1348"}],"collection":[{"href":"https:\/\/blogs.hoy.es\/dicestudemili\/wp-json\/wp\/v2\/posts"}],"about":[{"href":"https:\/\/blogs.hoy.es\/dicestudemili\/wp-json\/wp\/v2\/types\/post"}],"author":[{"embeddable":true,"href":"https:\/\/blogs.hoy.es\/dicestudemili\/wp-json\/wp\/v2\/users\/52"}],"replies":[{"embeddable":true,"href":"https:\/\/blogs.hoy.es\/dicestudemili\/wp-json\/wp\/v2\/comments?post=1348"}],"version-history":[{"count":0,"href":"https:\/\/blogs.hoy.es\/dicestudemili\/wp-json\/wp\/v2\/posts\/1348\/revisions"}],"wp:attachment":[{"href":"https:\/\/blogs.hoy.es\/dicestudemili\/wp-json\/wp\/v2\/media?parent=1348"}],"wp:term":[{"taxonomy":"category","embeddable":true,"href":"https:\/\/blogs.hoy.es\/dicestudemili\/wp-json\/wp\/v2\/categories?post=1348"},{"taxonomy":"post_tag","embeddable":true,"href":"https:\/\/blogs.hoy.es\/dicestudemili\/wp-json\/wp\/v2\/tags?post=1348"}],"curies":[{"name":"wp","href":"https:\/\/api.w.org\/{rel}","templated":true}]}}