{"id":1352,"date":"2013-06-12T06:18:35","date_gmt":"2013-06-12T06:18:35","guid":{"rendered":"http:\/\/blogs.hoy.es\/dicestudemili\/?p=1352"},"modified":"2013-06-12T06:18:35","modified_gmt":"2013-06-12T06:18:35","slug":"1994-2-el-timo-del-falso-comandante-que-daba-buenos-destinos-y-un-camello-en-el-cir","status":"publish","type":"post","link":"https:\/\/blogs.hoy.es\/dicestudemili\/2013\/06\/12\/1994-2-el-timo-del-falso-comandante-que-daba-buenos-destinos-y-un-camello-en-el-cir\/","title":{"rendered":"1994 (2): El timo del falso comandante que daba buenos destinos y un camello en el CIR"},"content":{"rendered":"<div id=\"attachment_1353\" style=\"width: 699px\" class=\"wp-caption aligncenter\"><a href=\"\/dicestudemili\/wp-content\/uploads\/sites\/57\/2013\/06\/fachada.jpg\"><img aria-describedby=\"caption-attachment-1353\" loading=\"lazy\" class=\" wp-image-1353  \" title=\"Entrada principal del CIR 'Centro' de C\u00e1ceres en 1994.\" src=\"\/dicestudemili\/wp-content\/uploads\/sites\/57\/2013\/06\/fachada.jpg\" alt=\"Entrada principal del CIR 'Centro' de C\u00e1ceres en 1994.\" width=\"689\" height=\"466\" srcset=\"https:\/\/static-blogs.hoy.es\/wp-content\/uploads\/sites\/57\/2013\/06\/fachada.jpg 850w, https:\/\/static-blogs.hoy.es\/wp-content\/uploads\/sites\/57\/2013\/06\/fachada-300x203.jpg 300w, https:\/\/static-blogs.hoy.es\/wp-content\/uploads\/sites\/57\/2013\/06\/fachada-768x520.jpg 768w\" sizes=\"(max-width: 689px) 100vw, 689px\" \/><\/a><p id=\"caption-attachment-1353\" class=\"wp-caption-text\">Entrada principal del CIR &#39;Centro&#39; de C\u00e1ceres en 1994.<\/p><\/div>\n<p>&nbsp;<\/p>\n<p>Los amigos de lo ajeno ve\u00edan en los miles de j\u00f3venes que todos los a\u00f1os llegaban a C\u00e1ceres a hacer la mili (algunos de ellos a\u00fan con poca experiencia en la vida), un campo abonado en donde lanzar sus semillas y lograr una fuente de ingresos.<\/p>\n<p>En este sentido llama la atenci\u00f3n encontrar en la primera p\u00e1gina del <strong>Diario HOY<\/strong> del <strong>18 de marzo de 1994<\/strong> esta noticia:<\/p>\n<p>&nbsp;<\/p>\n<div id=\"attachment_1355\" style=\"width: 353px\" class=\"wp-caption alignleft\"><a href=\"\/dicestudemili\/wp-content\/uploads\/sites\/57\/2013\/06\/falsocomandante.jpg\"><img aria-describedby=\"caption-attachment-1355\" loading=\"lazy\" class=\" wp-image-1355   \" title=\"Noticia del falso comandante Morales.\" src=\"\/dicestudemili\/wp-content\/uploads\/sites\/57\/2013\/06\/falsocomandante.jpg\" alt=\"Noticia del falso comandante Morales.\" width=\"343\" height=\"239\" srcset=\"https:\/\/static-blogs.hoy.es\/wp-content\/uploads\/sites\/57\/2013\/06\/falsocomandante.jpg 680w, https:\/\/static-blogs.hoy.es\/wp-content\/uploads\/sites\/57\/2013\/06\/falsocomandante-300x210.jpg 300w\" sizes=\"(max-width: 343px) 100vw, 343px\" \/><\/a><p id=\"caption-attachment-1355\" class=\"wp-caption-text\">Noticia del falso comandante Morales.<\/p><\/div>\n<p><span style=\"font-size: 13px;\">Se indicaba en esta informaci\u00f3n que la polic\u00eda hab\u00eda detenido en C\u00e1ceres a una persona que se hac\u00eda pasar por militar de alta graduaci\u00f3n, abordaba a reclutas que estaban de paseo por C\u00e1ceres y tras entablar animada charla con los biso\u00f1os, les aseguraba que \u00e9l se encargar\u00eda de darles el destino que quisieran tras terminar el periodo de instrucci\u00f3n en C\u00e1ceres; aunque, claro, eso conllevaba una serie de gastos, y adem\u00e1s de facilitarles sus nombres tendr\u00edan que darle una cantidad de dinero o dejarle por un tiempo sus tarjetas de cr\u00e9dito, si es que ten\u00edan.<\/span><\/p>\n<p>El falso militar de alta graduaci\u00f3n, que dec\u00eda llamarse <strong>comandante Morales<\/strong>, actuaba (nunca mejor dicho) en el <strong>paseo de C\u00e1novas<\/strong>. A las seis y media de una tarde de marzo abord\u00f3 a tres reclutas, que eran m\u00e1s listos que lo que \u00e9l pensaba, y llamaron inmediatamente a la polic\u00eda local que le detuvo, comprobando que ten\u00eda documentaci\u00f3n militar falsa. Ese marzo no fue buen mes para los timadores en C\u00e1ceres, ya que tambi\u00e9n fue detenido <strong>Antonio M. G.<\/strong>, al\u00edas <strong>&#8216;el torero&#8217;<\/strong> por intentar dar el timo de &#8216;la estampita&#8217; a una mujer mayor vecina del barrio de <strong>Moctezuma<\/strong>.<\/p>\n<p>Hab\u00eda veces que el zorro era sorprendido dentro del gallinero. El <strong>23 de diciembre de 1994<\/strong> se publicaba la noticia de un recluta que iba a ser juzgado por dedicarse a vender droga en el centro de instrucci\u00f3n y robar en m\u00e1quinas expendedoras. Se enfrentaba a una petici\u00f3n de c\u00e1rcel de 4 a\u00f1os, 7 meses y 21 d\u00edas. El delincuente <strong>Francisco Juli\u00e1n G. D.<\/strong> intent\u00f3 seguir con su vida alejada de las buenas costumbres vestido de caqui. El <strong>16 de noviembre de 1993<\/strong> entr\u00f3 en el CIR de C\u00e1ceres como recluta y aqu\u00ed ten\u00eda que aprender la instrucci\u00f3n militar hasta el <strong>9 de enero de 1994<\/strong>. Su mili fue un poco accidentada ya que le sorprendieron ofreciendo hach\u00eds a cambio de dinero a otros reclutas, y le acusaron de reventar una m\u00e1quina expendedora de tabaco y otra de caf\u00e9 que estaban dentro del recinto militar.<\/p>\n<p>En el a\u00f1o 1994 la vida en el CIR &#8216;Centro&#8217; de C\u00e1ceres segu\u00eda con buena salud, como se puede apreciar por los convenios que el Centro hac\u00eda con instituciones. Uno de estos convenios era el que manten\u00eda con el Ayuntamiento de C\u00e1ceres, que viendo el potencial tur\u00edstico de los reclutas que despu\u00e9s de hacer la mili visitaban con su familia la ciudad, les ofrec\u00edan visitas guiadas por la Ciudad Monumental, como se aprecia en esta foto publicada en el diario HOY el <strong>20 de marzo de 1994<\/strong>, en la que se ve a la t\u00e9cnico de Turismo\u00a0<strong>Amparo Fern\u00e1ndez<\/strong> ense\u00f1ando la ciudad a un grupo de reclutas.<\/p>\n<p>&nbsp;<\/p>\n<div id=\"attachment_1356\" style=\"width: 630px\" class=\"wp-caption aligncenter\"><a href=\"\/dicestudemili\/wp-content\/uploads\/sites\/57\/2013\/06\/turismo.jpg\"><img aria-describedby=\"caption-attachment-1356\" loading=\"lazy\" class=\" wp-image-1356  \" title=\"Mostrando el Arco de la Estrella a los reclutas.\" src=\"\/dicestudemili\/wp-content\/uploads\/sites\/57\/2013\/06\/turismo.jpg\" alt=\"Mostrando el Arco de la Estrella a los reclutas.\" width=\"620\" height=\"474\" srcset=\"https:\/\/static-blogs.hoy.es\/wp-content\/uploads\/sites\/57\/2013\/06\/turismo.jpg 765w, https:\/\/static-blogs.hoy.es\/wp-content\/uploads\/sites\/57\/2013\/06\/turismo-300x230.jpg 300w\" sizes=\"(max-width: 620px) 100vw, 620px\" \/><\/a><p id=\"caption-attachment-1356\" class=\"wp-caption-text\">Mostrando el Arco de la Estrella a los reclutas.<\/p><\/div>\n<p>&nbsp;<\/p>\n<p>El<strong> 21 de enero de 1994<\/strong> el rector de la Universidad de Extremadura,<strong> C\u00e9sar Chaparro<\/strong>, y el coronel jefe del CIR, <strong>Pedro Ram\u00edrez Verd\u00fan<\/strong>, firmaban un convenio para que los reclutas universitarios, que eran un 60% del total, se beneficiaran de los servicios de la Universidad.<\/p>\n<div id=\"attachment_1357\" style=\"width: 554px\" class=\"wp-caption alignright\"><a href=\"\/dicestudemili\/wp-content\/uploads\/sites\/57\/2013\/06\/universidad.jpg\"><img aria-describedby=\"caption-attachment-1357\" loading=\"lazy\" class=\" wp-image-1357  \" title=\"Firma del convenio entre el CIR y la Universidad de Extremadura.\" src=\"\/dicestudemili\/wp-content\/uploads\/sites\/57\/2013\/06\/universidad.jpg\" alt=\"Firma del convenio entre el CIR y la Universidad de Extremadura.\" width=\"544\" height=\"386\" srcset=\"https:\/\/static-blogs.hoy.es\/wp-content\/uploads\/sites\/57\/2013\/06\/universidad.jpg 850w, https:\/\/static-blogs.hoy.es\/wp-content\/uploads\/sites\/57\/2013\/06\/universidad-300x213.jpg 300w, https:\/\/static-blogs.hoy.es\/wp-content\/uploads\/sites\/57\/2013\/06\/universidad-768x545.jpg 768w\" sizes=\"(max-width: 544px) 100vw, 544px\" \/><\/a><p id=\"caption-attachment-1357\" class=\"wp-caption-text\">Firma del convenio entre el CIR y la Universidad de Extremadura.<\/p><\/div>\n<p>&nbsp;<\/p>\n<p>&nbsp;<\/p>\n<p>&nbsp;<\/p>\n<p>&nbsp;<\/p>\n<p>&nbsp;<\/p>\n<p>&nbsp;<\/p>\n<p>&nbsp;<\/p>\n<p>&nbsp;<\/p>\n<p>&nbsp;<\/p>\n<p>&nbsp;<\/p>\n<p>&nbsp;<\/p>\n<p>&nbsp;<\/p>\n<p>&nbsp;<\/p>\n<p>&nbsp;<\/p>\n<p>&nbsp;<\/p>\n<p>&nbsp;<\/p>\n<p>Tambi\u00e9n se firm\u00f3 un convenio entre los ministerios de Sanidad y Defensa que afect\u00f3 a C\u00e1ceres, ya que junto con <strong>Huesca<\/strong> y <strong>La Rioja<\/strong>, era una de las tres provincias incluidas en un programa piloto, para que los j\u00f3venes pasaran una revisi\u00f3n m\u00e9dica con su m\u00e9dico de cabecera antes de incorporarse a hacer el servicio militar obligatorio. La medida afectar\u00eda anualmente a 2.500 j\u00f3venes de la provincia de C\u00e1ceres. El <strong>22 de diciembre de 1994<\/strong> presentaban esta novedad, en C\u00e1ceres, el director provincial del Insalud, <strong>Felipe Canillas<\/strong>, y coronel jefe de Reclutamiento,<strong> Juan Mogoll\u00f3n<\/strong>.<\/p>\n<p>&nbsp;<\/p>\n<div id=\"attachment_1358\" style=\"width: 605px\" class=\"wp-caption alignleft\"><a href=\"\/dicestudemili\/wp-content\/uploads\/sites\/57\/2013\/06\/canillas.jpg\"><img aria-describedby=\"caption-attachment-1358\" loading=\"lazy\" class=\"size-full wp-image-1358\" title=\"Noticia publicada en HOY el 23 de diciembre de 1994 sobre la novedad de la revisi\u00f3n a reclutas.\" src=\"\/dicestudemili\/wp-content\/uploads\/sites\/57\/2013\/06\/canillas.jpg\" alt=\"Noticia publicada en HOY el 23 de diciembre de 1994 sobre la novedad de la revisi\u00f3n a reclutas.\" width=\"595\" height=\"448\" srcset=\"https:\/\/static-blogs.hoy.es\/wp-content\/uploads\/sites\/57\/2013\/06\/canillas.jpg 595w, https:\/\/static-blogs.hoy.es\/wp-content\/uploads\/sites\/57\/2013\/06\/canillas-300x226.jpg 300w\" sizes=\"(max-width: 595px) 100vw, 595px\" \/><\/a><p id=\"caption-attachment-1358\" class=\"wp-caption-text\">Noticia publicada en HOY el 23 de diciembre de 1994 sobre la novedad de la revisi\u00f3n a reclutas.<\/p><\/div>\n<p>&nbsp;<\/p>\n<p>&nbsp;<\/p>\n<p>&nbsp;<\/p>\n<p>&nbsp;<\/p>\n<p>&nbsp;<\/p>\n<p>&nbsp;<\/p>\n<p>&nbsp;<\/p>\n<p>&nbsp;<\/p>\n<p>&nbsp;<\/p>\n<p>&nbsp;<\/p>\n<p>&nbsp;<\/p>\n<p>&nbsp;<\/p>\n<p>&nbsp;<\/p>\n<p>&nbsp;<\/p>\n<p>&nbsp;<\/p>\n<p>&nbsp;<\/p>\n<p>&nbsp;<\/p>\n<p>&nbsp;<\/p>\n<p>&nbsp;<\/p>\n<p>Por otra parte, la <strong>Caja de Ahorros de Extremadura<\/strong> firmaba un convenio con el <strong>ministerio de Defensa<\/strong>, por el que la entidad financiera pagaba a Defensa 310 millones de pesetas por el <strong>cuartel de la Constancia<\/strong> de <strong>Plasencia<\/strong> para que este edificio pasara a convertirse en complejo educativo. La Caja daba otros 15 millones de pesetas a Defensa, esperando que se invirtiera en hacer un <strong>museo de armas<\/strong> en el Gobierno Militar de C\u00e1ceres, en el <strong>Palacio de las Cig\u00fce\u00f1as<\/strong>. Museo que no se hizo.<\/p>\n<p>&nbsp;<\/p>\n<p>&nbsp;<\/p>\n<!-- AddThis Advanced Settings generic via filter on the_content --><!-- AddThis Share Buttons generic via filter on the_content -->","protected":false},"excerpt":{"rendered":"<p>&nbsp; Los amigos de lo ajeno ve\u00edan en los miles de j\u00f3venes que todos los a\u00f1os llegaban a C\u00e1ceres a hacer la mili (algunos de ellos a\u00fan con poca experiencia en la vida), un campo abonado en donde lanzar sus semillas y lograr una fuente de ingresos. En este sentido llama la atenci\u00f3n encontrar en [&hellip;]<!-- AddThis Advanced Settings generic via filter on get_the_excerpt --><!-- AddThis Share Buttons generic via filter on get_the_excerpt --><\/p>\n","protected":false},"author":52,"featured_media":0,"comment_status":"open","ping_status":"closed","sticky":false,"template":"","format":"standard","meta":[],"categories":[3],"tags":[72,309,349,400,494,734,865,890,1142],"_links":{"self":[{"href":"https:\/\/blogs.hoy.es\/dicestudemili\/wp-json\/wp\/v2\/posts\/1352"}],"collection":[{"href":"https:\/\/blogs.hoy.es\/dicestudemili\/wp-json\/wp\/v2\/posts"}],"about":[{"href":"https:\/\/blogs.hoy.es\/dicestudemili\/wp-json\/wp\/v2\/types\/post"}],"author":[{"embeddable":true,"href":"https:\/\/blogs.hoy.es\/dicestudemili\/wp-json\/wp\/v2\/users\/52"}],"replies":[{"embeddable":true,"href":"https:\/\/blogs.hoy.es\/dicestudemili\/wp-json\/wp\/v2\/comments?post=1352"}],"version-history":[{"count":0,"href":"https:\/\/blogs.hoy.es\/dicestudemili\/wp-json\/wp\/v2\/posts\/1352\/revisions"}],"wp:attachment":[{"href":"https:\/\/blogs.hoy.es\/dicestudemili\/wp-json\/wp\/v2\/media?parent=1352"}],"wp:term":[{"taxonomy":"category","embeddable":true,"href":"https:\/\/blogs.hoy.es\/dicestudemili\/wp-json\/wp\/v2\/categories?post=1352"},{"taxonomy":"post_tag","embeddable":true,"href":"https:\/\/blogs.hoy.es\/dicestudemili\/wp-json\/wp\/v2\/tags?post=1352"}],"curies":[{"name":"wp","href":"https:\/\/api.w.org\/{rel}","templated":true}]}}