{"id":1361,"date":"2013-06-14T05:15:07","date_gmt":"2013-06-14T05:15:07","guid":{"rendered":"http:\/\/blogs.hoy.es\/dicestudemili\/?p=1361"},"modified":"2013-06-14T05:15:07","modified_gmt":"2013-06-14T05:15:07","slug":"1994-3-la-jura-de-bandera-de-ruiz-mateos-y-el-noveno-de-sus-13-hijos","status":"publish","type":"post","link":"https:\/\/blogs.hoy.es\/dicestudemili\/2013\/06\/14\/1994-3-la-jura-de-bandera-de-ruiz-mateos-y-el-noveno-de-sus-13-hijos\/","title":{"rendered":"1994 (3): La jura de bandera de Ruiz Mateos&#8230; y el noveno de sus 13 hijos"},"content":{"rendered":"<div id=\"attachment_1363\" style=\"width: 698px\" class=\"wp-caption aligncenter\"><a href=\"\/dicestudemili\/wp-content\/uploads\/sites\/57\/2013\/06\/ruiz-mateos1.jpg\"><img aria-describedby=\"caption-attachment-1363\" loading=\"lazy\" class=\" wp-image-1363 \" title=\"Fotograf\u00eda de M\u00fa\u00f1ez de la Jura de Bandera del empresario Jos\u00e9 Mar\u00eda Ruiz Mateos.\" src=\"\/dicestudemili\/wp-content\/uploads\/sites\/57\/2013\/06\/ruiz-mateos1.jpg\" alt=\"Fotograf\u00eda de M\u00fa\u00f1ez de la Jura de Bandera del empresario Jos\u00e9 Mar\u00eda Ruiz Mateos.\" width=\"688\" height=\"465\" srcset=\"https:\/\/static-blogs.hoy.es\/wp-content\/uploads\/sites\/57\/2013\/06\/ruiz-mateos1.jpg 764w, https:\/\/static-blogs.hoy.es\/wp-content\/uploads\/sites\/57\/2013\/06\/ruiz-mateos1-300x203.jpg 300w\" sizes=\"(max-width: 688px) 100vw, 688px\" \/><\/a><p id=\"caption-attachment-1363\" class=\"wp-caption-text\">Fotograf\u00eda de M\u00fa\u00f1ez de la Jura de Bandera del empresario Jos\u00e9 Mar\u00eda Ruiz Mateos.<\/p><\/div>\n<p>&nbsp;<\/p>\n<p>El <strong>10 de abril de 1994<\/strong> tuvo lugar en el CIR &#8216;Centro&#8217; de C\u00e1ceres una Jura de Bandera en la que participaron 2.202 reclutas, siendo uno de ellos <strong>Alfonso Ruiz Mateos<\/strong>, el noveno de los 13 hijos del empresario andaluz\u00a0<strong>Jos\u00e9 Mar\u00eda Ruiz Mateos<\/strong>. Otros dos nuevos soldados tambi\u00e9n eran hijos de personas conocidas que acudieron a presenciar el acto militar: el columnista <strong>Alfonso Uss\u00eda<\/strong> y el ex ministro franquista <strong>Licinio de la Fuente<\/strong>, que hab\u00eda sido gobernador civil de C\u00e1ceres.<\/p>\n<p>Entre los 97 civiles que quisieron participar en el acto, desfilando y besando la Bandera, se encontraba el propio Jos\u00e9 Mar\u00eda Ruiz Mateos, que aprovech\u00f3 la visita a Extremadura para realizar varios actos, ya que estaba en campa\u00f1a electoral, al presentarse a las elecciones del <strong>Parlamento Europeo<\/strong> encabezando la lista de la <strong>Agrupaci\u00f3n Ruiz Mateos<\/strong>. El s\u00e1bado, d\u00eda 9 de abril, dio una rueda de prensa en <strong>M\u00e9rida<\/strong> en donde dijo que si era elegido har\u00eda que Espa\u00f1a saliera de la <strong>Uni\u00f3n Europea<\/strong>, &#8220;<em>para evitar la ruina de Espa\u00f1a<\/em>&#8220;. Tambi\u00e9n aprovech\u00f3 para hablar de la situaci\u00f3n del <strong>Rayo Vallecano<\/strong>, equipo de f\u00fatbol que hab\u00eda comprado hac\u00eda tres a\u00f1os, y present\u00f3 un anuncio televisivo de su <strong>flan Dhul<\/strong> que \u00e9l describi\u00f3 as\u00ed: &#8220;<em>Yo estoy vestido de futbolista y me preparo para tirar un penalti; Miguel (Boyer) est\u00e1 de portero y yo tiro y le marco un gol, \u00e9l se lamenta y yo me dirijo a Isabel<\/em>&#8220;. El empresario tambi\u00e9n habl\u00f3 de la expropiaci\u00f3n por el gobierno espa\u00f1ol, el <strong>23 de febrero de 1983<\/strong>, del holding <strong>Rumasa<\/strong> (230 empresas y 65.000 empleados) que fund\u00f3 con sus hermanos.<\/p>\n<p>Ruiz Mateos llegaba a Extremadura cinco a\u00f1os despu\u00e9s del famoso pu\u00f1etazo que le hab\u00eda propinado en un Juzgado de Madrid a <strong>Miguel Boyer<\/strong>, el que fuera ministro de Hacienda cuando le expropiaron alegando el Gobierno que deb\u00eda millones a Hacienda y que Rumasa estaba en bancarrota.<\/p>\n<p>&nbsp;<\/p>\n<div id=\"attachment_1365\" style=\"width: 328px\" class=\"wp-caption alignleft\"><a href=\"\/dicestudemili\/wp-content\/uploads\/sites\/57\/2013\/06\/pablo-y-alfonso-rm.jpg\"><img aria-describedby=\"caption-attachment-1365\" loading=\"lazy\" class=\" wp-image-1365  \" title=\"Alfonso Ruiz Mateos.\" src=\"\/dicestudemili\/wp-content\/uploads\/sites\/57\/2013\/06\/pablo-y-alfonso-rm.jpg\" alt=\"Alfonso Ruiz Mateos.\" width=\"318\" height=\"491\" srcset=\"https:\/\/static-blogs.hoy.es\/wp-content\/uploads\/sites\/57\/2013\/06\/pablo-y-alfonso-rm.jpg 668w, https:\/\/static-blogs.hoy.es\/wp-content\/uploads\/sites\/57\/2013\/06\/pablo-y-alfonso-rm-194x300.jpg 194w, https:\/\/static-blogs.hoy.es\/wp-content\/uploads\/sites\/57\/2013\/06\/pablo-y-alfonso-rm-662x1024.jpg 662w\" sizes=\"(max-width: 318px) 100vw, 318px\" \/><\/a><p id=\"caption-attachment-1365\" class=\"wp-caption-text\">Alfonso Ruiz Mateos.<\/p><\/div>\n<p>Despu\u00e9s de la rueda de prensa en M\u00e9rida, acudi\u00f3 a una localidad cercana, a <strong>Esparragalejo<\/strong>, para pujar por el ramo de la Virgen del pueblo, ya que celebraba las fiestas patronales. Hizo dos donaciones para la subasta: un bal\u00f3n de f\u00fatbol firmado por todos los jugadores de El Rayo y \u00e9l mismo, y cuatro kilos de<strong> bombones Trapa<\/strong>, empresa de su propiedad.<\/p>\n<p>Al d\u00eda siguiente, domingo, ya fue a C\u00e1ceres a participar en la Jura de Bandera junto a su hijo Alfonso que entonces ten\u00eda 25 a\u00f1os.<\/p>\n<p>Con el tiempo, despu\u00e9s de varias condenas que le llevaron a la c\u00e1rcel, Jos\u00e9 Mar\u00eda Ruiz Mateos fund\u00f3 otro holdin llamado <strong>Nueva Rumasa<\/strong> que lleg\u00f3 a tener 16.000 empleados, hasta que tambi\u00e9n el barco empresarial se fue a pique. En <strong>enero de 2012<\/strong> el empresario fue acusado de cometer una supuesta estafa de m\u00e1s de 7 millones de euros. Jos\u00e9 Mar\u00eda Ruiz Mateos, que en la actualidad tiene 82 a\u00f1os y est\u00e1 enfermo de p\u00e1rkinson, se enfrenta a nuevos juicios por su manera de hacer negocios, tambi\u00e9n se sentar\u00e1 en el banquillo su hijo Alfonso, ya que era director general y secretario del consejo de Nueva Rumasa.<\/p>\n<p>&nbsp;<\/p>\n<p>&nbsp;<\/p>\n<p>&nbsp;<\/p>\n<p>&nbsp;<\/p>\n<p>&nbsp;<\/p>\n<p>&nbsp;<\/p>\n<p><span style=\"font-size: 13px;\">El spot publicitario que anunci\u00f3 Ruiz Mateos en Extremadura, no tiene desperdicio. Se puede ver en el siguiente enlace:<\/span><\/p>\n<p><a href=\"http:\/\/www.youtube.com\/watch?v=01nga9yg_Wg\">http:\/\/www.youtube.com\/watch?v=01nga9yg_Wg<\/a><\/p>\n<p>&nbsp;<\/p>\n<p>&nbsp;<\/p>\n<!-- AddThis Advanced Settings generic via filter on the_content --><!-- AddThis Share Buttons generic via filter on the_content -->","protected":false},"excerpt":{"rendered":"<p>&nbsp; El 10 de abril de 1994 tuvo lugar en el CIR &#8216;Centro&#8217; de C\u00e1ceres una Jura de Bandera en la que participaron 2.202 reclutas, siendo uno de ellos Alfonso Ruiz Mateos, el noveno de los 13 hijos del empresario andaluz\u00a0Jos\u00e9 Mar\u00eda Ruiz Mateos. Otros dos nuevos soldados tambi\u00e9n eran hijos de personas conocidas que [&hellip;]<!-- AddThis Advanced Settings generic via filter on get_the_excerpt --><!-- AddThis Share Buttons generic via filter on get_the_excerpt --><\/p>\n","protected":false},"author":52,"featured_media":0,"comment_status":"open","ping_status":"closed","sticky":false,"template":"","format":"standard","meta":[],"categories":[3],"tags":[64,65,477,701,765,836,870,964,997],"_links":{"self":[{"href":"https:\/\/blogs.hoy.es\/dicestudemili\/wp-json\/wp\/v2\/posts\/1361"}],"collection":[{"href":"https:\/\/blogs.hoy.es\/dicestudemili\/wp-json\/wp\/v2\/posts"}],"about":[{"href":"https:\/\/blogs.hoy.es\/dicestudemili\/wp-json\/wp\/v2\/types\/post"}],"author":[{"embeddable":true,"href":"https:\/\/blogs.hoy.es\/dicestudemili\/wp-json\/wp\/v2\/users\/52"}],"replies":[{"embeddable":true,"href":"https:\/\/blogs.hoy.es\/dicestudemili\/wp-json\/wp\/v2\/comments?post=1361"}],"version-history":[{"count":0,"href":"https:\/\/blogs.hoy.es\/dicestudemili\/wp-json\/wp\/v2\/posts\/1361\/revisions"}],"wp:attachment":[{"href":"https:\/\/blogs.hoy.es\/dicestudemili\/wp-json\/wp\/v2\/media?parent=1361"}],"wp:term":[{"taxonomy":"category","embeddable":true,"href":"https:\/\/blogs.hoy.es\/dicestudemili\/wp-json\/wp\/v2\/categories?post=1361"},{"taxonomy":"post_tag","embeddable":true,"href":"https:\/\/blogs.hoy.es\/dicestudemili\/wp-json\/wp\/v2\/tags?post=1361"}],"curies":[{"name":"wp","href":"https:\/\/api.w.org\/{rel}","templated":true}]}}