{"id":1369,"date":"2013-06-17T06:41:18","date_gmt":"2013-06-17T06:41:18","guid":{"rendered":"http:\/\/blogs.hoy.es\/dicestudemili\/?p=1369"},"modified":"2013-06-17T06:41:18","modified_gmt":"2013-06-17T06:41:18","slug":"1994-4-los-reclutas-de-caceres-ayudan-a-los-ninos-que-sufren-la-guerra-en-bosnia","status":"publish","type":"post","link":"https:\/\/blogs.hoy.es\/dicestudemili\/2013\/06\/17\/1994-4-los-reclutas-de-caceres-ayudan-a-los-ninos-que-sufren-la-guerra-en-bosnia\/","title":{"rendered":"1994 (4): Los reclutas de C\u00e1ceres ayudan a ni\u00f1os que sufren la guerra en Bosnia"},"content":{"rendered":"<div id=\"attachment_1370\" style=\"width: 687px\" class=\"wp-caption aligncenter\"><a href=\"\/dicestudemili\/wp-content\/uploads\/sites\/57\/2013\/06\/DGL_EUFOR_Bosnia_08_G.jpg\"><img aria-describedby=\"caption-attachment-1370\" loading=\"lazy\" class=\"size-full wp-image-1370\" title=\"Un soldado espa\u00f1ol mira el puente de M\u00f3star, reconstruido tras su destrucci\u00f3n en 1993.\" src=\"\/dicestudemili\/wp-content\/uploads\/sites\/57\/2013\/06\/DGL_EUFOR_Bosnia_08_G.jpg\" alt=\"Un soldado espa\u00f1ol mira el puente de M\u00f3star, reconstruido tras su destrucci\u00f3n en 1993.\" width=\"677\" height=\"423\" srcset=\"https:\/\/static-blogs.hoy.es\/wp-content\/uploads\/sites\/57\/2013\/06\/DGL_EUFOR_Bosnia_08_G.jpg 677w, https:\/\/static-blogs.hoy.es\/wp-content\/uploads\/sites\/57\/2013\/06\/DGL_EUFOR_Bosnia_08_G-300x187.jpg 300w\" sizes=\"(max-width: 677px) 100vw, 677px\" \/><\/a><p id=\"caption-attachment-1370\" class=\"wp-caption-text\">Un soldado espa\u00f1ol mira el puente de M\u00f3star, reconstruido tras su destrucci\u00f3n en 1993.<\/p><\/div>\n<p>&nbsp;<\/p>\n<p>En 1994 fue noticia en varios medios de comunicaci\u00f3n que los reclutas que hac\u00edan el servicio militar en C\u00e1ceres recaudaban dinero para ayudar a los ni\u00f1os que sufr\u00edan la <strong>Guerra de Bosnia<\/strong>. Una guerra que dur\u00f3 tres a\u00f1os, de 1992 a 1995, en lo que qued\u00f3 de la <strong>Yugoslav\u00eda<\/strong> que se desintegr\u00f3 en 1991. Esta guerra origin\u00f3 100.000 muertos, de los que el 65% eran bosnios musulmanes y el 25% serbios.<\/p>\n<p><span style=\"font-size: 13px;\">Las colectas se hac\u00edan al llegar a C\u00e1ceres los j\u00f3venes para hacer el servicio militar. \u00a0En abril de 1994, los 2.600 reclutas que estaban aprendiendo la instrucci\u00f3n militar consiguieron recaudar 1.141.190 pesetas (alrededor de 7.000 euros) que entregaron el <strong>9 de abril de 1994<\/strong> al general jefe de la Regi\u00f3n Centro, <strong>Vicente Cervera Garc\u00eda<\/strong>. El dinero era para los ni\u00f1os de <strong>M\u00f3star<\/strong>, la ciudad bosn\u00eda de 130.000 habitantes que vieron como en 1993 los croatas destru\u00edan su emblem\u00e1tico puente. La noticia de esta entrega fue cubierta por el <strong>Diario HOY<\/strong>, informando de la misma el periodista <strong>Pablo Calvo<\/strong>.<\/span><\/p>\n<p>&nbsp;<\/p>\n<div id=\"attachment_1372\" style=\"width: 622px\" class=\"wp-caption aligncenter\"><a href=\"\/dicestudemili\/wp-content\/uploads\/sites\/57\/2013\/06\/Bosnia.jpg\"><img aria-describedby=\"caption-attachment-1372\" loading=\"lazy\" class=\"size-full wp-image-1372\" title=\"Noticia publicada en HOY el 10 de abril de 1994.\" src=\"\/dicestudemili\/wp-content\/uploads\/sites\/57\/2013\/06\/Bosnia.jpg\" alt=\"Noticia publicada en HOY el 10 de abril de 1994.\" width=\"612\" height=\"468\" srcset=\"https:\/\/static-blogs.hoy.es\/wp-content\/uploads\/sites\/57\/2013\/06\/Bosnia.jpg 612w, https:\/\/static-blogs.hoy.es\/wp-content\/uploads\/sites\/57\/2013\/06\/Bosnia-300x229.jpg 300w\" sizes=\"(max-width: 612px) 100vw, 612px\" \/><\/a><p id=\"caption-attachment-1372\" class=\"wp-caption-text\">Noticia publicada en HOY el 10 de abril de 1994.<\/p><\/div>\n<p>&nbsp;<\/p>\n<p>En el mes de junio otro nuevo reemplazo, el primero de 1994, formado por 2.212 reclutas, don\u00f3 a los ni\u00f1os de M\u00f3star algo m\u00e1s de 6.000 euros (1.041.190 pesetas). Con ese dinero se hicieron lotes de ayuda para los ni\u00f1os de cuatro centros escolares: tres de M\u00f3star y uno de la localidad de <strong>Visici<\/strong>. En cada lote hab\u00eda un televisor, un v\u00eddeo, cintas de v\u00eddeo con pel\u00edculas de dibujos animados y documentales sobre Espa\u00f1a, 1.000 bol\u00edgrafos, 200 l\u00e1pices, 135 gomas de borrar, 2.010 paquetes de sobres y cuartillas, 1.728 rotuladores, 5.200 cuadernos&#8230; Tambi\u00e9n se donaron 200 s\u00e1banas para un hospital de M\u00f3star.<\/p>\n<p>La ciudad de C\u00e1ceres realiz\u00f3 varias campa\u00f1as para ayudar a los ni\u00f1os de esta guerra. Una asociaci\u00f3n formada por cacere\u00f1os lleg\u00f3 a ir a Bosnia en un autob\u00fas para traer a 30 ni\u00f1os que convivieron dos meses con familias de C\u00e1ceres, para evitar que fueran v\u00edctimas de los bombardeos.<\/p>\n<p>Durante 18 a\u00f1os Espa\u00f1a mantuvo una operaci\u00f3n de paz en Bosnia con los <strong>Cascos Azules<\/strong>. 46.000 soldados participaron en esta operaci\u00f3n que ocasion\u00f3 23 muertes.<\/p>\n<p>&nbsp;<\/p>\n<div id=\"attachment_1373\" style=\"width: 593px\" class=\"wp-caption alignright\"><a href=\"\/dicestudemili\/wp-content\/uploads\/sites\/57\/2013\/06\/605900_net_bh4.jpg\"><img aria-describedby=\"caption-attachment-1373\" loading=\"lazy\" class=\"wp-image-1373 \" title=\"Soldados espa\u00f1oles repartiendo ayuda en Bosnia.\" src=\"\/dicestudemili\/wp-content\/uploads\/sites\/57\/2013\/06\/605900_net_bh4.jpg\" alt=\"Soldados espa\u00f1oles repartiendo ayuda en Bosnia.\" width=\"583\" height=\"410\" srcset=\"https:\/\/static-blogs.hoy.es\/wp-content\/uploads\/sites\/57\/2013\/06\/605900_net_bh4.jpg 800w, https:\/\/static-blogs.hoy.es\/wp-content\/uploads\/sites\/57\/2013\/06\/605900_net_bh4-300x211.jpg 300w, https:\/\/static-blogs.hoy.es\/wp-content\/uploads\/sites\/57\/2013\/06\/605900_net_bh4-768x540.jpg 768w\" sizes=\"(max-width: 583px) 100vw, 583px\" \/><\/a><p id=\"caption-attachment-1373\" class=\"wp-caption-text\">Soldados espa\u00f1oles repartiendo ayuda en Bosnia.<\/p><\/div>\n<p>&nbsp;<\/p>\n<p>&nbsp;<\/p>\n<p>&nbsp;<\/p>\n<p>&nbsp;<\/p>\n<p>&nbsp;<\/p>\n<p>&nbsp;<\/p>\n<p>&nbsp;<\/p>\n<p>&nbsp;<\/p>\n<p>&nbsp;<\/p>\n<p>&nbsp;<\/p>\n<p>&nbsp;<\/p>\n<p>&nbsp;<\/p>\n<p>&nbsp;<\/p>\n<p>&nbsp;<\/p>\n<p>&nbsp;<\/p>\n<p>&nbsp;<\/p>\n<p>&nbsp;<\/p>\n<p>Este a\u00f1o los reclutas tambi\u00e9n siguieron donando sangre para Extremadura. El <strong>2 de marzo<\/strong>, por ejemplo, la <strong>Hermandad de Donantes de Sangre de Badajoz<\/strong> acud\u00eda al CIR para llevarse 90 litros de sangre donados por 226 reclutas.<\/p>\n<p>De vez en cuando el Centro de Instrucci\u00f3n recib\u00eda visitas como esta de los alumnos del <strong>colegio p\u00fablico &#8216;Cristo del Humilladero&#8217;<\/strong> de <strong>Torremocha<\/strong>.<\/p>\n<div id=\"attachment_1374\" style=\"width: 622px\" class=\"wp-caption alignleft\"><a href=\"\/dicestudemili\/wp-content\/uploads\/sites\/57\/2013\/06\/Torremocha.jpg\"><img aria-describedby=\"caption-attachment-1374\" loading=\"lazy\" class=\" wp-image-1374 \" title=\"J\u00f3venes de Torremocha en el CIR.\" src=\"\/dicestudemili\/wp-content\/uploads\/sites\/57\/2013\/06\/Torremocha.jpg\" alt=\"J\u00f3venes de Torremocha en el CIR.\" width=\"612\" height=\"472\" srcset=\"https:\/\/static-blogs.hoy.es\/wp-content\/uploads\/sites\/57\/2013\/06\/Torremocha.jpg 765w, https:\/\/static-blogs.hoy.es\/wp-content\/uploads\/sites\/57\/2013\/06\/Torremocha-300x231.jpg 300w\" sizes=\"(max-width: 612px) 100vw, 612px\" \/><\/a><p id=\"caption-attachment-1374\" class=\"wp-caption-text\">J\u00f3venes de Torremocha en el CIR.<\/p><\/div>\n<p>&nbsp;<\/p>\n<p>&nbsp;<\/p>\n<p>&nbsp;<\/p>\n<p>&nbsp;<\/p>\n<p>&nbsp;<\/p>\n<p>&nbsp;<\/p>\n<p>&nbsp;<\/p>\n<p>&nbsp;<\/p>\n<p>&nbsp;<\/p>\n<p>&nbsp;<\/p>\n<p>&nbsp;<\/p>\n<p>&nbsp;<\/p>\n<p>&nbsp;<\/p>\n<p>&nbsp;<\/p>\n<p>&nbsp;<\/p>\n<p>&nbsp;<\/p>\n<p>&nbsp;<\/p>\n<p>&nbsp;<\/p>\n<p>&nbsp;<\/p>\n<p>O esta de discapacitados f\u00edsicos y ps\u00edquicos acogidos en el hogar que los <strong>Hermanos de Cruz Blanca<\/strong> tienen en la ciudad de C\u00e1ceres.<\/p>\n<p>&nbsp;<\/p>\n<div id=\"attachment_1375\" style=\"width: 622px\" class=\"wp-caption alignright\"><a href=\"\/dicestudemili\/wp-content\/uploads\/sites\/57\/2013\/06\/visita.jpg\"><img aria-describedby=\"caption-attachment-1375\" loading=\"lazy\" class=\" wp-image-1375 \" title=\"Visita de acogidos de los Hermanos de Cruz Blanca.\" src=\"\/dicestudemili\/wp-content\/uploads\/sites\/57\/2013\/06\/visita.jpg\" alt=\"Visita de acogidos de los Hermanos de Cruz Blanca.\" width=\"612\" height=\"481\" srcset=\"https:\/\/static-blogs.hoy.es\/wp-content\/uploads\/sites\/57\/2013\/06\/visita.jpg 765w, https:\/\/static-blogs.hoy.es\/wp-content\/uploads\/sites\/57\/2013\/06\/visita-300x236.jpg 300w\" sizes=\"(max-width: 612px) 100vw, 612px\" \/><\/a><p id=\"caption-attachment-1375\" class=\"wp-caption-text\">Visita de acogidos de los Hermanos de Cruz Blanca.<\/p><\/div>\n<p>&nbsp;<\/p>\n<p>&nbsp;<\/p>\n<!-- AddThis Advanced Settings generic via filter on the_content --><!-- AddThis Share Buttons generic via filter on the_content -->","protected":false},"excerpt":{"rendered":"<p>&nbsp; En 1994 fue noticia en varios medios de comunicaci\u00f3n que los reclutas que hac\u00edan el servicio militar en C\u00e1ceres recaudaban dinero para ayudar a los ni\u00f1os que sufr\u00edan la Guerra de Bosnia. Una guerra que dur\u00f3 tres a\u00f1os, de 1992 a 1995, en lo que qued\u00f3 de la Yugoslav\u00eda que se desintegr\u00f3 en 1991. [&hellip;]<!-- AddThis Advanced Settings generic via filter on get_the_excerpt --><!-- AddThis Share Buttons generic via filter on get_the_excerpt --><\/p>\n","protected":false},"author":52,"featured_media":0,"comment_status":"open","ping_status":"closed","sticky":false,"template":"","format":"standard","meta":[],"categories":[3],"tags":[297,334,568,582,591,595,858,884,1152,1183],"_links":{"self":[{"href":"https:\/\/blogs.hoy.es\/dicestudemili\/wp-json\/wp\/v2\/posts\/1369"}],"collection":[{"href":"https:\/\/blogs.hoy.es\/dicestudemili\/wp-json\/wp\/v2\/posts"}],"about":[{"href":"https:\/\/blogs.hoy.es\/dicestudemili\/wp-json\/wp\/v2\/types\/post"}],"author":[{"embeddable":true,"href":"https:\/\/blogs.hoy.es\/dicestudemili\/wp-json\/wp\/v2\/users\/52"}],"replies":[{"embeddable":true,"href":"https:\/\/blogs.hoy.es\/dicestudemili\/wp-json\/wp\/v2\/comments?post=1369"}],"version-history":[{"count":0,"href":"https:\/\/blogs.hoy.es\/dicestudemili\/wp-json\/wp\/v2\/posts\/1369\/revisions"}],"wp:attachment":[{"href":"https:\/\/blogs.hoy.es\/dicestudemili\/wp-json\/wp\/v2\/media?parent=1369"}],"wp:term":[{"taxonomy":"category","embeddable":true,"href":"https:\/\/blogs.hoy.es\/dicestudemili\/wp-json\/wp\/v2\/categories?post=1369"},{"taxonomy":"post_tag","embeddable":true,"href":"https:\/\/blogs.hoy.es\/dicestudemili\/wp-json\/wp\/v2\/tags?post=1369"}],"curies":[{"name":"wp","href":"https:\/\/api.w.org\/{rel}","templated":true}]}}