{"id":1377,"date":"2013-06-19T05:00:48","date_gmt":"2013-06-19T05:00:48","guid":{"rendered":"http:\/\/blogs.hoy.es\/dicestudemili\/?p=1377"},"modified":"2013-06-19T05:00:48","modified_gmt":"2013-06-19T05:00:48","slug":"1994-5-el-negocio-de-los-autobuses-y-el-pase-de-pernocta","status":"publish","type":"post","link":"https:\/\/blogs.hoy.es\/dicestudemili\/2013\/06\/19\/1994-5-el-negocio-de-los-autobuses-y-el-pase-de-pernocta\/","title":{"rendered":"1994 (5): El negocio de los autobuses y el pase de pernocta"},"content":{"rendered":"<div id=\"attachment_1378\" style=\"width: 622px\" class=\"wp-caption alignright\"><a href=\"\/dicestudemili\/wp-content\/uploads\/sites\/57\/2013\/06\/vuses.jpg\"><img aria-describedby=\"caption-attachment-1378\" loading=\"lazy\" class=\" wp-image-1378 \" title=\"Imagen publicada en el Diario HOY de reclutas saliendo del CIR.\" src=\"\/dicestudemili\/wp-content\/uploads\/sites\/57\/2013\/06\/vuses.jpg\" alt=\"Imagen publicada en el Diario HOY de reclutas saliendo del CIR.\" width=\"612\" height=\"439\" srcset=\"https:\/\/static-blogs.hoy.es\/wp-content\/uploads\/sites\/57\/2013\/06\/vuses.jpg 765w, https:\/\/static-blogs.hoy.es\/wp-content\/uploads\/sites\/57\/2013\/06\/vuses-300x215.jpg 300w\" sizes=\"(max-width: 612px) 100vw, 612px\" \/><\/a><p id=\"caption-attachment-1378\" class=\"wp-caption-text\">Imagen publicada en el Diario HOY de reclutas saliendo del CIR.<\/p><\/div>\n<p>&nbsp;<\/p>\n<p>&nbsp;<\/p>\n<p>&nbsp;<\/p>\n<p>&nbsp;<\/p>\n<p>&nbsp;<\/p>\n<p>&nbsp;<\/p>\n<p>&nbsp;<\/p>\n<p>&nbsp;<\/p>\n<p>&nbsp;<\/p>\n<p>&nbsp;<\/p>\n<p>&nbsp;<\/p>\n<p>&nbsp;<\/p>\n<p>&nbsp;<\/p>\n<p>&nbsp;<\/p>\n<p>&nbsp;<\/p>\n<p>&nbsp;<\/p>\n<p>&nbsp;<\/p>\n<p>&nbsp;<\/p>\n<p>Una prueba del negocio que supon\u00eda el CIR para algunos empresarios de C\u00e1ceres, es la creaci\u00f3n en 1994 del servicio de autobuses &#8216;<strong>Mili-C\u00e1ceres<\/strong>&#8216;. Catorce empresas de la provincia, con 20 autobuses, formaron una UTE (Uni\u00f3n Temporal de Empresas) a principios de este a\u00f1o para ofrecer a los reclutas el ir a sus casas los fines de semana. El portavoz de la UTE, <strong>Benjam\u00edn Izquierdo<\/strong>, que tambi\u00e9n era presidente de la <strong>Asociaci\u00f3n de Empresarios del Transporte de Extremadura<\/strong>, calculaba que cada semana los autobuses trasladaban a 1.300 reclutas. El destino de la mayor\u00eda era <strong>Madrid<\/strong>, <strong>Barcelona<\/strong> y <strong>Valencia<\/strong>.<\/p>\n<p>En ese a\u00f1o tambi\u00e9n hubo otra UTE, formada por 16 empresas con 50 autobuses, que realizaba el mismo servicio. La dirig\u00eda la <strong>Asociaci\u00f3n de Transportistas de Servicios Discrecionales de C\u00e1ceres<\/strong>, que presid\u00eda <strong>F\u00e9lix S\u00e1nchez<\/strong>, que se quejaba de que &#8216;Mili-C\u00e1ceres&#8217; les hac\u00eda una competencia desleal, al bajar demasiado los precios.<\/p>\n<p>Los actos de jura de bandera se fueron sucediendo este 1994 en C\u00e1ceres. Las fotograf\u00edas siguientes son las que se publicaron en el Diario HOY en un reportaje sobre la Jura del <strong>10 de julio<\/strong>. Participaron en el acto militar 1.653 j\u00f3venes, y 35 civiles.<\/p>\n<p>&nbsp;<\/p>\n<div id=\"attachment_1380\" style=\"width: 699px\" class=\"wp-caption aligncenter\"><a href=\"\/dicestudemili\/wp-content\/uploads\/sites\/57\/2013\/06\/vjura3.jpg\"><img aria-describedby=\"caption-attachment-1380\" loading=\"lazy\" class=\" wp-image-1380 \" title=\"Fotograf\u00edas de la Jura de Bandera del 10 de julio de 1994.\" src=\"\/dicestudemili\/wp-content\/uploads\/sites\/57\/2013\/06\/vjura3.jpg\" alt=\"Fotograf\u00edas de la Jura de Bandera del 10 de julio de 1994.\" width=\"689\" height=\"292\" srcset=\"https:\/\/static-blogs.hoy.es\/wp-content\/uploads\/sites\/57\/2013\/06\/vjura3.jpg 765w, https:\/\/static-blogs.hoy.es\/wp-content\/uploads\/sites\/57\/2013\/06\/vjura3-300x127.jpg 300w\" sizes=\"(max-width: 689px) 100vw, 689px\" \/><\/a><p id=\"caption-attachment-1380\" class=\"wp-caption-text\">Fotograf\u00edas de la Jura de Bandera del 10 de julio de 1994.<\/p><\/div>\n<p>&nbsp;<\/p>\n<p>En la Jura del <strong>9 de octubre de 1994<\/strong> participaron 1.455 reclutas y 37 civiles.<\/p>\n<p>El <strong>8 de diciembre<\/strong> en el Centro de Instrucci\u00f3n se celebr\u00f3 la festividad de su patrona, <strong>la Inmaculada Concepci\u00f3n<\/strong> asistiendo numerosas autoridades. Aqu\u00ed se se muestran dos im\u00e1genes publicadas en HOY.<\/p>\n<p>&nbsp;<\/p>\n<div id=\"attachment_1381\" style=\"width: 546px\" class=\"wp-caption aligncenter\"><a href=\"\/dicestudemili\/wp-content\/uploads\/sites\/57\/2013\/06\/vjura.jpg\"><img aria-describedby=\"caption-attachment-1381\" loading=\"lazy\" class=\"size-full wp-image-1381\" title=\"Festividad de la Inmaculada en el Campamento Santa Ana.\" src=\"\/dicestudemili\/wp-content\/uploads\/sites\/57\/2013\/06\/vjura.jpg\" alt=\"Festividad de la Inmaculada en el Campamento Santa Ana.\" width=\"536\" height=\"763\" srcset=\"https:\/\/static-blogs.hoy.es\/wp-content\/uploads\/sites\/57\/2013\/06\/vjura.jpg 536w, https:\/\/static-blogs.hoy.es\/wp-content\/uploads\/sites\/57\/2013\/06\/vjura-211x300.jpg 211w\" sizes=\"(max-width: 536px) 100vw, 536px\" \/><\/a><p id=\"caption-attachment-1381\" class=\"wp-caption-text\">Festividad de la Inmaculada en el Campamento Santa Ana en 1994.<\/p><\/div>\n<p>&nbsp;<\/p>\n<p>En la visita que el\u00a0<strong>9 de abril de 1994<\/strong>\u00a0hizo al CIR de C\u00e1ceres\u00a0<strong>Vicente Cervera Garc\u00eda<\/strong>\u00a0como\u00a0<strong>general jefe del Mando Regional Centro<\/strong>, se\u00f1al\u00f3 que la preocupaci\u00f3n que ten\u00eda entonces el Ej\u00e9rcito era lograr, &#8220;<em>que los soldados vivan cada vez mejor, como un padre pretende lo mejor para sus hijos<\/em>&#8220;. Se estaba elaborando por esa fecha un nuevo <strong>Reglamento del Servicio Militar<\/strong> en el que se quer\u00eda fijar un horario \u00fanico para los mandos y la tropa. El general asegur\u00f3 a HOY que, &#8220;<em>la novedad no es excesiva, ya que los soldados que disfrutan del pase pernocta pueden ir a dormir a sus casas y dejar el cuartel a media tarde en cuanto acaban sus funciones en el acuartelamiento<\/em>&#8220;. Coment\u00f3 tambi\u00e9n que en su opini\u00f3n la idea mayoritaria en la sociedad espa\u00f1ola no era que el servicio militar supusiera una p\u00e9rdida de tiempo, &#8220;<em>la gente recuerda con mucho cari\u00f1o su paso por el servicio militar &#8211; coment\u00f3 -, incluso hay quienes vuelven a los sitios donde estuvieron para mostr\u00e1rselo a su familia. Los que no piensan as\u00ed son una minor\u00eda, pero tal vez sea m\u00e1s bulliciosa<\/em>&#8220;.<\/p>\n<p>Vicente Cervera morir\u00eda cuatro a\u00f1os despu\u00e9s en Madrid, el <strong>26 de julio de 1998<\/strong> cuando era teniente general.<\/p>\n<p>&nbsp;<\/p>\n<p>&nbsp;<\/p>\n<p>&nbsp;<\/p>\n<p>&nbsp;<\/p>\n<!-- AddThis Advanced Settings generic via filter on the_content --><!-- AddThis Share Buttons generic via filter on the_content -->","protected":false},"excerpt":{"rendered":"<p>&nbsp; &nbsp; &nbsp; &nbsp; &nbsp; &nbsp; &nbsp; &nbsp; &nbsp; &nbsp; &nbsp; &nbsp; &nbsp; &nbsp; &nbsp; &nbsp; &nbsp; &nbsp; Una prueba del negocio que supon\u00eda el CIR para algunos empresarios de C\u00e1ceres, es la creaci\u00f3n en 1994 del servicio de autobuses &#8216;Mili-C\u00e1ceres&#8216;. Catorce empresas de la provincia, con 20 autobuses, formaron una UTE (Uni\u00f3n Temporal de [&hellip;]<!-- AddThis Advanced Settings generic via filter on get_the_excerpt --><!-- AddThis Share Buttons generic via filter on get_the_excerpt --><\/p>\n","protected":false},"author":52,"featured_media":0,"comment_status":"open","ping_status":"closed","sticky":false,"template":"","format":"standard","meta":[],"categories":[3],"tags":[119,136,502,568,618,843,920],"_links":{"self":[{"href":"https:\/\/blogs.hoy.es\/dicestudemili\/wp-json\/wp\/v2\/posts\/1377"}],"collection":[{"href":"https:\/\/blogs.hoy.es\/dicestudemili\/wp-json\/wp\/v2\/posts"}],"about":[{"href":"https:\/\/blogs.hoy.es\/dicestudemili\/wp-json\/wp\/v2\/types\/post"}],"author":[{"embeddable":true,"href":"https:\/\/blogs.hoy.es\/dicestudemili\/wp-json\/wp\/v2\/users\/52"}],"replies":[{"embeddable":true,"href":"https:\/\/blogs.hoy.es\/dicestudemili\/wp-json\/wp\/v2\/comments?post=1377"}],"version-history":[{"count":0,"href":"https:\/\/blogs.hoy.es\/dicestudemili\/wp-json\/wp\/v2\/posts\/1377\/revisions"}],"wp:attachment":[{"href":"https:\/\/blogs.hoy.es\/dicestudemili\/wp-json\/wp\/v2\/media?parent=1377"}],"wp:term":[{"taxonomy":"category","embeddable":true,"href":"https:\/\/blogs.hoy.es\/dicestudemili\/wp-json\/wp\/v2\/categories?post=1377"},{"taxonomy":"post_tag","embeddable":true,"href":"https:\/\/blogs.hoy.es\/dicestudemili\/wp-json\/wp\/v2\/tags?post=1377"}],"curies":[{"name":"wp","href":"https:\/\/api.w.org\/{rel}","templated":true}]}}