{"id":1383,"date":"2013-06-21T05:08:37","date_gmt":"2013-06-21T05:08:37","guid":{"rendered":"http:\/\/blogs.hoy.es\/dicestudemili\/?p=1383"},"modified":"2013-06-21T05:08:37","modified_gmt":"2013-06-21T05:08:37","slug":"1994-y-6-colas-en-las-cabinas-de-telefono-y-el-comandante-que-asalto-perejil","status":"publish","type":"post","link":"https:\/\/blogs.hoy.es\/dicestudemili\/2013\/06\/21\/1994-y-6-colas-en-las-cabinas-de-telefono-y-el-comandante-que-asalto-perejil\/","title":{"rendered":"1994: Colas para el tel\u00e9fono y el comandante que recuper\u00f3 Perejil"},"content":{"rendered":"<div id=\"attachment_1384\" style=\"width: 665px\" class=\"wp-caption aligncenter\"><a href=\"\/dicestudemili\/wp-content\/uploads\/sites\/57\/2013\/06\/1994-Javier-cifuentes-Barroso.jpg\"><img aria-describedby=\"caption-attachment-1384\" loading=\"lazy\" class=\" wp-image-1384  \" title=\"Fotograf\u00eda publicada en internet por Javier Cifuentes Barroso, recluta en el CIR en 1994.\" src=\"\/dicestudemili\/wp-content\/uploads\/sites\/57\/2013\/06\/1994-Javier-cifuentes-Barroso.jpg\" alt=\"Fotograf\u00eda publicada en internet por Javier Cifuentes Barroso, recluta en el CIR en 1994\" width=\"655\" height=\"403\" srcset=\"https:\/\/static-blogs.hoy.es\/wp-content\/uploads\/sites\/57\/2013\/06\/1994-Javier-cifuentes-Barroso.jpg 1208w, https:\/\/static-blogs.hoy.es\/wp-content\/uploads\/sites\/57\/2013\/06\/1994-Javier-cifuentes-Barroso-300x185.jpg 300w, https:\/\/static-blogs.hoy.es\/wp-content\/uploads\/sites\/57\/2013\/06\/1994-Javier-cifuentes-Barroso-768x473.jpg 768w, https:\/\/static-blogs.hoy.es\/wp-content\/uploads\/sites\/57\/2013\/06\/1994-Javier-cifuentes-Barroso-1024x631.jpg 1024w\" sizes=\"(max-width: 655px) 100vw, 655px\" \/><\/a><p id=\"caption-attachment-1384\" class=\"wp-caption-text\">Fotograf\u00eda publicada en internet por Javier Cifuentes Barroso, recluta en el CIR en 1994.<\/p><\/div>\n<p>&nbsp;<\/p>\n<p>Una de las cosas que desesperaban a m\u00e1s de un recluta en C\u00e1ceres, era el tiempo que perd\u00edan en la cola para llamar por tel\u00e9fono para hablar con la familia o la novia. Para intentar solucionar este problema, en 1994 el<strong> coronel jefe del CIR Centro Pedro Ram\u00edrez Verd\u00fan<\/strong> y el director \u00a0regional de<strong> Telef\u00f3nica, Francisco Marcos Viniegra, <\/strong>firmaron un convenio que favoreci\u00f3 el que se instalaran 30 nuevos tel\u00e9fonos p\u00fablicos modulares en el <strong>Campamento Santa Ana<\/strong>.<\/p>\n<p>Eran iguales a los que se hab\u00edan comenzado a instalar en C\u00e1ceres en 1993 que permit\u00eda el pago mixto: con monedas o tarjeta. Sin embargo, los que se colocaron en el CIR s\u00f3lo permit\u00edan pagar con tarjeta, que ten\u00eda que ser comprada en la<strong> oficina postal del Centro de Instrucci\u00f3n<\/strong>.<\/p>\n<p>Una de las novedades en la infraestructura del Centro en 1994, fue que en el mes de octubre comenz\u00f3 a funcionar una<strong> nueva depuradora de aguas residuales<\/strong>, que funcionaba por el sistema de oxidaci\u00f3n total, que eliminaba todos los contaminantes medioambientales en las aguas residuales.<\/p>\n<p>Fueron muchos los reclutas que pasaron en 1994 por el CIR centro, uno de ellos es <strong>Javier Cifuentes Barroso<\/strong>, que en el grupo de Facebook &#8216;<strong>Yo hice la mili en el CIR de C\u00e1ceres o el Cimov 1<\/strong>&#8216; publica dos fotos con amigos que hizo durante su mili. Una de ellas es la que est\u00e1 sobre estas l\u00edneas, en el exterior del Campamento, y otra es la siguiente en la que se puede ver las camas de una compa\u00f1\u00eda y las taquillas con candado.<\/p>\n<p>&nbsp;<\/p>\n<div id=\"attachment_1386\" style=\"width: 565px\" class=\"wp-caption aligncenter\"><a href=\"\/dicestudemili\/wp-content\/uploads\/sites\/57\/2013\/06\/1994-2\u00aaCIAJavier-Cifuentes-Barroso.jpg\"><img aria-describedby=\"caption-attachment-1386\" loading=\"lazy\" class=\" wp-image-1386  \" title=\"Javier Cifuentes con unos compa\u00f1eros de mili en el pasillo de una compa\u00f1\u00eda, entre las camas y las taquillas.\" src=\"\/dicestudemili\/wp-content\/uploads\/sites\/57\/2013\/06\/1994-2\u00aaCIAJavier-Cifuentes-Barroso.jpg\" alt=\"Javier Cifuentes con unos compa\u00f1eros de mili en el pasillo de una compa\u00f1\u00eda, entre las camas y las taquillas.\" width=\"555\" height=\"738\" srcset=\"https:\/\/static-blogs.hoy.es\/wp-content\/uploads\/sites\/57\/2013\/06\/1994-2\u00aaCIAJavier-Cifuentes-Barroso.jpg 793w, https:\/\/static-blogs.hoy.es\/wp-content\/uploads\/sites\/57\/2013\/06\/1994-2\u00aaCIAJavier-Cifuentes-Barroso-226x300.jpg 226w, https:\/\/static-blogs.hoy.es\/wp-content\/uploads\/sites\/57\/2013\/06\/1994-2\u00aaCIAJavier-Cifuentes-Barroso-768x1020.jpg 768w, https:\/\/static-blogs.hoy.es\/wp-content\/uploads\/sites\/57\/2013\/06\/1994-2\u00aaCIAJavier-Cifuentes-Barroso-771x1024.jpg 771w\" sizes=\"(max-width: 555px) 100vw, 555px\" \/><\/a><p id=\"caption-attachment-1386\" class=\"wp-caption-text\">Javier Cifuentes con unos compa\u00f1eros de mili en el pasillo de una compa\u00f1\u00eda, entre las camas y las taquillas.<\/p><\/div>\n<p>&nbsp;<\/p>\n<p>Javier Cifuentes era del segundo\u00a0reemplazo del 94, 2\u00aa Compa\u00f1\u00eda, 2\u00aa Secci\u00f3n. En el grupo de Facebook en el que ha colgado las fotograf\u00edas hay comentarios de ex reclutas de 1994. Uno de ellos es <strong>Alejandro Moya Hidalgo<\/strong>, que recuerda al <strong>furier Loro<\/strong> y &#8220;<em>esos repartos de correo al <strong>Cuartel Infanta Isabel<\/strong>, al lado de la Plaza de Toros, y esas escapadas a partir de las cinco de la tarde al centro de C\u00e1ceres<\/em>&#8220;. \u00c9l jur\u00f3 bandera el <strong>9 de octubre de 1994<\/strong>.<\/p>\n<p><strong>Agust\u00edn Herraiz Borreguero<\/strong>, del tercer reemplazo de 1994, recuerda que tuvo el n\u00famero 244 en la 3\u00aa Compa\u00f1\u00eda, y que estuvo con el <strong>cabo primero Pajuelo <\/strong>y el<strong> sargento primero Franco<\/strong>.<strong> <\/strong><\/p>\n<p><strong>Roberto Pando Rozada<\/strong>, del primer reemplazo de 1994, indica: &#8220;<em>estuve con el <strong>capit\u00e1n Garc\u00eda Navarro<\/strong>, el <strong>alf\u00e9rez P\u00e1ramo<\/strong>, el <strong>sargento Mateo<\/strong> y el <strong>primero Claros<\/strong>, en la 3\u00aa Secci\u00f3n. \u00a1Sexta y punto! Los que hab\u00e9is estado despu\u00e9s del primer reemplazo de 1994, me gustar\u00eda que me informarais de una cosa: Durante mi destino all\u00ed, un grupo de &#8216;voluntarios&#8217; pintamos a &#8216;sugerencia&#8217; de nuestro<strong> capit\u00e1n (Garc\u00eda Navarro) <\/strong>un gran mural sobre baldosas blancas en tinta negra que representaba a un soldado cayendo en combate y un extracto de la letra del acto a los ca\u00eddos<strong>.<\/strong> Se puso en el interior de lo que entonces era la<strong> 6\u00aa Compa\u00f1\u00eda<\/strong>, en el descansillo de la escalera. La Sexta entonces era la Compa\u00f1\u00eda situada en el patio principal (donde hay cuatro naves y el comedor principal). Concretamente, era la primera nave a la izquierda (mirando al comedor). \u00bfSigue estando ah\u00ed? \u00bfSigue el<strong> tanque T26 (Vickers) <\/strong>en la pista de juras?<\/em>&#8220;.<\/p>\n<p><strong>Javier L\u00f3pez Arias<\/strong>, del segundo reemplazo del 94, 3\u00aa Compa\u00f1\u00eda, 2\u00aa Secci\u00f3n, recuerda que jur\u00f3 bandera, &#8220;<span style=\"font-size: 13px;\"><em>un caluroso 10 de julio y mi destino fue el <strong>Acuartelamiento General Quintana Lacacy<\/strong>, P. M. 11 y en mi primera guardia en Capitan\u00eda volaron por los aires a un general los de ETA<\/em>&#8220;. <\/span><\/p>\n<p><span style=\"font-size: 13px;\">Tambi\u00e9n hace un comentario <strong>Samuel Hern\u00e1ndez Villam\u00f3n<\/strong>, &#8220;<em>y<\/em><\/span><span style=\"font-size: 13px;\"><em>o fui del primer reemplazo del 94, en la 3\u00aa Compa\u00f1\u00eda. Recuerdo al <strong>cabo primero Orencio Pajuelo<\/strong>, que era un cachondo. Luego fui destinado al <strong>CMSA n\u00ba 1<\/strong> en Villaverde (Madrid). \u00a1Qui\u00e9n no recuerda el <strong>milicar<\/strong> o el <strong>milic\u00e1ceres<\/strong> para ir y venir los fines de semana!<\/em>&#8220;.<\/span><\/p>\n<p><strong>Roberto Pando Rozada<\/strong> deja este comentario: &#8220;<em>Soy del primer reemplazo del 94<span style=\"font-size: 13px;\">, 6\u00aa Compa\u00f1\u00eda. Tuvimos de <strong>capit\u00e1n <\/strong>a<strong> Antonio Garc\u00eda Navarro<\/strong>, un tipo muy consecuente y profesional que era <strong>Legionario de Operaciones Especiales<\/strong>. Me lo encontr\u00e9 hace unos a\u00f1os y me entero que&#8230; \u00a1 la criatura <strong>estuvo al frente del Comando que asalt\u00f3 Perejil,<\/strong> ya de comandante!\u00a0<\/span><span style=\"font-size: 13px;\">Luego nos llamaban exageraos porque dec\u00edamos que era como hacer la instrucci\u00f3n con<strong> Rambo<\/strong>, juas.\u00a0<\/span><\/em><span style=\"font-size: 13px;\"><em>Ah, qu\u00e9 tiempos. En el fondo nos lo pasamos teta<\/em>&#8220;.<\/span><\/p>\n<p>&nbsp;<\/p>\n<div id=\"attachment_1387\" style=\"width: 717px\" class=\"wp-caption aligncenter\"><a href=\"\/dicestudemili\/wp-content\/uploads\/sites\/57\/2013\/06\/1994-2\u00ba-reemplazo.jpg\"><img aria-describedby=\"caption-attachment-1387\" loading=\"lazy\" class=\"size-full wp-image-1387\" title=\"Reclutas del segundo reemplazo de 1994.\" src=\"\/dicestudemili\/wp-content\/uploads\/sites\/57\/2013\/06\/1994-2\u00ba-reemplazo.jpg\" alt=\"Reclutas del segundo reemplazo de 1994.\" width=\"707\" height=\"444\" srcset=\"https:\/\/static-blogs.hoy.es\/wp-content\/uploads\/sites\/57\/2013\/06\/1994-2\u00ba-reemplazo.jpg 707w, https:\/\/static-blogs.hoy.es\/wp-content\/uploads\/sites\/57\/2013\/06\/1994-2\u00ba-reemplazo-300x188.jpg 300w\" sizes=\"(max-width: 707px) 100vw, 707px\" \/><\/a><p id=\"caption-attachment-1387\" class=\"wp-caption-text\">Reclutas del segundo reemplazo de 1994.<\/p><\/div>\n<p>&nbsp;<\/p>\n<p>&nbsp;<\/p>\n<p>&nbsp;<\/p>\n<!-- AddThis Advanced Settings generic via filter on the_content --><!-- AddThis Share Buttons generic via filter on the_content -->","protected":false},"excerpt":{"rendered":"<p>&nbsp; Una de las cosas que desesperaban a m\u00e1s de un recluta en C\u00e1ceres, era el tiempo que perd\u00edan en la cola para llamar por tel\u00e9fono para hablar con la familia o la novia. Para intentar solucionar este problema, en 1994 el coronel jefe del CIR Centro Pedro Ram\u00edrez Verd\u00fan y el director \u00a0regional de [&hellip;]<!-- AddThis Advanced Settings generic via filter on get_the_excerpt --><!-- AddThis Share Buttons generic via filter on get_the_excerpt --><\/p>\n","protected":false},"author":52,"featured_media":0,"comment_status":"open","ping_status":"closed","sticky":false,"template":"","format":"standard","meta":[],"categories":[3],"tags":[11,19,40,183,195,223,270,306,330,355,381,532,622,640,643,761,842,906,954,968,970,986,1002,1007,1081,1082],"_links":{"self":[{"href":"https:\/\/blogs.hoy.es\/dicestudemili\/wp-json\/wp\/v2\/posts\/1383"}],"collection":[{"href":"https:\/\/blogs.hoy.es\/dicestudemili\/wp-json\/wp\/v2\/posts"}],"about":[{"href":"https:\/\/blogs.hoy.es\/dicestudemili\/wp-json\/wp\/v2\/types\/post"}],"author":[{"embeddable":true,"href":"https:\/\/blogs.hoy.es\/dicestudemili\/wp-json\/wp\/v2\/users\/52"}],"replies":[{"embeddable":true,"href":"https:\/\/blogs.hoy.es\/dicestudemili\/wp-json\/wp\/v2\/comments?post=1383"}],"version-history":[{"count":0,"href":"https:\/\/blogs.hoy.es\/dicestudemili\/wp-json\/wp\/v2\/posts\/1383\/revisions"}],"wp:attachment":[{"href":"https:\/\/blogs.hoy.es\/dicestudemili\/wp-json\/wp\/v2\/media?parent=1383"}],"wp:term":[{"taxonomy":"category","embeddable":true,"href":"https:\/\/blogs.hoy.es\/dicestudemili\/wp-json\/wp\/v2\/categories?post=1383"},{"taxonomy":"post_tag","embeddable":true,"href":"https:\/\/blogs.hoy.es\/dicestudemili\/wp-json\/wp\/v2\/tags?post=1383"}],"curies":[{"name":"wp","href":"https:\/\/api.w.org\/{rel}","templated":true}]}}