{"id":1388,"date":"2013-06-24T05:29:14","date_gmt":"2013-06-24T05:29:14","guid":{"rendered":"http:\/\/blogs.hoy.es\/dicestudemili\/?p=1388"},"modified":"2013-06-24T05:29:14","modified_gmt":"2013-06-24T05:29:14","slug":"1995-1-el-principe-felipe-primer-miembro-de-la-casa-real-que-preside-una-jura-de-bandera-en-el-cir-de-caceres","status":"publish","type":"post","link":"https:\/\/blogs.hoy.es\/dicestudemili\/2013\/06\/24\/1995-1-el-principe-felipe-primer-miembro-de-la-casa-real-que-preside-una-jura-de-bandera-en-el-cir-de-caceres\/","title":{"rendered":"1995 (1): El Pr\u00edncipe Felipe preside la primera jura de bandera de este a\u00f1o en C\u00e1ceres"},"content":{"rendered":"<div id=\"attachment_1389\" style=\"width: 657px\" class=\"wp-caption aligncenter\"><a href=\"\/dicestudemili\/wp-content\/uploads\/sites\/57\/2013\/06\/pr\u00edncipe.jpg\"><img aria-describedby=\"caption-attachment-1389\" loading=\"lazy\" class=\" wp-image-1389   \" title=\"Dos im\u00e1genes del Pr\u00edncipe en el acto militar de C\u00e1ceres.\" src=\"\/dicestudemili\/wp-content\/uploads\/sites\/57\/2013\/06\/pr\u00edncipe.jpg\" alt=\"Dos im\u00e1genes del Pr\u00edncipe en el acto militar de C\u00e1ceres.\" width=\"647\" height=\"347\" srcset=\"https:\/\/static-blogs.hoy.es\/wp-content\/uploads\/sites\/57\/2013\/06\/pr\u00edncipe.jpg 799w, https:\/\/static-blogs.hoy.es\/wp-content\/uploads\/sites\/57\/2013\/06\/pr\u00edncipe-300x161.jpg 300w, https:\/\/static-blogs.hoy.es\/wp-content\/uploads\/sites\/57\/2013\/06\/pr\u00edncipe-768x411.jpg 768w\" sizes=\"(max-width: 647px) 100vw, 647px\" \/><\/a><p id=\"caption-attachment-1389\" class=\"wp-caption-text\">Dos im\u00e1genes del Pr\u00edncipe en el acto militar de C\u00e1ceres.<\/p><\/div>\n<p>&nbsp;<\/p>\n<p>El Pr\u00edncipe <strong>Felipe de Borb\u00f3n y Grecia<\/strong> presidi\u00f3 el <strong>5 de enero de 1995<\/strong> la primera jura de bandera de ese a\u00f1o en el CIR de C\u00e1ceres, en la que participaron 1.517 reclutas y 22 civiles. Las juras de bandera se realizaban en domingo, pero esta vez tuvo lugar un d\u00eda diario, un jueves, para ser presidida por el Pr\u00edncipe, que acudi\u00f3 vestido con uniforme de <strong>capit\u00e1n de Infanter\u00eda<\/strong>, y con la se\u00f1al de una herida de dos cent\u00edmetros en el labio superior, que seg\u00fan se\u00f1al\u00f3 a HOY un miembro de la Casa Real se deb\u00eda a una ca\u00edda sufrida d\u00edas pasados esquiando.<\/p>\n<p>Despu\u00e9s de llegar a la base militar en un helic\u00f3ptero, tras pasar revista a la tropa presidi\u00f3 el acto en el palco de honor en donde se encontraban, entre otras autoridades: <strong>Juan Carlos Rodr\u00edguez Ibarra<\/strong>, presidente de la Junta de Extremadura; el presidente de la Asamblea de Extremadura,<strong> Antonio V\u00e1zquez<\/strong>; la delegada del Gobierno en Extremadura, <strong>Alicia Izaguirre<\/strong>; el presidente del Tribunal Superior de Justicia (TSJ) en Extremadura, <strong>\u00c1ngel Juanes Peces<\/strong>; el fiscal jefe del TSJ, <strong>Jorge Sena<\/strong>; el gobernador civil de C\u00e1ceres, <strong>Ram\u00f3n Zapatero<\/strong>; el presidente de la Diputaci\u00f3n de C\u00e1ceres, <strong>Manuel Veiga<\/strong>; el rector de la Universidad de Extremadura, <strong>C\u00e9sar Chaparro<\/strong>; el obispo de la di\u00f3cesis de Coria-C\u00e1ceres, <strong>Ciriaco Benavente<\/strong>; y el alcalde de C\u00e1ceres, <strong>Carlos S\u00e1nchez Polo<\/strong>. \u00c9ste \u00faltimo sigui\u00f3 la jura de bandera con especial inter\u00e9s ya que uno de los reclutas que juraron defender a Espa\u00f1a era su hijo mayor.<\/p>\n<p>&nbsp;<\/p>\n<div id=\"attachment_1391\" style=\"width: 672px\" class=\"wp-caption aligncenter\"><a href=\"\/dicestudemili\/wp-content\/uploads\/sites\/57\/2013\/06\/pin.jpg\"><img aria-describedby=\"caption-attachment-1391\" loading=\"lazy\" class=\" wp-image-1391 \" title=\"Noticia de la primera p\u00e1gina del Diario HOY del 6 de enero de 1995.\" src=\"\/dicestudemili\/wp-content\/uploads\/sites\/57\/2013\/06\/pin.jpg\" alt=\"Noticia de la primera p\u00e1gina del Diario HOY del 6 de enero de 1995.\" width=\"662\" height=\"466\" srcset=\"https:\/\/static-blogs.hoy.es\/wp-content\/uploads\/sites\/57\/2013\/06\/pin.jpg 736w, https:\/\/static-blogs.hoy.es\/wp-content\/uploads\/sites\/57\/2013\/06\/pin-300x211.jpg 300w\" sizes=\"(max-width: 662px) 100vw, 662px\" \/><\/a><p id=\"caption-attachment-1391\" class=\"wp-caption-text\">Noticia de la primera p\u00e1gina del Diario HOY del 6 de enero de 1995.<\/p><\/div>\n<p>&nbsp;<\/p>\n<p>Era la primera vez que un miembro de la Casa Real presid\u00eda una jura de bandera en el CIR de C\u00e1ceres, por tal motivo el Pr\u00edncipe descubri\u00f3 una placa que hac\u00eda referencia a este acto. Tras firmar en el <strong>Libro de Honor<\/strong>, fue llevado a ver el peque\u00f1o bel\u00e9n que hab\u00eda en una compa\u00f1\u00eda en donde 20 soldados cantaron un villancico en su presencia.<\/p>\n<p>Hubo un vino de honor al que acudieron varios centenares de invitados, y despu\u00e9s de brindar con ellos por el Rey, el Pr\u00edncipe tom\u00f3 el helic\u00f3ptero de la Casa Real para precisamente comer con su padre y festejar que \u00e9ste cumpl\u00eda 57 a\u00f1os.<\/p>\n<p>Antes de marcharse de C\u00e1ceres pos\u00f3 para est\u00e1 fotograf\u00eda con el presidente de la Junta de Extremadura y los mandos del Centro de Instrucci\u00f3n de C\u00e1ceres. La imagen ha sido cedida a este blog por el Cefot (antiguamente CIR) de C\u00e1ceres.<\/p>\n<p>&nbsp;<\/p>\n<div id=\"attachment_1392\" style=\"width: 890px\" class=\"wp-caption aligncenter\"><a href=\"\/dicestudemili\/wp-content\/uploads\/sites\/57\/2013\/06\/1995.-CACERES.-S.A.R.-EL-PRINCIPE-FELIPE-CON-LAS-AUTORIDADES.jpg\"><img aria-describedby=\"caption-attachment-1392\" loading=\"lazy\" class=\" wp-image-1392  \" title=\"El Pr\u00edncipe Felipe con Rodr\u00edguez Ibarra y mandos del CIR.\" src=\"\/dicestudemili\/wp-content\/uploads\/sites\/57\/2013\/06\/1995.-CACERES.-S.A.R.-EL-PRINCIPE-FELIPE-CON-LAS-AUTORIDADES.jpg\" alt=\"El Pr\u00edncipe Felipe con Rodr\u00edguez Ibarra y mandos del CIR.\" width=\"880\" height=\"521\" srcset=\"https:\/\/static-blogs.hoy.es\/wp-content\/uploads\/sites\/57\/2013\/06\/1995.-CACERES.-S.A.R.-EL-PRINCIPE-FELIPE-CON-LAS-AUTORIDADES.jpg 978w, https:\/\/static-blogs.hoy.es\/wp-content\/uploads\/sites\/57\/2013\/06\/1995.-CACERES.-S.A.R.-EL-PRINCIPE-FELIPE-CON-LAS-AUTORIDADES-300x178.jpg 300w, https:\/\/static-blogs.hoy.es\/wp-content\/uploads\/sites\/57\/2013\/06\/1995.-CACERES.-S.A.R.-EL-PRINCIPE-FELIPE-CON-LAS-AUTORIDADES-768x455.jpg 768w\" sizes=\"(max-width: 880px) 100vw, 880px\" \/><\/a><p id=\"caption-attachment-1392\" class=\"wp-caption-text\">El Pr\u00edncipe Felipe con Rodr\u00edguez Ibarra y mandos del CIR.<\/p><\/div>\n<!-- AddThis Advanced Settings generic via filter on the_content --><!-- AddThis Share Buttons generic via filter on the_content -->","protected":false},"excerpt":{"rendered":"<p>&nbsp; El Pr\u00edncipe Felipe de Borb\u00f3n y Grecia presidi\u00f3 el 5 de enero de 1995 la primera jura de bandera de ese a\u00f1o en el CIR de C\u00e1ceres, en la que participaron 1.517 reclutas y 22 civiles. Las juras de bandera se realizaban en domingo, pero esta vez tuvo lugar un d\u00eda diario, un jueves, [&hellip;]<!-- AddThis Advanced Settings generic via filter on get_the_excerpt --><!-- AddThis Share Buttons generic via filter on get_the_excerpt --><\/p>\n","protected":false},"author":52,"featured_media":0,"comment_status":"open","ping_status":"closed","sticky":false,"template":"","format":"standard","meta":[],"categories":[3],"tags":[70,80,107,284,309,325,668,723,799,938,958],"_links":{"self":[{"href":"https:\/\/blogs.hoy.es\/dicestudemili\/wp-json\/wp\/v2\/posts\/1388"}],"collection":[{"href":"https:\/\/blogs.hoy.es\/dicestudemili\/wp-json\/wp\/v2\/posts"}],"about":[{"href":"https:\/\/blogs.hoy.es\/dicestudemili\/wp-json\/wp\/v2\/types\/post"}],"author":[{"embeddable":true,"href":"https:\/\/blogs.hoy.es\/dicestudemili\/wp-json\/wp\/v2\/users\/52"}],"replies":[{"embeddable":true,"href":"https:\/\/blogs.hoy.es\/dicestudemili\/wp-json\/wp\/v2\/comments?post=1388"}],"version-history":[{"count":0,"href":"https:\/\/blogs.hoy.es\/dicestudemili\/wp-json\/wp\/v2\/posts\/1388\/revisions"}],"wp:attachment":[{"href":"https:\/\/blogs.hoy.es\/dicestudemili\/wp-json\/wp\/v2\/media?parent=1388"}],"wp:term":[{"taxonomy":"category","embeddable":true,"href":"https:\/\/blogs.hoy.es\/dicestudemili\/wp-json\/wp\/v2\/categories?post=1388"},{"taxonomy":"post_tag","embeddable":true,"href":"https:\/\/blogs.hoy.es\/dicestudemili\/wp-json\/wp\/v2\/tags?post=1388"}],"curies":[{"name":"wp","href":"https:\/\/api.w.org\/{rel}","templated":true}]}}