{"id":1395,"date":"2013-06-26T05:33:00","date_gmt":"2013-06-26T05:33:00","guid":{"rendered":"http:\/\/blogs.hoy.es\/dicestudemili\/?p=1395"},"modified":"2013-06-26T05:33:00","modified_gmt":"2013-06-26T05:33:00","slug":"1995-2-caceres-entrega-la-medalla-de-la-ciudad-al-cir","status":"publish","type":"post","link":"https:\/\/blogs.hoy.es\/dicestudemili\/2013\/06\/26\/1995-2-caceres-entrega-la-medalla-de-la-ciudad-al-cir\/","title":{"rendered":"1995 (2): C\u00e1ceres entrega su medalla al CIR"},"content":{"rendered":"<div id=\"attachment_1396\" style=\"width: 699px\" class=\"wp-caption aligncenter\"><a href=\"\/dicestudemili\/wp-content\/uploads\/sites\/57\/2013\/06\/medalla.jpg\"><img aria-describedby=\"caption-attachment-1396\" loading=\"lazy\" class=\" wp-image-1396  \" title=\"Noticia publicada en el Diario HOY el 1 de marzo de 1995.\" src=\"\/dicestudemili\/wp-content\/uploads\/sites\/57\/2013\/06\/medalla.jpg\" alt=\"Noticia publicada en el Diario HOY el 1 de marzo de 1995.\" width=\"689\" height=\"555\" srcset=\"https:\/\/static-blogs.hoy.es\/wp-content\/uploads\/sites\/57\/2013\/06\/medalla.jpg 850w, https:\/\/static-blogs.hoy.es\/wp-content\/uploads\/sites\/57\/2013\/06\/medalla-300x242.jpg 300w, https:\/\/static-blogs.hoy.es\/wp-content\/uploads\/sites\/57\/2013\/06\/medalla-768x620.jpg 768w\" sizes=\"(max-width: 689px) 100vw, 689px\" \/><\/a><p id=\"caption-attachment-1396\" class=\"wp-caption-text\">Noticia publicada en el Diario HOY el 1 de marzo de 1995.<\/p><\/div>\n<p>&nbsp;<\/p>\n<p>Durante el mandato del socialista <strong>Carlos S\u00e1nchez Polo<\/strong> como alcalde de C\u00e1ceres, entreg\u00f3 la medalla de la ciudad al <strong>rey Juan Carlos<\/strong>, a la <strong>Universidad de Extremadura<\/strong> y al <strong>CIR Centro<\/strong> de C\u00e1ceres. La entrega de la Medalla al Centro de Instrucci\u00f3n tuvo lugar el <strong>28 de febrero<\/strong> en el <strong>Campamento Santa Ana<\/strong> ante 2.730 reclutas y mandos del Ej\u00e9rcito, adem\u00e1s de autoridades civiles.<\/p>\n<p>La concesi\u00f3n de la distinci\u00f3n se hab\u00eda acordado en un <strong>Pleno Municipal<\/strong>, &#8220;<em>como reconocimiento y homenaje a los servicios y beneficios que el Centro de Instrucci\u00f3n ha reportado a todos los cacere\u00f1os y a la ciudad de C\u00e1ceres, durante los 30 a\u00f1os de vivencia y convivencia entre sus vecinos y residentes con los soldados<\/em>&#8220;. Carlos S\u00e1nchez Polo asegur\u00f3 en su intervenci\u00f3n que despu\u00e9s de estas tres d\u00e9cadas, &#8220;<em>podr\u00edamos considerar que el CIR ya forma parte esencial y consustancial de la estructura urbana de C\u00e1ceres y de su alma hist\u00f3rica<\/em>&#8220;. Se insist\u00eda en que la presencia del acuartelamiento estaba impulsando el desarrollo econ\u00f3mico general de C\u00e1ceres, &#8220;<em>en particular el de numerosos industriales, comerciantes y establecimientos hosteleros<\/em>&#8220;. Se calculaba que el Centro generaba en la ciudad <strong>unos beneficios de 900.000 euros al a\u00f1o<\/strong>.<\/p>\n<p>Recibi\u00f3 la medalla el coronel jefe del CIR <strong>Pedro Ram\u00edrez Verd\u00fan<\/strong>, que asegur\u00f3 que este galard\u00f3n simbolizaba, &#8220;<em>la permanencia y pertenencia de la Unidad a la ciudad<\/em>&#8220;. Refiri\u00e9ndose a los militares en formaci\u00f3n les dijo, &#8220;<em>desde hoy, queridos soldados, todos somos m\u00e1s cacere\u00f1os. Proclamaremos la hidalgu\u00eda y hombr\u00eda de bien de esta tierra<\/em>&#8220;. El Ayuntamiento entreg\u00f3 una reproducci\u00f3n de la Medalla a los coroneles que estuvieron al mando del CIR en sus 30 a\u00f1os de historia.<\/p>\n<p>La buena sinton\u00eda entre la ciudad y los militares se demostraba en las <strong>jornadas de puertas abiertas<\/strong>, en la que vecinos de la ciudad acced\u00edan a las instalaciones militares. Este a\u00f1o hubo dos jornadas de puertas abiertas. El s\u00e1bado<strong> 3 de junio<\/strong> 300 cacere\u00f1os visitaron el Centro y comieron con los soldados. Pertenec\u00edan a las siete asociaciones vecinales que integraban la <strong>Uniav<\/strong> (Uni\u00f3n de Asociaciones de Vecinos de C\u00e1ceres) que presid\u00eda <strong>Raimundo Medina<\/strong>. La segunda jornada de puertas abiertas fue el <strong>30 de septiembre<\/strong> participando la Uniav y la <strong>Federaci\u00f3n de Asociaciones de Vecinos<\/strong>. Tambi\u00e9n se recib\u00edan visitas de escolares, como la que el 1 de junio hicieron los alumnos del <strong>colegio p\u00fablico Sant\u00edsimo Cristo del Humilladero<\/strong>, de <strong>Torremocha<\/strong>, y del <strong>colegio p\u00fablico Nuestra Se\u00f1ora del Salor<\/strong>, de <strong>Valdesalor<\/strong>.<\/p>\n<p>&nbsp;<\/p>\n<div id=\"attachment_1398\" style=\"width: 418px\" class=\"wp-caption alignleft\"><a href=\"\/dicestudemili\/wp-content\/uploads\/sites\/57\/2013\/06\/torremocha.jpg\"><img aria-describedby=\"caption-attachment-1398\" loading=\"lazy\" class=\" wp-image-1398  \" title=\"Visita de escolares de Torremocha y Valdesalor.\" src=\"\/dicestudemili\/wp-content\/uploads\/sites\/57\/2013\/06\/torremocha.jpg\" alt=\"Visita de escolares de Torremocha y Valdesalor.\" width=\"408\" height=\"288\" srcset=\"https:\/\/static-blogs.hoy.es\/wp-content\/uploads\/sites\/57\/2013\/06\/torremocha.jpg 850w, https:\/\/static-blogs.hoy.es\/wp-content\/uploads\/sites\/57\/2013\/06\/torremocha-300x212.jpg 300w, https:\/\/static-blogs.hoy.es\/wp-content\/uploads\/sites\/57\/2013\/06\/torremocha-768x542.jpg 768w\" sizes=\"(max-width: 408px) 100vw, 408px\" \/><\/a><p id=\"caption-attachment-1398\" class=\"wp-caption-text\">Visita de escolares de Torremocha y Valdesalor.<\/p><\/div>\n<div id=\"attachment_1399\" style=\"width: 438px\" class=\"wp-caption alignright\"><a href=\"\/dicestudemili\/wp-content\/uploads\/sites\/57\/2013\/06\/puertas.jpg\"><img aria-describedby=\"caption-attachment-1399\" loading=\"lazy\" class=\" wp-image-1399   \" title=\"Noticia de la visita de vecinos de C\u00e1ceres al CIR.\" src=\"\/dicestudemili\/wp-content\/uploads\/sites\/57\/2013\/06\/puertas.jpg\" alt=\"Noticia de la visita de vecinos de C\u00e1ceres al CIR.\" width=\"428\" height=\"297\" srcset=\"https:\/\/static-blogs.hoy.es\/wp-content\/uploads\/sites\/57\/2013\/06\/puertas.jpg 992w, https:\/\/static-blogs.hoy.es\/wp-content\/uploads\/sites\/57\/2013\/06\/puertas-300x208.jpg 300w, https:\/\/static-blogs.hoy.es\/wp-content\/uploads\/sites\/57\/2013\/06\/puertas-768x533.jpg 768w\" sizes=\"(max-width: 428px) 100vw, 428px\" \/><\/a><p id=\"caption-attachment-1399\" class=\"wp-caption-text\">Noticia de la visita de vecinos de C\u00e1ceres al CIR.<\/p><\/div>\n<!-- AddThis Advanced Settings generic via filter on the_content --><!-- AddThis Share Buttons generic via filter on the_content -->","protected":false},"excerpt":{"rendered":"<p>&nbsp; Durante el mandato del socialista Carlos S\u00e1nchez Polo como alcalde de C\u00e1ceres, entreg\u00f3 la medalla de la ciudad al rey Juan Carlos, a la Universidad de Extremadura y al CIR Centro de C\u00e1ceres. La entrega de la Medalla al Centro de Instrucci\u00f3n tuvo lugar el 28 de febrero en el Campamento Santa Ana ante [&hellip;]<!-- AddThis Advanced Settings generic via filter on get_the_excerpt --><!-- AddThis Share Buttons generic via filter on get_the_excerpt --><\/p>\n","protected":false},"author":52,"featured_media":0,"comment_status":"open","ping_status":"closed","sticky":false,"template":"","format":"standard","meta":[],"categories":[3],"tags":[284,400,669,953,980,1152,1163,1168],"_links":{"self":[{"href":"https:\/\/blogs.hoy.es\/dicestudemili\/wp-json\/wp\/v2\/posts\/1395"}],"collection":[{"href":"https:\/\/blogs.hoy.es\/dicestudemili\/wp-json\/wp\/v2\/posts"}],"about":[{"href":"https:\/\/blogs.hoy.es\/dicestudemili\/wp-json\/wp\/v2\/types\/post"}],"author":[{"embeddable":true,"href":"https:\/\/blogs.hoy.es\/dicestudemili\/wp-json\/wp\/v2\/users\/52"}],"replies":[{"embeddable":true,"href":"https:\/\/blogs.hoy.es\/dicestudemili\/wp-json\/wp\/v2\/comments?post=1395"}],"version-history":[{"count":0,"href":"https:\/\/blogs.hoy.es\/dicestudemili\/wp-json\/wp\/v2\/posts\/1395\/revisions"}],"wp:attachment":[{"href":"https:\/\/blogs.hoy.es\/dicestudemili\/wp-json\/wp\/v2\/media?parent=1395"}],"wp:term":[{"taxonomy":"category","embeddable":true,"href":"https:\/\/blogs.hoy.es\/dicestudemili\/wp-json\/wp\/v2\/categories?post=1395"},{"taxonomy":"post_tag","embeddable":true,"href":"https:\/\/blogs.hoy.es\/dicestudemili\/wp-json\/wp\/v2\/tags?post=1395"}],"curies":[{"name":"wp","href":"https:\/\/api.w.org\/{rel}","templated":true}]}}