{"id":1403,"date":"2013-06-27T21:28:47","date_gmt":"2013-06-27T21:28:47","guid":{"rendered":"http:\/\/blogs.hoy.es\/dicestudemili\/?p=1403"},"modified":"2013-06-27T21:28:47","modified_gmt":"2013-06-27T21:28:47","slug":"1995-3-el-olimpico-de-oro-juan-carlos-holgado-ensena-a-los-reclutas-a-tirar-con-arco","status":"publish","type":"post","link":"https:\/\/blogs.hoy.es\/dicestudemili\/2013\/06\/27\/1995-3-el-olimpico-de-oro-juan-carlos-holgado-ensena-a-los-reclutas-a-tirar-con-arco\/","title":{"rendered":"1995 (3): El ol\u00edmpico de oro, Juan Carlos Holgado, ense\u00f1a a los reclutas a tirar con arco"},"content":{"rendered":"<div id=\"attachment_1404\" style=\"width: 644px\" class=\"wp-caption aligncenter\"><a href=\"\/dicestudemili\/wp-content\/uploads\/sites\/57\/2013\/06\/holgado-2.jpg\"><img aria-describedby=\"caption-attachment-1404\" loading=\"lazy\" class=\"size-full wp-image-1404\" title=\"Holgado besa la bandera en la Jura del 24 de septiembre de 1995.\" src=\"\/dicestudemili\/wp-content\/uploads\/sites\/57\/2013\/06\/holgado-2.jpg\" alt=\"Holgado besa la bandera en la Jura del 24 de septiembre de 1995.\" width=\"634\" height=\"410\" srcset=\"https:\/\/static-blogs.hoy.es\/wp-content\/uploads\/sites\/57\/2013\/06\/holgado-2.jpg 634w, https:\/\/static-blogs.hoy.es\/wp-content\/uploads\/sites\/57\/2013\/06\/holgado-2-300x194.jpg 300w\" sizes=\"(max-width: 634px) 100vw, 634px\" \/><\/a><p id=\"caption-attachment-1404\" class=\"wp-caption-text\">Holgado besa la bandera en la Jura del 24 de septiembre de 1995.<\/p><\/div>\n<p>&nbsp;<\/p>\n<p>El deportista cacere\u00f1o<strong> Juan Carlos Holgado<\/strong>, medalla de oro en tiro con arco por equipos en los<strong> Juegos Ol\u00edmpicos de Barcelona de 1992<\/strong>, fue uno de los 289 reclutas que juraron fidelidad a la Bandera en el CIR Centro de C\u00e1ceres el <strong>24 de septiembre de 1995<\/strong>. \u00a0El mejor arquero de Extremadura de todos los tiempos hizo el servicio militar con 27 a\u00f1os.<\/p>\n<p>Tras aprender la instrucci\u00f3n militar en C\u00e1ceres, complet\u00f3 en Madrid los seis meses de servicio militar que entonces se fijaba para los deportistas de \u00e9lite. Cumpliendo una promesa que hab\u00eda hecho al coronel jefe del CIR de C\u00e1ceres, <strong>Daniel Oliver Galmes<\/strong>, el <strong>5 de octubre<\/strong> volvi\u00f3 al Campamento Santa Ana de C\u00e1ceres para dar una clase de tiro con arco a los reclutas.<\/p>\n<p>&nbsp;<\/p>\n<div id=\"attachment_1406\" style=\"width: 623px\" class=\"wp-caption aligncenter\"><a href=\"\/dicestudemili\/wp-content\/uploads\/sites\/57\/2013\/06\/holgado2.jpg\"><img aria-describedby=\"caption-attachment-1406\" loading=\"lazy\" class=\"size-full wp-image-1406\" title=\"Noticia de la portada del Diario HOY del 6 de octubre de 1995.\" src=\"\/dicestudemili\/wp-content\/uploads\/sites\/57\/2013\/06\/holgado2.jpg\" alt=\"Noticia de la portada del Diario HOY del 6 de octubre de 1995.\" width=\"613\" height=\"481\" srcset=\"https:\/\/static-blogs.hoy.es\/wp-content\/uploads\/sites\/57\/2013\/06\/holgado2.jpg 613w, https:\/\/static-blogs.hoy.es\/wp-content\/uploads\/sites\/57\/2013\/06\/holgado2-300x235.jpg 300w\" sizes=\"(max-width: 613px) 100vw, 613px\" \/><\/a><p id=\"caption-attachment-1406\" class=\"wp-caption-text\">Noticia publicada en la portada del Diario HOY del 6 de octubre de 1995.<\/p><\/div>\n<p>&nbsp;<\/p>\n<p>De padres extreme\u00f1os, Juan Carlos Holgado naci\u00f3 en la ciudad alemana de <strong>Dierdorf<\/strong> el <strong>16 de abril de 1968<\/strong>. A los 9 a\u00f1os su familia se traslad\u00f3 a C\u00e1ceres en donde comenz\u00f3 a entrenarle en serio su padre <strong>Raimundo Holgado<\/strong>, que fue concejal de C\u00e1ceres por el Partido Popular, junto con <strong>Antonio Bustamante<\/strong>. A los 18 a\u00f1os fue becado para ir a la <strong>residencia Joaqu\u00edn Blume<\/strong> de Madrid como el primer deportista de tiro con arco de la historia de este Centro de Alto Rendimiento Deportivo.<\/p>\n<p>Juan Carlos Holgado fue arquero profesional desde 1989 a 1996, pasando luego a ser entrenador profesional hasta el 2002. En el a\u00f1o 2000 termin\u00f3 la <strong>carrera de Educaci\u00f3n F\u00edsica y Deportes<\/strong>. Desde el a\u00f1o 2002 vive en <strong>Lausanne<\/strong>, en Suiza, en donde es director de eventos de la <strong>Federaci\u00f3n Internacional de Tiro con Arco<\/strong>. En el a\u00f1o 2004 fue uno de los dos espa\u00f1oles que formaron parte del Comit\u00e9 Organizador de las <strong>Olimpiadas de Atenas<\/strong> de 2004.<\/p>\n<p>El ol\u00edmpico de oro suele venir a ver a su familia de C\u00e1ceres todos los a\u00f1os, acompa\u00f1ado por su hijo <strong>Luca<\/strong> que ahora tiene 5 a\u00f1os.<\/p>\n<p>&nbsp;<\/p>\n<div id=\"attachment_1407\" style=\"width: 410px\" class=\"wp-caption aligncenter\"><a href=\"\/dicestudemili\/wp-content\/uploads\/sites\/57\/2013\/06\/holga.jpg\"><img aria-describedby=\"caption-attachment-1407\" loading=\"lazy\" class=\" wp-image-1407 \" title=\"Imagen reciente de Juan Carlos Holgado.\" src=\"\/dicestudemili\/wp-content\/uploads\/sites\/57\/2013\/06\/holga.jpg\" alt=\"Imagen reciente de Juan Carlos Holgado.\" width=\"400\" height=\"563\" srcset=\"https:\/\/static-blogs.hoy.es\/wp-content\/uploads\/sites\/57\/2013\/06\/holga.jpg 500w, https:\/\/static-blogs.hoy.es\/wp-content\/uploads\/sites\/57\/2013\/06\/holga-213x300.jpg 213w\" sizes=\"(max-width: 400px) 100vw, 400px\" \/><\/a><p id=\"caption-attachment-1407\" class=\"wp-caption-text\">Imagen reciente de Juan Carlos Holgado.<\/p><\/div>\n<!-- AddThis Advanced Settings generic via filter on the_content --><!-- AddThis Share Buttons generic via filter on the_content -->","protected":false},"excerpt":{"rendered":"<p>&nbsp; El deportista cacere\u00f1o Juan Carlos Holgado, medalla de oro en tiro con arco por equipos en los Juegos Ol\u00edmpicos de Barcelona de 1992, fue uno de los 289 reclutas que juraron fidelidad a la Bandera en el CIR Centro de C\u00e1ceres el 24 de septiembre de 1995. \u00a0El mejor arquero de Extremadura de todos [&hellip;]<!-- AddThis Advanced Settings generic via filter on get_the_excerpt --><!-- AddThis Share Buttons generic via filter on get_the_excerpt --><\/p>\n","protected":false},"author":52,"featured_media":0,"comment_status":"open","ping_status":"closed","sticky":false,"template":"","format":"standard","meta":[],"categories":[3],"tags":[89,373,721,952],"_links":{"self":[{"href":"https:\/\/blogs.hoy.es\/dicestudemili\/wp-json\/wp\/v2\/posts\/1403"}],"collection":[{"href":"https:\/\/blogs.hoy.es\/dicestudemili\/wp-json\/wp\/v2\/posts"}],"about":[{"href":"https:\/\/blogs.hoy.es\/dicestudemili\/wp-json\/wp\/v2\/types\/post"}],"author":[{"embeddable":true,"href":"https:\/\/blogs.hoy.es\/dicestudemili\/wp-json\/wp\/v2\/users\/52"}],"replies":[{"embeddable":true,"href":"https:\/\/blogs.hoy.es\/dicestudemili\/wp-json\/wp\/v2\/comments?post=1403"}],"version-history":[{"count":0,"href":"https:\/\/blogs.hoy.es\/dicestudemili\/wp-json\/wp\/v2\/posts\/1403\/revisions"}],"wp:attachment":[{"href":"https:\/\/blogs.hoy.es\/dicestudemili\/wp-json\/wp\/v2\/media?parent=1403"}],"wp:term":[{"taxonomy":"category","embeddable":true,"href":"https:\/\/blogs.hoy.es\/dicestudemili\/wp-json\/wp\/v2\/categories?post=1403"},{"taxonomy":"post_tag","embeddable":true,"href":"https:\/\/blogs.hoy.es\/dicestudemili\/wp-json\/wp\/v2\/tags?post=1403"}],"curies":[{"name":"wp","href":"https:\/\/api.w.org\/{rel}","templated":true}]}}