{"id":1409,"date":"2013-07-01T05:24:36","date_gmt":"2013-07-01T05:24:36","guid":{"rendered":"http:\/\/blogs.hoy.es\/dicestudemili\/?p=1409"},"modified":"2013-07-01T05:24:36","modified_gmt":"2013-07-01T05:24:36","slug":"1995-4-cambio-de-mando-y-el-museo-que-no-fue","status":"publish","type":"post","link":"https:\/\/blogs.hoy.es\/dicestudemili\/2013\/07\/01\/1995-4-cambio-de-mando-y-el-museo-que-no-fue\/","title":{"rendered":"1995 (4): Cambio de mando y el museo que no fue"},"content":{"rendered":"<div id=\"attachment_1410\" style=\"width: 663px\" class=\"wp-caption aligncenter\"><a href=\"\/dicestudemili\/wp-content\/uploads\/sites\/57\/2013\/07\/ibarra.jpg\"><img aria-describedby=\"caption-attachment-1410\" loading=\"lazy\" class=\" wp-image-1410  \" title=\"Juan Carlos Rodr\u00edguez Ibarra y el coronel Verd\u00fan.\" src=\"\/dicestudemili\/wp-content\/uploads\/sites\/57\/2013\/07\/ibarra.jpg\" alt=\"Juan Carlos Rodr\u00edguez Ibarra y el coronel Verd\u00fan.\" width=\"653\" height=\"443\" srcset=\"https:\/\/static-blogs.hoy.es\/wp-content\/uploads\/sites\/57\/2013\/07\/ibarra.jpg 908w, https:\/\/static-blogs.hoy.es\/wp-content\/uploads\/sites\/57\/2013\/07\/ibarra-300x203.jpg 300w, https:\/\/static-blogs.hoy.es\/wp-content\/uploads\/sites\/57\/2013\/07\/ibarra-768x520.jpg 768w\" sizes=\"(max-width: 653px) 100vw, 653px\" \/><\/a><p id=\"caption-attachment-1410\" class=\"wp-caption-text\">Juan Carlos Rodr\u00edguez Ibarra y el coronel Verd\u00fan.<\/p><\/div>\n<p>&nbsp;<\/p>\n<p>El <strong>24 de mayo de 1995<\/strong> el coronel jefe del CIR Centro de C\u00e1ceres, <strong>Ram\u00edrez Verd\u00fan<\/strong>, se entrevist\u00f3 con el entonces presidente de la Junta de Extremadura, con <strong>Juan Carlos Rodr\u00edguez Ibarra<\/strong>, para despedirse. Al d\u00eda siguiente, entreg\u00f3 los dos cargos que ten\u00eda hasta esa fecha: entreg\u00f3 el de gobernador militar de C\u00e1ceres al coronel m\u00e1s antiguo de la plaza, es decir, al <strong>coronel Julio Evaristo Pacheco<\/strong>, y cedi\u00f3 su cargo de coronel jefe del CIR al <strong>coronel Daniel Oliver Galmes<\/strong>.<\/p>\n<p>Si Ramirez Verd\u00fan, que ahora pasaba a hacer un curso de ascenso a general, hab\u00eda nacido en <strong>Ceuta<\/strong>; el nuevo coronel jefe, Daniel Oliver, naci\u00f3 en <strong>Larache<\/strong> (Marruecos). Ten\u00eda 52 a\u00f1os cuando tom\u00f3 el mando del CIR.<\/p>\n<p>Desempe\u00f1ando las funciones de su cargo, el coronel Daniel Oliver firm\u00f3 el <strong>23 de noviembre de 1995<\/strong> un convenio anual con <strong>Caja de Extremadura<\/strong>, que presid\u00eda <strong>Jes\u00fas Medina Oca\u00f1a<\/strong>.<\/p>\n<p>En la rueda de prensa que se ofreci\u00f3, Jes\u00fas Medina indic\u00f3 que la entidad financiera hab\u00eda destinado <strong>90.000 euros<\/strong> (15 millones de las antiguas pesetas), para construir un <strong>museo de armas<\/strong> en la planta baja del Gobierno Militar, en el <strong>Palacio de las Cig\u00fce\u00f1as<\/strong>, y para rehabilitar la <strong>ermita de Santa Ana<\/strong> que se encuentra en el interior del Centro de Instrucci\u00f3n y da nombre al acuartelamiento.<\/p>\n<p>&nbsp;<\/p>\n<div id=\"attachment_1412\" style=\"width: 646px\" class=\"wp-caption aligncenter\"><a href=\"\/dicestudemili\/wp-content\/uploads\/sites\/57\/2013\/07\/museo.jpg\"><img aria-describedby=\"caption-attachment-1412\" loading=\"lazy\" class=\"size-full wp-image-1412\" title=\"Noticia publicada en el Diario HOY del 24 de noviembre de 1995.\" src=\"\/dicestudemili\/wp-content\/uploads\/sites\/57\/2013\/07\/museo.jpg\" alt=\"Noticia publicada en el Diario HOY del 24 de noviembre de 1995.\" width=\"636\" height=\"480\" srcset=\"https:\/\/static-blogs.hoy.es\/wp-content\/uploads\/sites\/57\/2013\/07\/museo.jpg 636w, https:\/\/static-blogs.hoy.es\/wp-content\/uploads\/sites\/57\/2013\/07\/museo-300x226.jpg 300w\" sizes=\"(max-width: 636px) 100vw, 636px\" \/><\/a><p id=\"caption-attachment-1412\" class=\"wp-caption-text\">Noticia publicada en el Diario HOY del 24 de noviembre de 1995.<\/p><\/div>\n<p>&nbsp;<\/p>\n<p>En la rueda de prensa, el coronel Daniel Oliver coment\u00f3 que si las obras del futuro museo, en la planta baja del Palacio de las Cig\u00fce\u00f1as, comenzaban a principios del a\u00f1o 1996, seguramente se podr\u00eda abrir el museo de armas a finales de ese a\u00f1o.<\/p>\n<p>La realidad es que el museo a\u00fan no se ha hecho, y las numerosas armas antiguas que hay en el palacio est\u00e1n dispersas y no se encuentran bien catalogadas.<\/p>\n<p>&nbsp;<\/p>\n<div id=\"attachment_1413\" style=\"width: 653px\" class=\"wp-caption aligncenter\"><a href=\"\/dicestudemili\/wp-content\/uploads\/sites\/57\/2013\/07\/Palacio-de-las-Cig\u00fce\u00f1as-080612-8.jpg\"><img aria-describedby=\"caption-attachment-1413\" loading=\"lazy\" class=\"size-full wp-image-1413\" title=\"Interior del Palacio de las Cig\u00fce\u00f1as.\" src=\"\/dicestudemili\/wp-content\/uploads\/sites\/57\/2013\/07\/Palacio-de-las-Cig\u00fce\u00f1as-080612-8.jpg\" alt=\"Interior del Palacio de las Cig\u00fce\u00f1as.\" width=\"643\" height=\"473\" srcset=\"https:\/\/static-blogs.hoy.es\/wp-content\/uploads\/sites\/57\/2013\/07\/Palacio-de-las-Cig\u00fce\u00f1as-080612-8.jpg 643w, https:\/\/static-blogs.hoy.es\/wp-content\/uploads\/sites\/57\/2013\/07\/Palacio-de-las-Cig\u00fce\u00f1as-080612-8-300x221.jpg 300w\" sizes=\"(max-width: 643px) 100vw, 643px\" \/><\/a><p id=\"caption-attachment-1413\" class=\"wp-caption-text\">Interior del Palacio de las Cig\u00fce\u00f1as.<\/p><\/div>\n<p>&nbsp;<\/p>\n<!-- AddThis Advanced Settings generic via filter on the_content --><!-- AddThis Share Buttons generic via filter on the_content -->","protected":false},"excerpt":{"rendered":"<p>&nbsp; El 24 de mayo de 1995 el coronel jefe del CIR Centro de C\u00e1ceres, Ram\u00edrez Verd\u00fan, se entrevist\u00f3 con el entonces presidente de la Junta de Extremadura, con Juan Carlos Rodr\u00edguez Ibarra, para despedirse. Al d\u00eda siguiente, entreg\u00f3 los dos cargos que ten\u00eda hasta esa fecha: entreg\u00f3 el de gobernador militar de C\u00e1ceres al [&hellip;]<!-- AddThis Advanced Settings generic via filter on get_the_excerpt --><!-- AddThis Share Buttons generic via filter on get_the_excerpt --><\/p>\n","protected":false},"author":52,"featured_media":0,"comment_status":"open","ping_status":"closed","sticky":false,"template":"","format":"standard","meta":[],"categories":[3],"tags":[202,373,392,401,470,654,723,865,890],"_links":{"self":[{"href":"https:\/\/blogs.hoy.es\/dicestudemili\/wp-json\/wp\/v2\/posts\/1409"}],"collection":[{"href":"https:\/\/blogs.hoy.es\/dicestudemili\/wp-json\/wp\/v2\/posts"}],"about":[{"href":"https:\/\/blogs.hoy.es\/dicestudemili\/wp-json\/wp\/v2\/types\/post"}],"author":[{"embeddable":true,"href":"https:\/\/blogs.hoy.es\/dicestudemili\/wp-json\/wp\/v2\/users\/52"}],"replies":[{"embeddable":true,"href":"https:\/\/blogs.hoy.es\/dicestudemili\/wp-json\/wp\/v2\/comments?post=1409"}],"version-history":[{"count":0,"href":"https:\/\/blogs.hoy.es\/dicestudemili\/wp-json\/wp\/v2\/posts\/1409\/revisions"}],"wp:attachment":[{"href":"https:\/\/blogs.hoy.es\/dicestudemili\/wp-json\/wp\/v2\/media?parent=1409"}],"wp:term":[{"taxonomy":"category","embeddable":true,"href":"https:\/\/blogs.hoy.es\/dicestudemili\/wp-json\/wp\/v2\/categories?post=1409"},{"taxonomy":"post_tag","embeddable":true,"href":"https:\/\/blogs.hoy.es\/dicestudemili\/wp-json\/wp\/v2\/tags?post=1409"}],"curies":[{"name":"wp","href":"https:\/\/api.w.org\/{rel}","templated":true}]}}