{"id":1415,"date":"2013-07-02T21:46:13","date_gmt":"2013-07-02T21:46:13","guid":{"rendered":"http:\/\/blogs.hoy.es\/dicestudemili\/?p=1415"},"modified":"2013-07-02T21:46:13","modified_gmt":"2013-07-02T21:46:13","slug":"1995-5-en-30-anos-por-el-cir-han-pasado-323-129-hombres-solo-el-4-eran-extremenos","status":"publish","type":"post","link":"https:\/\/blogs.hoy.es\/dicestudemili\/2013\/07\/02\/1995-5-en-30-anos-por-el-cir-han-pasado-323-129-hombres-solo-el-4-eran-extremenos\/","title":{"rendered":"1995 (5): En 30 a\u00f1os, por el CIR pasaron 323.129 hombres, s\u00f3lo el 4% eran extreme\u00f1os"},"content":{"rendered":"<div id=\"attachment_1416\" style=\"width: 710px\" class=\"wp-caption aligncenter\"><a href=\"\/dicestudemili\/wp-content\/uploads\/sites\/57\/2013\/07\/1995.jpg\"><img aria-describedby=\"caption-attachment-1416\" loading=\"lazy\" class=\" wp-image-1416  \" title=\"P\u00fablico en una de las cuatro juras de Bandera de este a\u00f1o.\" src=\"\/dicestudemili\/wp-content\/uploads\/sites\/57\/2013\/07\/1995.jpg\" alt=\"P\u00fablico en una de las cuatro juras de Bandera de este a\u00f1o.\" width=\"700\" height=\"460\" srcset=\"https:\/\/static-blogs.hoy.es\/wp-content\/uploads\/sites\/57\/2013\/07\/1995.jpg 972w, https:\/\/static-blogs.hoy.es\/wp-content\/uploads\/sites\/57\/2013\/07\/1995-300x197.jpg 300w, https:\/\/static-blogs.hoy.es\/wp-content\/uploads\/sites\/57\/2013\/07\/1995-768x505.jpg 768w\" sizes=\"(max-width: 700px) 100vw, 700px\" \/><\/a><p id=\"caption-attachment-1416\" class=\"wp-caption-text\">P\u00fablico en una de las cuatro juras de Bandera de este a\u00f1o.<\/p><\/div>\n<p>&nbsp;<\/p>\n<p>En el a\u00f1o 1995 el Centro de Instrucci\u00f3n de Reclutas de C\u00e1ceres hizo balance de sus ya 30 a\u00f1os de existencia. Se ofreci\u00f3 el dato de que en todo ese tiempo hab\u00edan pasado por el <strong>Campamento Santa Ana<\/strong> y por el <strong>Cuartel Infanta Isabel<\/strong> de C\u00e1ceres un total de <strong>323.129 hombres<\/strong>, de los que <strong>12.806 eran extreme\u00f1os<\/strong>; es decir, que el porcentaje de j\u00f3venes extreme\u00f1os era s\u00f3lo de un 3&#8217;96 por ciento.<\/p>\n<p>En 1995 hubo cuatro juras de Bandera en C\u00e1ceres, la m\u00e1s numerosa fue la de enero en la que participaron 2.340 reclutas. La siguiente imagen fue tomada en la que tuvo lugar el domingo <strong>9 de julio<\/strong> en donde se comprob\u00f3 como cada vez eran m\u00e1s los civiles que quer\u00edan participar con los soldados en el acto castrense. Si ese d\u00eda juraron la Bandera 2.006 reclutas, luego lo hicieron 74 civiles.<\/p>\n<p>&nbsp;<\/p>\n<div id=\"attachment_1418\" style=\"width: 646px\" class=\"wp-caption aligncenter\"><a href=\"\/dicestudemili\/wp-content\/uploads\/sites\/57\/2013\/07\/1995HF01G4A1.jpg\"><img aria-describedby=\"caption-attachment-1418\" loading=\"lazy\" class=\"size-full wp-image-1418\" title=\"74 civiles participaron en la Jura del 9 de julio de 1995.\" src=\"\/dicestudemili\/wp-content\/uploads\/sites\/57\/2013\/07\/1995HF01G4A1.jpg\" alt=\"74 civiles participaron en la Jura del 9 de julio de 1995.\" width=\"636\" height=\"404\" srcset=\"https:\/\/static-blogs.hoy.es\/wp-content\/uploads\/sites\/57\/2013\/07\/1995HF01G4A1.jpg 636w, https:\/\/static-blogs.hoy.es\/wp-content\/uploads\/sites\/57\/2013\/07\/1995HF01G4A1-300x191.jpg 300w\" sizes=\"(max-width: 636px) 100vw, 636px\" \/><\/a><p id=\"caption-attachment-1418\" class=\"wp-caption-text\">74 civiles participaron en la Jura del 9 de julio de 1995.<\/p><\/div>\n<p>&nbsp;<\/p>\n<p>En este acto militar se concedieron condecoraciones al m\u00e9rito militar a las siguientes personas: al <strong>coronel Pedro Ram\u00edrez Verd\u00fan<\/strong> (anterior coronel jefe del CIR), al<strong> comandante Jos\u00e9 P\u00e9rez Hermoso<\/strong>, al <strong>teniente coronel Antonio Dom\u00ednguez Valor<\/strong>, al <strong>sargento primero Germ\u00e1n Bonilla<\/strong>, y al <strong>cabo primero Jes\u00fas Hern\u00e1ndez Camis\u00f3n<\/strong>.<\/p>\n<p>Unos 12.000 espectadores acudieron a la Jura del <strong>8 de octubre de 1995<\/strong> en la que participaron 1.787 reclutas y 81 civiles. Durante el acto <strong>Mar\u00eda Teresa Gij\u00f3n Fern\u00e1ndez<\/strong>, madre de uno de los soldados que jur\u00f3 la Bandera, recibi\u00f3 un ramo de flores en representaci\u00f3n de todas las madres.<\/p>\n<p>&nbsp;<\/p>\n<div id=\"attachment_1419\" style=\"width: 674px\" class=\"wp-caption aligncenter\"><a href=\"\/dicestudemili\/wp-content\/uploads\/sites\/57\/2013\/07\/1995-1.jpg\"><img aria-describedby=\"caption-attachment-1419\" loading=\"lazy\" class=\"size-full wp-image-1419\" title=\"Imagen de la Jura del 8 de octubre de 1995.\" src=\"\/dicestudemili\/wp-content\/uploads\/sites\/57\/2013\/07\/1995-1.jpg\" alt=\"Imagen de la Jura del 8 de octubre de 1995.\" width=\"664\" height=\"451\" srcset=\"https:\/\/static-blogs.hoy.es\/wp-content\/uploads\/sites\/57\/2013\/07\/1995-1.jpg 664w, https:\/\/static-blogs.hoy.es\/wp-content\/uploads\/sites\/57\/2013\/07\/1995-1-300x204.jpg 300w\" sizes=\"(max-width: 664px) 100vw, 664px\" \/><\/a><p id=\"caption-attachment-1419\" class=\"wp-caption-text\">Imagen de la Jura del 8 de octubre de 1995.<\/p><\/div>\n<p>&nbsp;<\/p>\n<p>Buscando que los miles de j\u00f3venes que acud\u00edan a C\u00e1ceres de todos los puntos de Espa\u00f1a conocieran mejor los valores culturales de Extremadura, a principios de este a\u00f1o, el <strong>20 de enero de 1995<\/strong>, el entonces coronel jefe del CIR y gobernador militar de C\u00e1ceres, Pedro Ram\u00edrez Verd\u00fan, firm\u00f3 un convenio con el <strong>consejero de Cultura y Patrimonio, Antonio Ventura D\u00edaz<\/strong>. La Consejer\u00eda pon\u00eda a disposici\u00f3n del Centro de Instrucci\u00f3n toda su infraestructura cultural. Entreg\u00f3 fondos bibliogr\u00e1ficos, entre ellos la Gran Encicloped\u00eda de Extremadura. La<strong> Instituci\u00f3n Cultural El Brocense<\/strong>, de la Diputaci\u00f3n de C\u00e1ceres, tambi\u00e9n don\u00f3 libros al CIR este mismo a\u00f1o.<\/p>\n<p>El coronel Ram\u00edrez Verd\u00fan indic\u00f3 que en el CIR Centro <strong>resid\u00edan de manera constante 2.800 personas<\/strong> entre militares destinados en C\u00e1ceres y reclutas. &#8220;<em>Del \u00faltimo reemplazo<\/em> &#8211; coment\u00f3 el coronel en la rueda de prensa -, <em>de 1.700 hombres, 200 ten\u00edan un nivel cultural muy bajo y tuvieron que realizar el graduado escolar, pero 600 eran titulados universitarios. Estas personas necesitan, por tanto, satisfacer sus inquietudes culturales<\/em>&#8220;.<\/p>\n<p>El consejero de Cultura y Patrimonio, Antonio Ventura, destac\u00f3 que <strong>cada a\u00f1o llegaban a C\u00e1ceres una media de 12.000 j\u00f3venes<\/strong> y que no pod\u00edan desaprovechar la oportunidad de ense\u00f1arles la riqueza cultural de Extremadura. Se\u00f1al\u00f3 que muchos eran hijos de emigrantes extreme\u00f1os.<\/p>\n<p>&nbsp;<\/p>\n<div id=\"attachment_1420\" style=\"width: 554px\" class=\"wp-caption aligncenter\"><a href=\"\/dicestudemili\/wp-content\/uploads\/sites\/57\/2013\/07\/1995convenioC.jpg\"><img aria-describedby=\"caption-attachment-1420\" loading=\"lazy\" class=\" wp-image-1420  \" title=\"El consejero de Cultura, Antonio Ventura, y el coronel Ram\u00edrez Verd\u00fan, firmando el convenio.\" src=\"\/dicestudemili\/wp-content\/uploads\/sites\/57\/2013\/07\/1995convenioC.jpg\" alt=\"El consejero de Cultura, Antonio Ventura, y el coronel Ram\u00edrez Verd\u00fan, firmando el convenio.\" width=\"544\" height=\"381\" srcset=\"https:\/\/static-blogs.hoy.es\/wp-content\/uploads\/sites\/57\/2013\/07\/1995convenioC.jpg 850w, https:\/\/static-blogs.hoy.es\/wp-content\/uploads\/sites\/57\/2013\/07\/1995convenioC-300x210.jpg 300w, https:\/\/static-blogs.hoy.es\/wp-content\/uploads\/sites\/57\/2013\/07\/1995convenioC-768x538.jpg 768w\" sizes=\"(max-width: 544px) 100vw, 544px\" \/><\/a><p id=\"caption-attachment-1420\" class=\"wp-caption-text\">El consejero de Cultura, Antonio Ventura, y el coronel Ram\u00edrez Verd\u00fan, firmando el convenio.<\/p><\/div>\n<p>&nbsp;<\/p>\n<!-- AddThis Advanced Settings generic via filter on the_content --><!-- AddThis Share Buttons generic via filter on the_content -->","protected":false},"excerpt":{"rendered":"<p>&nbsp; En el a\u00f1o 1995 el Centro de Instrucci\u00f3n de Reclutas de C\u00e1ceres hizo balance de sus ya 30 a\u00f1os de existencia. Se ofreci\u00f3 el dato de que en todo ese tiempo hab\u00edan pasado por el Campamento Santa Ana y por el Cuartel Infanta Isabel de C\u00e1ceres un total de 323.129 hombres, de los que [&hellip;]<!-- AddThis Advanced Settings generic via filter on get_the_excerpt --><!-- AddThis Share Buttons generic via filter on get_the_excerpt --><\/p>\n","protected":false},"author":52,"featured_media":0,"comment_status":"open","ping_status":"closed","sticky":false,"template":"","format":"standard","meta":[],"categories":[3],"tags":[108,178,345,400,810,1031,1091],"_links":{"self":[{"href":"https:\/\/blogs.hoy.es\/dicestudemili\/wp-json\/wp\/v2\/posts\/1415"}],"collection":[{"href":"https:\/\/blogs.hoy.es\/dicestudemili\/wp-json\/wp\/v2\/posts"}],"about":[{"href":"https:\/\/blogs.hoy.es\/dicestudemili\/wp-json\/wp\/v2\/types\/post"}],"author":[{"embeddable":true,"href":"https:\/\/blogs.hoy.es\/dicestudemili\/wp-json\/wp\/v2\/users\/52"}],"replies":[{"embeddable":true,"href":"https:\/\/blogs.hoy.es\/dicestudemili\/wp-json\/wp\/v2\/comments?post=1415"}],"version-history":[{"count":0,"href":"https:\/\/blogs.hoy.es\/dicestudemili\/wp-json\/wp\/v2\/posts\/1415\/revisions"}],"wp:attachment":[{"href":"https:\/\/blogs.hoy.es\/dicestudemili\/wp-json\/wp\/v2\/media?parent=1415"}],"wp:term":[{"taxonomy":"category","embeddable":true,"href":"https:\/\/blogs.hoy.es\/dicestudemili\/wp-json\/wp\/v2\/categories?post=1415"},{"taxonomy":"post_tag","embeddable":true,"href":"https:\/\/blogs.hoy.es\/dicestudemili\/wp-json\/wp\/v2\/tags?post=1415"}],"curies":[{"name":"wp","href":"https:\/\/api.w.org\/{rel}","templated":true}]}}