{"id":1423,"date":"2013-07-05T05:02:30","date_gmt":"2013-07-05T05:02:30","guid":{"rendered":"http:\/\/blogs.hoy.es\/dicestudemili\/?p=1423"},"modified":"2013-07-05T05:02:30","modified_gmt":"2013-07-05T05:02:30","slug":"1995-y-6-los-reclutas-que-engordaban-y-el-detenido-por-desfilar-de-madrugada-en-caceres","status":"publish","type":"post","link":"https:\/\/blogs.hoy.es\/dicestudemili\/2013\/07\/05\/1995-y-6-los-reclutas-que-engordaban-y-el-detenido-por-desfilar-de-madrugada-en-caceres\/","title":{"rendered":"1995 (y 6): Los reclutas que engordaban y el detenido al &#039;desfilar&#039; de madrugada por C\u00e1ceres"},"content":{"rendered":"<p>&#8220;<strong>Detienen a un recluta que &#8216;desfilaba&#8217; por C\u00e1novas de madrugada<\/strong>&#8220;. Ese era el titular de una noticia publicada en el <strong>Diario HOY<\/strong> el <strong>2 de abril de 1995<\/strong>, en la que se informaba de que a las cuatro de la madrugada del d\u00eda anterior, s\u00e1bado, dos agentes de la Polic\u00eda Local que patrullaban por la zona del Paseo de C\u00e1novas, en el centro de C\u00e1ceres, vieron a un joven que marchaba en solitario marcando el paso, utilizando la zona ajardinada para su particular desfile. Seg\u00fan reflejaron los agentes en el parte de incidencias del d\u00eda, cuando fueron a identificar al joven, seg\u00fan escribieron en el informe, les contest\u00f3, &#8220;<strong>de forma despectiva y chulesca<\/strong>&#8220;. Le llevaron a las dependencias de la Polic\u00eda Local y all\u00ed comprobaron que estaba realizando el periodo de instrucci\u00f3n militar en el CIR, por lo que fue entregado a la <strong>Polic\u00eda Militar<\/strong>.<\/p>\n<p>&nbsp;<\/p>\n<div id=\"attachment_1424\" style=\"width: 291px\" class=\"wp-caption alignright\"><a href=\"\/dicestudemili\/wp-content\/uploads\/sites\/57\/2013\/07\/1995-reclutaC-copia.jpg\"><img aria-describedby=\"caption-attachment-1424\" loading=\"lazy\" class=\" wp-image-1424  \" title=\"Noticia publicada el 2 de abril de 1995.\" src=\"\/dicestudemili\/wp-content\/uploads\/sites\/57\/2013\/07\/1995-reclutaC-copia.jpg\" alt=\"Noticia publicada el 2 de abril de 1995.\" width=\"281\" height=\"342\" srcset=\"https:\/\/static-blogs.hoy.es\/wp-content\/uploads\/sites\/57\/2013\/07\/1995-reclutaC-copia.jpg 574w, https:\/\/static-blogs.hoy.es\/wp-content\/uploads\/sites\/57\/2013\/07\/1995-reclutaC-copia-247x300.jpg 247w\" sizes=\"(max-width: 281px) 100vw, 281px\" \/><\/a><p id=\"caption-attachment-1424\" class=\"wp-caption-text\">Noticia publicada el 2 de abril de 1995.<\/p><\/div>\n<p>Unos d\u00edas despu\u00e9s, el <strong>18 de mayo de 1995<\/strong>, se publicaba otra noticia curiosa. El <strong>servicio de seguridad del CIR<\/strong> sorprendi\u00f3 a dos ladrones de coches. Ocurri\u00f3 a la una de la madrugada del mi\u00e9rcoles 17 de mayo. Varios miembros del servicio de seguridad del Centro de Instrucci\u00f3n dieron el alto a los j\u00f3venes A. C. G. y A. S. B. cuando estaban intentando robar en dos coches estacionados en los <strong>aparcamientos del Campamento Santa Ana<\/strong>, fuera del recinto militar. Hab\u00edan forzado la cerradura de un coche con matr\u00edcula de Madrid y otro de C\u00e1ceres.<\/p>\n<p>Muchos de los que hicieron el servicio militar en C\u00e1ceres recuerdan lo bien o mal que comieron en el Centro de Instrucci\u00f3n seg\u00fan el a\u00f1o que les toc\u00f3. En 1995 parece que el <strong>servicio de Cocina<\/strong> deb\u00eda ser bueno, porque en internet hay comentarios de reclutas de este a\u00f1o que dicen que engordaron. Eso es, por ejemplo, lo que comenta <strong>Albert Vilanova<\/strong> en el grupo de facebook &#8216;<strong>Yo tambi\u00e9n hice la mili en C\u00e1ceres<\/strong>&#8216;, &#8220;<em>estuve los nueve meses en C\u00e1ceres, estaba en Cocina. Hay compa\u00f1eros que adelgazaron durante la mili, yo engord\u00e9<\/em>&#8220;. Era del 4\u00ba reemplazo y estuvo en la 7\u00aa Compa\u00f1\u00eda.<\/p>\n<p>Otro que engord\u00f3 fue <strong>V\u00edctor Manuel Pacheco Luengo<\/strong>, lo dice en el grupo de facebook &#8216;<strong>Yo hice la mili en el CIR de C\u00e1ceres o el Cim\u00f3v n\u00famero 1<\/strong>&#8216;: &#8220;<em>Se com\u00eda bien en el cuartel. Los desayunos, cojonudos. Yo engord\u00e9 5 kilitos<\/em>&#8220;. Es del 2\u00ba reemplazo, estuvo en la 6\u00aa Compa\u00f1\u00eda y en Vigilancia Militar (VM). En este mismo lugar <strong>Juan Antonio P\u00e9rez<\/strong>, indica: &#8220;<span style=\"font-size: 13px;\"><em>Despu\u00e9s de jurar bandera en Enero o febrero del 95, que por cierto vino el <strong>pr\u00edncipe Felipe<\/strong>, me trasladaron a la <strong>prisi\u00f3n de Alcal\u00e1 Meco<\/strong> a vigilar a mi amigo <strong>Antonio Tejero<\/strong> entre otros<\/em>&#8220;. Del tercer reemplazo de este a\u00f1o es <strong>Jos\u00e9 Francisco G\u00f3mez Marco<\/strong>, que pertenec\u00eda a la 2\u00aa Secci\u00f3n, de la 3\u00aa Compa\u00f1\u00eda, que recuerda que estuvo con el <strong>teniente Eusebio Jim\u00e9nez Cabanillas<\/strong>, el <strong>sargento primero Jos\u00e9 Antonio Gast\u00f3n de Iriarte<\/strong>, y el <strong>cabo primero Orencio Pajuelo Mohedano<\/strong>.<\/span><\/p>\n<p><strong>Luis Cansado Tejado<\/strong>, del primer reemplazo de 1995, comenta, &#8220;<em>estuve en la 2\u00aa Compa\u00f1\u00eda con el <strong>cabo primero Palomino<\/strong> (buena gente). Despu\u00e9s de jurar bandera, fui destinado a <strong>Autos<\/strong> con el <strong>brigada Hern\u00e1ndez<\/strong>. Qu\u00e9 buenos tiempos. Echo de menos a algunos compa\u00f1eros de Autos. A ver si alguno ve esto y se pone en contacto<\/em>&#8220;.<\/p>\n<p>En este mismo grupo de facebook se encuentra <strong>Pedro L\u00f3pez de Errazqu\u00edn<\/strong> que comenta: &#8220;<span style=\"font-size: 13px;\"><em>Yo era del tercer reemplazo del 95. Creo recordar que ten\u00edamos un pajarraco como mascota, y nuestra identificaci\u00f3n en el hombro era de color blanco y rojo. Luego fui trasladado a la <strong>F.A.R<\/strong> (Fuerza de Acci\u00f3n R\u00e1pida) en <strong>Madrid<\/strong><\/em>&#8220;. Tambi\u00e9n escribe un comentario <strong>Antonio Velasco<\/strong>, tambi\u00e9n del tercer reemplazo, &#8220;<em>e<\/em><\/span><span style=\"font-size: 13px;\"><em>stuve en la 7\u00aa Compa\u00f1\u00eda. Luego fui destinado a la <strong>UMMSA de Segovia<\/strong>. Yo me acuerdo del <strong>sargento Nogales<\/strong>, el <strong>sargento 1\u00ba Izquierdo<\/strong> y el <strong>cabo 1\u00ba Benavente<\/strong>. Y de las fiestas que nos corr\u00edamos en C\u00e1ceres!!!<\/em>&#8220;<\/span><\/p>\n<p>&nbsp;<\/p>\n<div id=\"attachment_1426\" style=\"width: 673px\" class=\"wp-caption aligncenter\"><a href=\"\/dicestudemili\/wp-content\/uploads\/sites\/57\/2013\/07\/1995-6\u00aaCIAJuan-Ram\u00f3n-Rayo.jpg\"><img aria-describedby=\"caption-attachment-1426\" loading=\"lazy\" class=\" wp-image-1426   \" title=\"Reclutas de la sexta Compa\u00f1\u00eda en 1995.\" src=\"\/dicestudemili\/wp-content\/uploads\/sites\/57\/2013\/07\/1995-6\u00aaCIAJuan-Ram\u00f3n-Rayo.jpg\" alt=\"Reclutas de la sexta Compa\u00f1\u00eda en 1995.\" width=\"663\" height=\"442\" srcset=\"https:\/\/static-blogs.hoy.es\/wp-content\/uploads\/sites\/57\/2013\/07\/1995-6\u00aaCIAJuan-Ram\u00f3n-Rayo.jpg 1095w, https:\/\/static-blogs.hoy.es\/wp-content\/uploads\/sites\/57\/2013\/07\/1995-6\u00aaCIAJuan-Ram\u00f3n-Rayo-300x200.jpg 300w, https:\/\/static-blogs.hoy.es\/wp-content\/uploads\/sites\/57\/2013\/07\/1995-6\u00aaCIAJuan-Ram\u00f3n-Rayo-768x513.jpg 768w, https:\/\/static-blogs.hoy.es\/wp-content\/uploads\/sites\/57\/2013\/07\/1995-6\u00aaCIAJuan-Ram\u00f3n-Rayo-1024x684.jpg 1024w\" sizes=\"(max-width: 663px) 100vw, 663px\" \/><\/a><p id=\"caption-attachment-1426\" class=\"wp-caption-text\">Reclutas de la sexta Compa\u00f1\u00eda en 1995.<\/p><\/div>\n<p>&nbsp;<\/p>\n<p>En el blog &#8216;<strong>Historias de El Pardo<\/strong>&#8216; hay dos comentarios de reclutas de este a\u00f1o. Uno es el siguiente: &#8220;<em><span style=\"font-size: 13px;\">Me llamo <strong>Jos\u00e9 Pag\u00e1n y La Soja<\/strong> del cuarto reemplazo del 95 y estaba en 6\u00aa Compa\u00f1\u00eda. Jur\u00e9 bandera el <strong>6 de Enero de 1996<\/strong>.\u00a0<\/span><\/em><span style=\"font-size: 13px;\"><em>Despu\u00e9s de jurar me destinaron al <strong>Gobierno Militar de Madrid<\/strong><\/em>&#8220;. Otro, apellidado <strong>Cabrera<\/strong> indica, &#8220;<em>h<\/em><\/span><span style=\"font-size: 13px;\"><em>ola, yo tambi\u00e9n estuve batallando por el CIR, en el tercer reemplazo de 1995, en la 1\u00aa Compa\u00f1\u00eda. Luego para <strong>Madrid<\/strong>, a la <strong>PM 14<\/strong>. Buenos recuerdos del CIR y de las fiestecitas que nos pegabamos en C\u00e1ceres jajajajaja. \u00bfAlguien se acuerda del agua de fuego?<\/em>&#8220;.<\/span><\/p>\n<p>&nbsp;<\/p>\n<div id=\"attachment_1427\" style=\"width: 954px\" class=\"wp-caption aligncenter\"><a href=\"\/dicestudemili\/wp-content\/uploads\/sites\/57\/2013\/07\/1995Tercera-compa\u00eda-3\u00ba.jpg\"><img aria-describedby=\"caption-attachment-1427\" loading=\"lazy\" class=\"size-full wp-image-1427\" title=\"Reclutas de la 3\u00aa Compa\u00f1\u00eda que hicieron la mili en C\u00e1ceres en 1995.\" src=\"\/dicestudemili\/wp-content\/uploads\/sites\/57\/2013\/07\/1995Tercera-compa\u00eda-3\u00ba.jpg\" alt=\"Reclutas de la 3\u00aa Compa\u00f1\u00eda que hicieron la mili en C\u00e1ceres en 1995.\" width=\"944\" height=\"452\" srcset=\"https:\/\/static-blogs.hoy.es\/wp-content\/uploads\/sites\/57\/2013\/07\/1995Tercera-compa\u00eda-3\u00ba.jpg 944w, https:\/\/static-blogs.hoy.es\/wp-content\/uploads\/sites\/57\/2013\/07\/1995Tercera-compa\u00eda-3\u00ba-300x144.jpg 300w, https:\/\/static-blogs.hoy.es\/wp-content\/uploads\/sites\/57\/2013\/07\/1995Tercera-compa\u00eda-3\u00ba-768x368.jpg 768w\" sizes=\"(max-width: 944px) 100vw, 944px\" \/><\/a><p id=\"caption-attachment-1427\" class=\"wp-caption-text\">Reclutas de la 3\u00aa Compa\u00f1\u00eda que hicieron la mili en C\u00e1ceres en 1995.<\/p><\/div>\n<!-- AddThis Advanced Settings generic via filter on the_content --><!-- AddThis Share Buttons generic via filter on the_content -->","protected":false},"excerpt":{"rendered":"<p>&#8220;Detienen a un recluta que &#8216;desfilaba&#8217; por C\u00e1novas de madrugada&#8220;. Ese era el titular de una noticia publicada en el Diario HOY el 2 de abril de 1995, en la que se informaba de que a las cuatro de la madrugada del d\u00eda anterior, s\u00e1bado, dos agentes de la Polic\u00eda Local que patrullaban por la [&hellip;]<!-- AddThis Advanced Settings generic via filter on get_the_excerpt --><!-- AddThis Share Buttons generic via filter on get_the_excerpt --><\/p>\n","protected":false},"author":52,"featured_media":0,"comment_status":"open","ping_status":"closed","sticky":false,"template":"","format":"standard","meta":[],"categories":[3],"tags":[31,106,151,175,184,185,192,679,707,717,769,904,929,1028,1032,1033,1178],"_links":{"self":[{"href":"https:\/\/blogs.hoy.es\/dicestudemili\/wp-json\/wp\/v2\/posts\/1423"}],"collection":[{"href":"https:\/\/blogs.hoy.es\/dicestudemili\/wp-json\/wp\/v2\/posts"}],"about":[{"href":"https:\/\/blogs.hoy.es\/dicestudemili\/wp-json\/wp\/v2\/types\/post"}],"author":[{"embeddable":true,"href":"https:\/\/blogs.hoy.es\/dicestudemili\/wp-json\/wp\/v2\/users\/52"}],"replies":[{"embeddable":true,"href":"https:\/\/blogs.hoy.es\/dicestudemili\/wp-json\/wp\/v2\/comments?post=1423"}],"version-history":[{"count":0,"href":"https:\/\/blogs.hoy.es\/dicestudemili\/wp-json\/wp\/v2\/posts\/1423\/revisions"}],"wp:attachment":[{"href":"https:\/\/blogs.hoy.es\/dicestudemili\/wp-json\/wp\/v2\/media?parent=1423"}],"wp:term":[{"taxonomy":"category","embeddable":true,"href":"https:\/\/blogs.hoy.es\/dicestudemili\/wp-json\/wp\/v2\/categories?post=1423"},{"taxonomy":"post_tag","embeddable":true,"href":"https:\/\/blogs.hoy.es\/dicestudemili\/wp-json\/wp\/v2\/tags?post=1423"}],"curies":[{"name":"wp","href":"https:\/\/api.w.org\/{rel}","templated":true}]}}