{"id":1430,"date":"2013-07-08T05:39:53","date_gmt":"2013-07-08T05:39:53","guid":{"rendered":"http:\/\/blogs.hoy.es\/dicestudemili\/?p=1430"},"modified":"2013-07-08T05:39:53","modified_gmt":"2013-07-08T05:39:53","slug":"1996-1-el-rey-preside-la-jura-de-bandera-de-su-sobrino","status":"publish","type":"post","link":"https:\/\/blogs.hoy.es\/dicestudemili\/2013\/07\/08\/1996-1-el-rey-preside-la-jura-de-bandera-de-su-sobrino\/","title":{"rendered":"1996 (1): El Rey preside la jura de bandera de su sobrino"},"content":{"rendered":"<div id=\"attachment_1431\" style=\"width: 649px\" class=\"wp-caption aligncenter\"><a href=\"\/dicestudemili\/wp-content\/uploads\/sites\/57\/2013\/07\/1996rey2.jpg\"><img aria-describedby=\"caption-attachment-1431\" loading=\"lazy\" class=\" wp-image-1431  \" title=\"El Rey en medio de sus dos hermanas, a la izquierda su sobrino Alfonso Zurita..\" src=\"\/dicestudemili\/wp-content\/uploads\/sites\/57\/2013\/07\/1996rey2.jpg\" alt=\"El Rey en medio de sus dos hermanas, a la izquierda su sobrino Alfonso Zurita..\" width=\"639\" height=\"410\" srcset=\"https:\/\/static-blogs.hoy.es\/wp-content\/uploads\/sites\/57\/2013\/07\/1996rey2.jpg 999w, https:\/\/static-blogs.hoy.es\/wp-content\/uploads\/sites\/57\/2013\/07\/1996rey2-300x192.jpg 300w, https:\/\/static-blogs.hoy.es\/wp-content\/uploads\/sites\/57\/2013\/07\/1996rey2-768x492.jpg 768w\" sizes=\"(max-width: 639px) 100vw, 639px\" \/><\/a><p id=\"caption-attachment-1431\" class=\"wp-caption-text\">El Rey en medio de sus dos hermanas, a la izquierda su sobrino Alfonso Zurita.<\/p><\/div>\n<p>&nbsp;<\/p>\n<p>El <strong>7 de julio de 1996<\/strong> el <strong>Rey Juan Carlos<\/strong> presidi\u00f3 por primera vez una jura de bandera en el CIR de C\u00e1ceres. Entre los 2.006 reclutas que prometieron fidelidad a Espa\u00f1a en el Campamento Santa Ana se encontraba su sobrino <strong>Alfonso Juan Carlos Zurita y Borb\u00f3n<\/strong>, hijo de su hermana la<strong> infanta Margarita de Borb\u00f3n<\/strong>, que es invidente de nacimiento.<\/p>\n<p>&nbsp;<\/p>\n<div id=\"attachment_1432\" style=\"width: 563px\" class=\"wp-caption aligncenter\"><a href=\"\/dicestudemili\/wp-content\/uploads\/sites\/57\/2013\/07\/1996julio-zorita-y-Margarita.jpg\"><img aria-describedby=\"caption-attachment-1432\" loading=\"lazy\" class=\" wp-image-1432 \" title=\"El m\u00e9dico Carlos Zorita y la infanta Margarita en la jura de su hijo.\" src=\"\/dicestudemili\/wp-content\/uploads\/sites\/57\/2013\/07\/1996julio-zorita-y-Margarita.jpg\" alt=\"El m\u00e9dico Carlos Zorita y la infanta Margarita en la jura de su hijo.\" width=\"553\" height=\"801\" srcset=\"https:\/\/static-blogs.hoy.es\/wp-content\/uploads\/sites\/57\/2013\/07\/1996julio-zorita-y-Margarita.jpg 691w, https:\/\/static-blogs.hoy.es\/wp-content\/uploads\/sites\/57\/2013\/07\/1996julio-zorita-y-Margarita-207x300.jpg 207w\" sizes=\"(max-width: 553px) 100vw, 553px\" \/><\/a><p id=\"caption-attachment-1432\" class=\"wp-caption-text\">El m\u00e9dico Carlos Zurita y la infanta Margarita en la jura de su hijo.<\/p><\/div>\n<p>&nbsp;<\/p>\n<p>El Rey lleg\u00f3 a C\u00e1ceres a las diez y diez de la ma\u00f1ana en un helic\u00f3ptero que pilot\u00f3 el mismo. Lleg\u00f3 con un ligero retraso (la jura ten\u00eda que comenzar a las 10.00 horas) como consecuencia de la niebla de un d\u00eda algo desapacible. Entre las autoridades que le acompa\u00f1aron en la tribuna se encontraba el presidente de la Junta de Extremadura, <strong>Juan Carlos Rodr\u00edguez Ibarra<\/strong>.<\/p>\n<p>&nbsp;<\/p>\n<div id=\"attachment_1438\" style=\"width: 614px\" class=\"wp-caption aligncenter\"><a href=\"\/dicestudemili\/wp-content\/uploads\/sites\/57\/2013\/07\/sobrino3f.jpg\"><img aria-describedby=\"caption-attachment-1438\" loading=\"lazy\" class=\" wp-image-1438  \" title=\"El Rey Juan Carlos presidiendo la jura de bandera.\" src=\"\/dicestudemili\/wp-content\/uploads\/sites\/57\/2013\/07\/sobrino3f.jpg\" alt=\"El Rey Juan Carlos presidiendo la jura de bandera.\" width=\"604\" height=\"437\" srcset=\"https:\/\/static-blogs.hoy.es\/wp-content\/uploads\/sites\/57\/2013\/07\/sobrino3f.jpg 745w, https:\/\/static-blogs.hoy.es\/wp-content\/uploads\/sites\/57\/2013\/07\/sobrino3f-300x217.jpg 300w\" sizes=\"(max-width: 604px) 100vw, 604px\" \/><\/a><p id=\"caption-attachment-1438\" class=\"wp-caption-text\">El Rey Juan Carlos presidiendo la jura de bandera.<\/p><\/div>\n<p>&nbsp;<\/p>\n<p>El Rey se mostr\u00f3 contento por estar con sus dos hermanas, las infantas Margarita y <strong>Pilar<\/strong>. La infanta Margarita de Borb\u00f3n, nacida en 1939, duquesa de Soria, est\u00e1 casada con el m\u00e9dico <strong>Carlos Emilio Juan Zurita<\/strong> y tiene dos hijos: Alfonso Juan Carlos Zurita y Borb\u00f3n y <strong>Mar\u00eda Sof\u00eda Emilia Zurita y Borb\u00f3n<\/strong>.<\/p>\n<p>&nbsp;<\/p>\n<div id=\"attachment_1434\" style=\"width: 502px\" class=\"wp-caption alignleft\"><a href=\"\/dicestudemili\/wp-content\/uploads\/sites\/57\/2013\/07\/1996alfonsozurita.jpg\"><img aria-describedby=\"caption-attachment-1434\" loading=\"lazy\" class=\"wp-image-1434 \" title=\"Alfonso Zurita jurando la bandera.\" src=\"\/dicestudemili\/wp-content\/uploads\/sites\/57\/2013\/07\/1996alfonsozurita.jpg\" alt=\"Alfonso Zurita jurando la bandera.\" width=\"492\" height=\"761\" srcset=\"https:\/\/static-blogs.hoy.es\/wp-content\/uploads\/sites\/57\/2013\/07\/1996alfonsozurita.jpg 547w, https:\/\/static-blogs.hoy.es\/wp-content\/uploads\/sites\/57\/2013\/07\/1996alfonsozurita-194x300.jpg 194w\" sizes=\"(max-width: 492px) 100vw, 492px\" \/><\/a><p id=\"caption-attachment-1434\" class=\"wp-caption-text\">Alfonso Zurita antes de besar la Bandera.<\/p><\/div>\n<p>&nbsp;<\/p>\n<p>&nbsp;<\/p>\n<div id=\"attachment_1439\" style=\"width: 521px\" class=\"wp-caption alignright\"><a href=\"\/dicestudemili\/wp-content\/uploads\/sites\/57\/2013\/07\/sobrino2f.jpg\"><img aria-describedby=\"caption-attachment-1439\" loading=\"lazy\" class=\" wp-image-1439 \" title=\"Otra imagen del sobrino del Rey en el acto de la Jura.\" src=\"\/dicestudemili\/wp-content\/uploads\/sites\/57\/2013\/07\/sobrino2f.jpg\" alt=\"Otra imagen del sobrino del Rey en el acto de la Jura.\" width=\"511\" height=\"577\" srcset=\"https:\/\/static-blogs.hoy.es\/wp-content\/uploads\/sites\/57\/2013\/07\/sobrino2f.jpg 568w, https:\/\/static-blogs.hoy.es\/wp-content\/uploads\/sites\/57\/2013\/07\/sobrino2f-266x300.jpg 266w\" sizes=\"(max-width: 511px) 100vw, 511px\" \/><\/a><p id=\"caption-attachment-1439\" class=\"wp-caption-text\">Otra imagen del sobrino del Rey en el acto de la Jura.<\/p><\/div>\n<p>&nbsp;<\/p>\n<p>&nbsp;<\/p>\n<p>&nbsp;<\/p>\n<p>&nbsp;<\/p>\n<p>&nbsp;<\/p>\n<p>&nbsp;<\/p>\n<p>&nbsp;<\/p>\n<p>&nbsp;<\/p>\n<p>&nbsp;<\/p>\n<p>&nbsp;<\/p>\n<p>&nbsp;<\/p>\n<p>&nbsp;<\/p>\n<p>&nbsp;<\/p>\n<p>&nbsp;<\/p>\n<p>&nbsp;<\/p>\n<p>&nbsp;<\/p>\n<p>&nbsp;<\/p>\n<p>&nbsp;<\/p>\n<p>&nbsp;<\/p>\n<p>&nbsp;<\/p>\n<p>&nbsp;<\/p>\n<p>&nbsp;<\/p>\n<p>&nbsp;<\/p>\n<p>&nbsp;<\/p>\n<p>&nbsp;<\/p>\n<p>&nbsp;<\/p>\n<p>&nbsp;<\/p>\n<p>&nbsp;<\/p>\n<p>&nbsp;<\/p>\n<p>&nbsp;<\/p>\n<p>&nbsp;<\/p>\n<p>&nbsp;<\/p>\n<p>&nbsp;<\/p>\n<p>&nbsp;<\/p>\n<p>&nbsp;<\/p>\n<p>&nbsp;<\/p>\n<p>&nbsp;<\/p>\n<p>&nbsp;<\/p>\n<p>&nbsp;<\/p>\n<p>&nbsp;<\/p>\n<p>&nbsp;<\/p>\n<p>&nbsp;<\/p>\n<p>&nbsp;<\/p>\n<p>&nbsp;<\/p>\n<p>&nbsp;<\/p>\n<p>&nbsp;<\/p>\n<p>&nbsp;<\/p>\n<p>&nbsp;<\/p>\n<p>&nbsp;<\/p>\n<p>&nbsp;<\/p>\n<p>Alfonso Zurita ten\u00eda 23 a\u00f1os cuando hizo la instrucci\u00f3n militar en C\u00e1ceres. Tras el acto militar coment\u00f3 que durante el mes de estancia en C\u00e1ceres hab\u00eda acudido, en su escaso tiempo libre a los bares de la <strong>Plaza Mayor<\/strong>. El d\u00eda anterior a la Jura hab\u00eda visitado la Ciudad Monumental acompa\u00f1ado con sus padres. Los periodistas le preguntaron si le hab\u00eda resultado duro el periodo de instrucci\u00f3n. Respondi\u00f3 que &#8220;<em>hubo de todo<\/em>&#8220;, subrayando que hab\u00eda observado &#8220;<em>mucha solidaridad entre los compa\u00f1eros<\/em>&#8220;. Tras la jura disfrut\u00f3 de dos semanas de descanso antes de incorporarse a su destino, en la unidad de tropas del Cuartel General del Ej\u00e9rcito, en el <strong>acuartelamiento Quintana Lacacci en Madrid<\/strong>.<\/p>\n<p>&nbsp;<\/p>\n<div id=\"attachment_1440\" style=\"width: 643px\" class=\"wp-caption aligncenter\"><a href=\"\/dicestudemili\/wp-content\/uploads\/sites\/57\/2013\/07\/sobrinof.jpg\"><img aria-describedby=\"caption-attachment-1440\" loading=\"lazy\" class=\" wp-image-1440  \" title=\"El Rey habla con su sobrino tras el acto castrense.\" src=\"\/dicestudemili\/wp-content\/uploads\/sites\/57\/2013\/07\/sobrinof.jpg\" alt=\"El Rey habla con su sobrino tras el acto castrense.\" width=\"633\" height=\"429\" srcset=\"https:\/\/static-blogs.hoy.es\/wp-content\/uploads\/sites\/57\/2013\/07\/sobrinof.jpg 879w, https:\/\/static-blogs.hoy.es\/wp-content\/uploads\/sites\/57\/2013\/07\/sobrinof-300x203.jpg 300w, https:\/\/static-blogs.hoy.es\/wp-content\/uploads\/sites\/57\/2013\/07\/sobrinof-768x521.jpg 768w\" sizes=\"(max-width: 633px) 100vw, 633px\" \/><\/a><p id=\"caption-attachment-1440\" class=\"wp-caption-text\">El Rey habla con su sobrino tras el acto castrense.<\/p><\/div>\n<p>&nbsp;<\/p>\n<p>La siguiente imagen es de Alfonso Zurita, del que se comenta su gran parecido f\u00edsico al Rey Juan Carlos. En la actualidad tiene 40 a\u00f1os, est\u00e1 soltero y vive con su familia. Estudi\u00f3 Ciencias Pol\u00edticas.<\/p>\n<p>&nbsp;<\/p>\n<div id=\"attachment_1435\" style=\"width: 499px\" class=\"wp-caption aligncenter\"><a href=\"\/dicestudemili\/wp-content\/uploads\/sites\/57\/2013\/07\/6805_alfonso-zurita-en-el-36-cumpleanos-de-maria-zurita.jpg\"><img aria-describedby=\"caption-attachment-1435\" loading=\"lazy\" class=\" wp-image-1435 \" title=\"Alfonso Zurita en el a\u00f1o 2011.\" src=\"\/dicestudemili\/wp-content\/uploads\/sites\/57\/2013\/07\/6805_alfonso-zurita-en-el-36-cumpleanos-de-maria-zurita.jpg\" alt=\"Alfonso Zurita en el a\u00f1o 2011.\" width=\"489\" height=\"649\" srcset=\"https:\/\/static-blogs.hoy.es\/wp-content\/uploads\/sites\/57\/2013\/07\/6805_alfonso-zurita-en-el-36-cumpleanos-de-maria-zurita.jpg 543w, https:\/\/static-blogs.hoy.es\/wp-content\/uploads\/sites\/57\/2013\/07\/6805_alfonso-zurita-en-el-36-cumpleanos-de-maria-zurita-226x300.jpg 226w\" sizes=\"(max-width: 489px) 100vw, 489px\" \/><\/a><p id=\"caption-attachment-1435\" class=\"wp-caption-text\">Alfonso Zurita en el a\u00f1o 2011.<\/p><\/div>\n<p>&nbsp;<\/p>\n<!-- AddThis Advanced Settings generic via filter on the_content --><!-- AddThis Share Buttons generic via filter on the_content -->","protected":false},"excerpt":{"rendered":"<p>&nbsp; El 7 de julio de 1996 el Rey Juan Carlos presidi\u00f3 por primera vez una jura de bandera en el CIR de C\u00e1ceres. Entre los 2.006 reclutas que prometieron fidelidad a Espa\u00f1a en el Campamento Santa Ana se encontraba su sobrino Alfonso Juan Carlos Zurita y Borb\u00f3n, hijo de su hermana la infanta Margarita [&hellip;]<!-- AddThis Advanced Settings generic via filter on get_the_excerpt --><!-- AddThis Share Buttons generic via filter on get_the_excerpt --><\/p>\n","protected":false},"author":52,"featured_media":0,"comment_status":"open","ping_status":"closed","sticky":false,"template":"","format":"standard","meta":[],"categories":[3],"tags":[68,276,413,616,617,723,809,980],"_links":{"self":[{"href":"https:\/\/blogs.hoy.es\/dicestudemili\/wp-json\/wp\/v2\/posts\/1430"}],"collection":[{"href":"https:\/\/blogs.hoy.es\/dicestudemili\/wp-json\/wp\/v2\/posts"}],"about":[{"href":"https:\/\/blogs.hoy.es\/dicestudemili\/wp-json\/wp\/v2\/types\/post"}],"author":[{"embeddable":true,"href":"https:\/\/blogs.hoy.es\/dicestudemili\/wp-json\/wp\/v2\/users\/52"}],"replies":[{"embeddable":true,"href":"https:\/\/blogs.hoy.es\/dicestudemili\/wp-json\/wp\/v2\/comments?post=1430"}],"version-history":[{"count":0,"href":"https:\/\/blogs.hoy.es\/dicestudemili\/wp-json\/wp\/v2\/posts\/1430\/revisions"}],"wp:attachment":[{"href":"https:\/\/blogs.hoy.es\/dicestudemili\/wp-json\/wp\/v2\/media?parent=1430"}],"wp:term":[{"taxonomy":"category","embeddable":true,"href":"https:\/\/blogs.hoy.es\/dicestudemili\/wp-json\/wp\/v2\/categories?post=1430"},{"taxonomy":"post_tag","embeddable":true,"href":"https:\/\/blogs.hoy.es\/dicestudemili\/wp-json\/wp\/v2\/tags?post=1430"}],"curies":[{"name":"wp","href":"https:\/\/api.w.org\/{rel}","templated":true}]}}