{"id":1442,"date":"2013-07-10T05:40:08","date_gmt":"2013-07-10T05:40:08","guid":{"rendered":"http:\/\/blogs.hoy.es\/dicestudemili\/?p=1442"},"modified":"2013-07-10T05:40:08","modified_gmt":"2013-07-10T05:40:08","slug":"1996-2-teniente-general-cervera-mejoramos-el-cir-pero-nunca-estaran-como-en-casa","status":"publish","type":"post","link":"https:\/\/blogs.hoy.es\/dicestudemili\/2013\/07\/10\/1996-2-teniente-general-cervera-mejoramos-el-cir-pero-nunca-estaran-como-en-casa\/","title":{"rendered":"1996 (2): Teniente general Cervera, &#8220;mejoramos el CIR, pero nunca estar\u00e1n como en casa&#8221;"},"content":{"rendered":"<div id=\"attachment_1443\" style=\"width: 673px\" class=\"wp-caption aligncenter\"><a href=\"\/dicestudemili\/wp-content\/uploads\/sites\/57\/2013\/07\/saponi-y-coronelf.jpg\"><img aria-describedby=\"caption-attachment-1443\" loading=\"lazy\" class=\" wp-image-1443    \" title=\"El capit\u00e1n general de la Regi\u00f3n Centro, Vicente Cervera, y el alcalde de C\u00e1ceres Jos\u00e9 Mar\u00eda Saponi.\" src=\"\/dicestudemili\/wp-content\/uploads\/sites\/57\/2013\/07\/saponi-y-coronelf.jpg\" alt=\"El capit\u00e1n general de la Regi\u00f3n Centro, Vicente Cervera, y el alcalde de C\u00e1ceres Jos\u00e9 Mar\u00eda Saponi.\" width=\"663\" height=\"499\" srcset=\"https:\/\/static-blogs.hoy.es\/wp-content\/uploads\/sites\/57\/2013\/07\/saponi-y-coronelf.jpg 1246w, https:\/\/static-blogs.hoy.es\/wp-content\/uploads\/sites\/57\/2013\/07\/saponi-y-coronelf-300x225.jpg 300w, https:\/\/static-blogs.hoy.es\/wp-content\/uploads\/sites\/57\/2013\/07\/saponi-y-coronelf-768x577.jpg 768w, https:\/\/static-blogs.hoy.es\/wp-content\/uploads\/sites\/57\/2013\/07\/saponi-y-coronelf-1024x769.jpg 1024w\" sizes=\"(max-width: 663px) 100vw, 663px\" \/><\/a><p id=\"caption-attachment-1443\" class=\"wp-caption-text\">El capit\u00e1n general de la Regi\u00f3n Centro, Vicente Cervera, y el alcalde de C\u00e1ceres Jos\u00e9 Mar\u00eda Saponi.<\/p><\/div>\n<p>&nbsp;<\/p>\n<p>&#8220;<em>Se seguir\u00e1n mejorando las instalaciones del CIR de C\u00e1ceres. Para el Ej\u00e9rcito es una obsesi\u00f3n mejorar su infraestructura porque es el primer enfrentamiento del joven con la vida militar. Si las instalaciones est\u00e1n medianamente decentes, el impacto es menor para \u00e9l. Estamos procurando que est\u00e9 lo m\u00e1s c\u00f3modo posible, aunque nunca estar\u00e1 como en casa, eso no lo vamos a negar<\/em>&#8220;, comentaba en C\u00e1ceres, el <strong>28 de agosto de 1996<\/strong>, el <strong>teniente general Vicente Cervera Garc\u00eda<\/strong>, capit\u00e1n general de la regi\u00f3n militar Centro.<\/p>\n<p><strong>Espa\u00f1a estaba dividida en seis regiones militares<\/strong>, adem\u00e1s de las zonas militares de las Islas Baleares y Las Canarias. Ceuta y Melilla depend\u00edan de la regi\u00f3n militar Sur. La <strong>regi\u00f3n militar Centro<\/strong> la compon\u00eda Extremadura, Madrid, Segovia, Toledo, \u00c1vila, Guadalajara, Cuenca y Ciudad Real. El teniente general Cervera acudi\u00f3 a finales de agosto a C\u00e1ceres para despedirse de las autoridades ya que al mes siguiente pasaba a la reserva activa. Gaditano abierto, al que le gustaba hablar claro, dijo que \u00e9l era partidario del ej\u00e9rcito profesional, &#8220;<em>el servicio militar obligatorio es muy cortito -se\u00f1al\u00f3 -. Son nueve meses que con dos de instrucci\u00f3n y uno de permiso, se queda pr\u00e1cticamente en seis meses<\/em>&#8220;. Vicente Cervera fallecer\u00eda dos a\u00f1os despu\u00e9s, el<strong> 26 de julio de 1998<\/strong> en Madrid.<\/p>\n<p>Otro mando del Ej\u00e9rcito de Tierra que pas\u00f3 en 1996 a la reserva activa fue el <strong>coronel Julio Evaristo Pacheco<\/strong>. Ten\u00eda el mando de la <strong>Comandancia Militar de C\u00e1ceres<\/strong>, entreg\u00e1ndolo el <strong>20 de noviembre de 1996<\/strong> al <strong>coronel Daniel Oliver<\/strong>, que a su vez era el jefe del CIR. Al frente de la Comandancia Militar estaba el coronel m\u00e1s antiguo. Natural de Cuenca, Julio Evaristo Pacheco asegur\u00f3 que se marchaba con cierta pena, &#8220;<em>cuando vine a C\u00e1ceres me encontr\u00e9 muy a gusto y dije: &#8216; de aqu\u00ed no me voy hasta que me echen&#8217;, y hoy me echa la edad. Yo ya he cumplido<\/em>&#8220;.<\/p>\n<p>&nbsp;<\/p>\n<div id=\"attachment_1445\" style=\"width: 518px\" class=\"wp-caption aligncenter\"><a href=\"\/dicestudemili\/wp-content\/uploads\/sites\/57\/2013\/07\/1996relevof.jpg\"><img aria-describedby=\"caption-attachment-1445\" loading=\"lazy\" class=\" wp-image-1445  \" title=\"El coronel Pacheco firma la entrega de la Comandancia, mientras le mira su sucesor, el coronel Oliver. \" src=\"\/dicestudemili\/wp-content\/uploads\/sites\/57\/2013\/07\/1996relevof.jpg\" alt=\"El coronel Pacheco firma la entrega de la Comandancia, mientras le mira su sucesor, el coronel Oliver.\" width=\"508\" height=\"379\" srcset=\"https:\/\/static-blogs.hoy.es\/wp-content\/uploads\/sites\/57\/2013\/07\/1996relevof.jpg 794w, https:\/\/static-blogs.hoy.es\/wp-content\/uploads\/sites\/57\/2013\/07\/1996relevof-300x224.jpg 300w, https:\/\/static-blogs.hoy.es\/wp-content\/uploads\/sites\/57\/2013\/07\/1996relevof-768x574.jpg 768w\" sizes=\"(max-width: 508px) 100vw, 508px\" \/><\/a><p id=\"caption-attachment-1445\" class=\"wp-caption-text\">El coronel Pacheco firma la entrega de la Comandancia mientras le mira su sucesor, el coronel Oliver.<\/p><\/div>\n<p>&nbsp;<\/p>\n<p>Se hac\u00edan arreglos en el <strong>Campamento Santa Ana<\/strong>, pero tambi\u00e9n en la sede de la Comandancia Militar, en el <strong>palacio de las Cig\u00fce\u00f1as<\/strong>. El <strong>6 de julio de 1996<\/strong> se inaugur\u00f3 la remodelaci\u00f3n que se hab\u00eda hecho en este edificio del siglo XV, con la ayuda de 90.000 euros que hab\u00edan sido cedidos por la <strong>Caja de Ahorros de Extremadura<\/strong>. Si en un principio ese dinero iba a ser destinado para hacer un <strong>museo de armas<\/strong>, al final se utiliz\u00f3 para acomodar tres zonas del Palacio de las Cig\u00fce\u00f1as para fines culturales: Uno era el patio interior del edificio, otro una sala de exposiciones, y el tercero una sala de recuerdos del <strong>Regimiento Argel n\u00famero 27<\/strong>, que estuvo en C\u00e1cedres <strong>desde 1935 a 1965<\/strong>.<\/p>\n<p>Las siguientes fotograf\u00edas fueron tomadas por <strong>M\u00fa\u00f1ez<\/strong> en la inaguraci\u00f3n de la remodelaci\u00f3n del Palacio. En la \u00faltima, se ve en el centro, junto al alcalde Saponi, al famoso <strong>Cabo Moya<\/strong>, personaje al que dedicamos una entrada en la secci\u00f3n &#8216;<strong>an\u00e9cdotas de la mili<\/strong>&#8216; por su relaci\u00f3n con <strong>Felipe Gonz\u00e1lez<\/strong>, cuando el que lleg\u00f3 a ser presidente del Gobierno de Espa\u00f1a hizo la mili en C\u00e1ceres.<\/p>\n<p>&nbsp;<\/p>\n<div id=\"attachment_1446\" style=\"width: 600px\" class=\"wp-caption alignleft\"><a href=\"\/dicestudemili\/wp-content\/uploads\/sites\/57\/2013\/07\/1996mirando-el-techof.jpg\"><img aria-describedby=\"caption-attachment-1446\" loading=\"lazy\" class=\" wp-image-1446   \" title=\"Inauguraci\u00f3n de la remodelaci\u00f3n de la Comandancia Militar de C\u00e1ceres.\" src=\"\/dicestudemili\/wp-content\/uploads\/sites\/57\/2013\/07\/1996mirando-el-techof.jpg\" alt=\"Inauguraci\u00f3n de la remodelaci\u00f3n de la Comandancia Militar de C\u00e1ceres.\" width=\"590\" height=\"380\" srcset=\"https:\/\/static-blogs.hoy.es\/wp-content\/uploads\/sites\/57\/2013\/07\/1996mirando-el-techof.jpg 1220w, https:\/\/static-blogs.hoy.es\/wp-content\/uploads\/sites\/57\/2013\/07\/1996mirando-el-techof-300x194.jpg 300w, https:\/\/static-blogs.hoy.es\/wp-content\/uploads\/sites\/57\/2013\/07\/1996mirando-el-techof-768x495.jpg 768w, https:\/\/static-blogs.hoy.es\/wp-content\/uploads\/sites\/57\/2013\/07\/1996mirando-el-techof-1024x661.jpg 1024w\" sizes=\"(max-width: 590px) 100vw, 590px\" \/><\/a><p id=\"caption-attachment-1446\" class=\"wp-caption-text\">Inauguraci\u00f3n de la remodelaci\u00f3n de la Comandancia Militar de C\u00e1ceres.<\/p><\/div>\n<p>&nbsp;<\/p>\n<div id=\"attachment_1447\" style=\"width: 608px\" class=\"wp-caption alignright\"><a href=\"\/dicestudemili\/wp-content\/uploads\/sites\/57\/2013\/07\/1996moya-y-mirando-el-techo2f.jpg\"><img aria-describedby=\"caption-attachment-1447\" loading=\"lazy\" class=\" wp-image-1447  \" title=\"En el centro de la imagen, el Cabo Moya junto al alcalde Jos\u00e9 Mar\u00eda Saponi.\" src=\"\/dicestudemili\/wp-content\/uploads\/sites\/57\/2013\/07\/1996moya-y-mirando-el-techo2f.jpg\" alt=\"En el centro de la imagen, el Cabo Moya junto al alcalde Jos\u00e9 Mar\u00eda Saponi.\" width=\"598\" height=\"408\" srcset=\"https:\/\/static-blogs.hoy.es\/wp-content\/uploads\/sites\/57\/2013\/07\/1996moya-y-mirando-el-techo2f.jpg 934w, https:\/\/static-blogs.hoy.es\/wp-content\/uploads\/sites\/57\/2013\/07\/1996moya-y-mirando-el-techo2f-300x205.jpg 300w, https:\/\/static-blogs.hoy.es\/wp-content\/uploads\/sites\/57\/2013\/07\/1996moya-y-mirando-el-techo2f-768x524.jpg 768w\" sizes=\"(max-width: 598px) 100vw, 598px\" \/><\/a><p id=\"caption-attachment-1447\" class=\"wp-caption-text\">En el centro de la imagen, el Cabo Moya junto al alcalde Jos\u00e9 Mar\u00eda Saponi.<\/p><\/div>\n<p>&nbsp;<\/p>\n<p>&nbsp;<\/p>\n<p>&nbsp;<\/p>\n<p>&nbsp;<\/p>\n<!-- AddThis Advanced Settings generic via filter on the_content --><!-- AddThis Share Buttons generic via filter on the_content -->","protected":false},"excerpt":{"rendered":"<p>&nbsp; &#8220;Se seguir\u00e1n mejorando las instalaciones del CIR de C\u00e1ceres. Para el Ej\u00e9rcito es una obsesi\u00f3n mejorar su infraestructura porque es el primer enfrentamiento del joven con la vida militar. Si las instalaciones est\u00e1n medianamente decentes, el impacto es menor para \u00e9l. Estamos procurando que est\u00e9 lo m\u00e1s c\u00f3modo posible, aunque nunca estar\u00e1 como en [&hellip;]<!-- AddThis Advanced Settings generic via filter on get_the_excerpt --><!-- AddThis Share Buttons generic via filter on get_the_excerpt --><\/p>\n","protected":false},"author":52,"featured_media":0,"comment_status":"open","ping_status":"closed","sticky":false,"template":"","format":"standard","meta":[],"categories":[3],"tags":[173,372,392,496,702,864,972,1116],"_links":{"self":[{"href":"https:\/\/blogs.hoy.es\/dicestudemili\/wp-json\/wp\/v2\/posts\/1442"}],"collection":[{"href":"https:\/\/blogs.hoy.es\/dicestudemili\/wp-json\/wp\/v2\/posts"}],"about":[{"href":"https:\/\/blogs.hoy.es\/dicestudemili\/wp-json\/wp\/v2\/types\/post"}],"author":[{"embeddable":true,"href":"https:\/\/blogs.hoy.es\/dicestudemili\/wp-json\/wp\/v2\/users\/52"}],"replies":[{"embeddable":true,"href":"https:\/\/blogs.hoy.es\/dicestudemili\/wp-json\/wp\/v2\/comments?post=1442"}],"version-history":[{"count":0,"href":"https:\/\/blogs.hoy.es\/dicestudemili\/wp-json\/wp\/v2\/posts\/1442\/revisions"}],"wp:attachment":[{"href":"https:\/\/blogs.hoy.es\/dicestudemili\/wp-json\/wp\/v2\/media?parent=1442"}],"wp:term":[{"taxonomy":"category","embeddable":true,"href":"https:\/\/blogs.hoy.es\/dicestudemili\/wp-json\/wp\/v2\/categories?post=1442"},{"taxonomy":"post_tag","embeddable":true,"href":"https:\/\/blogs.hoy.es\/dicestudemili\/wp-json\/wp\/v2\/tags?post=1442"}],"curies":[{"name":"wp","href":"https:\/\/api.w.org\/{rel}","templated":true}]}}