{"id":1451,"date":"2013-07-12T04:29:41","date_gmt":"2013-07-12T04:29:41","guid":{"rendered":"http:\/\/blogs.hoy.es\/dicestudemili\/?p=1451"},"modified":"2013-07-12T04:29:41","modified_gmt":"2013-07-12T04:29:41","slug":"1996-3-el-recluta-ismael-santos-el-jugador-internacional-de-baloncesto","status":"publish","type":"post","link":"https:\/\/blogs.hoy.es\/dicestudemili\/2013\/07\/12\/1996-3-el-recluta-ismael-santos-el-jugador-internacional-de-baloncesto\/","title":{"rendered":"1996 (3): El recluta Ismael Santos, el jugador internacional de baloncesto"},"content":{"rendered":"<div id=\"attachment_1452\" style=\"width: 555px\" class=\"wp-caption aligncenter\"><a href=\"\/dicestudemili\/wp-content\/uploads\/sites\/57\/2013\/07\/Ismael.jpg\"><img aria-describedby=\"caption-attachment-1452\" loading=\"lazy\" class=\" wp-image-1452 \" title=\"Ismael Santos disputando un bal\u00f3n a Nacho Azofra del Estudiantes.\" src=\"\/dicestudemili\/wp-content\/uploads\/sites\/57\/2013\/07\/Ismael.jpg\" alt=\"Ismael Santos disputando un bal\u00f3n a Nacho Azofra del Estudiantes.\" width=\"545\" height=\"598\" srcset=\"https:\/\/static-blogs.hoy.es\/wp-content\/uploads\/sites\/57\/2013\/07\/Ismael.jpg 681w, https:\/\/static-blogs.hoy.es\/wp-content\/uploads\/sites\/57\/2013\/07\/Ismael-273x300.jpg 273w\" sizes=\"(max-width: 545px) 100vw, 545px\" \/><\/a><p id=\"caption-attachment-1452\" class=\"wp-caption-text\">Ismael Santos disputando un bal\u00f3n a Nacho Azofra del Estudiantes.<\/p><\/div>\n<p>&nbsp;<\/p>\n<p>Uno de los reclutas que en el a\u00f1o 1996 estuvo en el <strong>Campamento Santa Ana<\/strong> de C\u00e1ceres fue <strong>Ismael Santos<\/strong>, jugador de baloncesto del <strong>Real Madrid<\/strong> durante 9 temporadas, que jug\u00f3 seis partidos en la selecci\u00f3n nacional. En el mes de mayo estaba haciendo la instrucci\u00f3n militar en C\u00e1ceres, en la 7\u00aa Compa\u00f1\u00eda, como publico en el <strong>Diario HOY<\/strong> el periodista <strong>Manuel M. N\u00fa\u00f1ez<\/strong>.<\/p>\n<p>Nacido en <strong>Orense<\/strong> en 1972, cuando estuvo en el CIR de C\u00e1ceres ten\u00eda 24 a\u00f1os y ya era un famoso jugador de baloncesto. Con 1,92 metros de altura fue considerado el mejor defensa de Europa.<\/p>\n<p>&nbsp;<\/p>\n<div id=\"attachment_1454\" style=\"width: 595px\" class=\"wp-caption alignright\"><a href=\"\/dicestudemili\/wp-content\/uploads\/sites\/57\/2013\/07\/1309460646_extras_mosaico_noticia_3_g_0.jpg\"><img aria-describedby=\"caption-attachment-1454\" loading=\"lazy\" class=\" wp-image-1454 \" title=\"Santos jug\u00f3 durante nueve temporadas en el Real Madrid.\" src=\"\/dicestudemili\/wp-content\/uploads\/sites\/57\/2013\/07\/1309460646_extras_mosaico_noticia_3_g_0.jpg\" alt=\"Santos jug\u00f3 durante nueve temporadas en el Real Madrid.\" width=\"585\" height=\"525\" srcset=\"https:\/\/static-blogs.hoy.es\/wp-content\/uploads\/sites\/57\/2013\/07\/1309460646_extras_mosaico_noticia_3_g_0.jpg 650w, https:\/\/static-blogs.hoy.es\/wp-content\/uploads\/sites\/57\/2013\/07\/1309460646_extras_mosaico_noticia_3_g_0-300x269.jpg 300w\" sizes=\"(max-width: 585px) 100vw, 585px\" \/><\/a><p id=\"caption-attachment-1454\" class=\"wp-caption-text\">Santos jug\u00f3 durante nueve temporadas en el Real Madrid.<\/p><\/div>\n<p>&nbsp;<\/p>\n<p>&nbsp;<\/p>\n<p>&nbsp;<\/p>\n<p>&nbsp;<\/p>\n<p>&nbsp;<\/p>\n<p>&nbsp;<\/p>\n<p>&nbsp;<\/p>\n<p>&nbsp;<\/p>\n<p>&nbsp;<\/p>\n<p>&nbsp;<\/p>\n<p>&nbsp;<\/p>\n<p>&nbsp;<\/p>\n<p>&nbsp;<\/p>\n<p>&nbsp;<\/p>\n<p>&nbsp;<\/p>\n<p>&nbsp;<\/p>\n<p>&nbsp;<\/p>\n<p>&nbsp;<\/p>\n<p>&nbsp;<\/p>\n<p>&nbsp;<\/p>\n<p>&nbsp;<\/p>\n<p>En el a\u00f1o 1999 dej\u00f3 el Real Madrid para jugar durante cuatro a\u00f1os en equipos de <strong>Grecia<\/strong> e <strong>Italia<\/strong>. Se retir\u00f3 del baloncesto en el 2003, cuando ten\u00eda 31 a\u00f1os y entonces su vida cambi\u00f3 totalmente al dejar las canchas de baloncesto por las monta\u00f1as nevadas de los <strong>Alpes<\/strong>. En el a\u00f1o 2007 abri\u00f3 una empresa que trabaja con gu\u00edas profesionales de monta\u00f1a, y en el 2009 se convirti\u00f3 en gu\u00eda acompa\u00f1ante de monta\u00f1a.<\/p>\n<p>Se ha casado dos veces. La primera con la jugadora de baloncesto <strong>Blanca Ares<\/strong> y la segunda con la presentadora de televisi\u00f3n y locutora de radio\u00a0<strong>Kay Rush<\/strong>.<\/p>\n<p>&nbsp;<\/p>\n<div id=\"attachment_1455\" style=\"width: 560px\" class=\"wp-caption aligncenter\"><a href=\"\/dicestudemili\/wp-content\/uploads\/sites\/57\/2013\/07\/16264766.jpg\"><img aria-describedby=\"caption-attachment-1455\" loading=\"lazy\" class=\"size-full wp-image-1455\" title=\"Kay Rush cuando fue portada de Interviu.\" src=\"\/dicestudemili\/wp-content\/uploads\/sites\/57\/2013\/07\/16264766.jpg\" alt=\"Kay Rush cuando fue portada de Interviu.\" width=\"550\" height=\"777\" srcset=\"https:\/\/static-blogs.hoy.es\/wp-content\/uploads\/sites\/57\/2013\/07\/16264766.jpg 550w, https:\/\/static-blogs.hoy.es\/wp-content\/uploads\/sites\/57\/2013\/07\/16264766-212x300.jpg 212w\" sizes=\"(max-width: 550px) 100vw, 550px\" \/><\/a><p id=\"caption-attachment-1455\" class=\"wp-caption-text\">Kay Rush cuando fue portada de Intervi\u00fa.<\/p><\/div>\n<p>&nbsp;<\/p>\n<p>Con Kay Rush se cas\u00f3 en 2003, divorci\u00e1ndose en el a\u00f1o 2011. Ella fue quien le aficion\u00f3 a la monta\u00f1a, como se puede apreciar en este v\u00eddeo\u00a0<a href=\"http:\/\/www.youtube.com\/watch?v=JfARjJHuwcE\">http:\/\/www.youtube.com\/watch?v=JfARjJHuwcE<\/a><\/p>\n<p>En una entrevista concedida el pasado <strong>4 de junio de 2013<\/strong> a <strong>Ra\u00fal Escudero Campano<\/strong>, Santos se\u00f1alaba que el \u00e9xito, &#8220;<em>es mirarse al espejo, tener la conciencia tranquila y estar bien contigo mismo<\/em>&#8220;. Hablaba tambi\u00e9n de la crisis actual: &#8220;<em>hay que moverse para poder cambiar las cosas &#8211; dec\u00eda -, hay que saber decir basta. Hay que cambiar, hay que ser solidarios, responsables. Esto es una crisis del ser humano en toda regla, una crisis de valores, lo econ\u00f3mico es s\u00f3lo la consecuencia. Robar, aprovecharse de los dem\u00e1s, timar, enga\u00f1ar&#8230; Debemos cambiar de rumbo ya y de valores, debemos volver a aprender a ser sencillos, volver a valorar la sencillez de la vida<\/em>&#8220;.<\/p>\n<p>Tiene un interesante blog con el t\u00edtulo: &#8216;<strong>Hay un gallego en los Alpes<\/strong>&#8216;.<\/p>\n<p>&nbsp;<\/p>\n<div id=\"attachment_1456\" style=\"width: 673px\" class=\"wp-caption aligncenter\"><a href=\"\/dicestudemili\/wp-content\/uploads\/sites\/57\/2013\/07\/6a0120a55c47d9970b017ee4a10b5d970d-800wi.jpg\"><img aria-describedby=\"caption-attachment-1456\" loading=\"lazy\" class=\" wp-image-1456   \" title=\"Ismael Santos en su nueva vida como gu\u00eda de monta\u00f1a en los Alpes.\" src=\"\/dicestudemili\/wp-content\/uploads\/sites\/57\/2013\/07\/6a0120a55c47d9970b017ee4a10b5d970d-800wi.jpg\" alt=\"Ismael Santos en su nueva vida como gu\u00eda de monta\u00f1a en los Alpes.\" width=\"663\" height=\"374\" srcset=\"https:\/\/static-blogs.hoy.es\/wp-content\/uploads\/sites\/57\/2013\/07\/6a0120a55c47d9970b017ee4a10b5d970d-800wi.jpg 1040w, https:\/\/static-blogs.hoy.es\/wp-content\/uploads\/sites\/57\/2013\/07\/6a0120a55c47d9970b017ee4a10b5d970d-800wi-300x169.jpg 300w, https:\/\/static-blogs.hoy.es\/wp-content\/uploads\/sites\/57\/2013\/07\/6a0120a55c47d9970b017ee4a10b5d970d-800wi-768x432.jpg 768w, https:\/\/static-blogs.hoy.es\/wp-content\/uploads\/sites\/57\/2013\/07\/6a0120a55c47d9970b017ee4a10b5d970d-800wi-1024x576.jpg 1024w\" sizes=\"(max-width: 663px) 100vw, 663px\" \/><\/a><p id=\"caption-attachment-1456\" class=\"wp-caption-text\">Ismael Santos en su nueva vida como gu\u00eda de monta\u00f1a en los Alpes.<\/p><\/div>\n<p>&nbsp;<\/p>\n<p>&nbsp;<\/p>\n<!-- AddThis Advanced Settings generic via filter on the_content --><!-- AddThis Share Buttons generic via filter on the_content -->","protected":false},"excerpt":{"rendered":"<p>&nbsp; Uno de los reclutas que en el a\u00f1o 1996 estuvo en el Campamento Santa Ana de C\u00e1ceres fue Ismael Santos, jugador de baloncesto del Real Madrid durante 9 temporadas, que jug\u00f3 seis partidos en la selecci\u00f3n nacional. En el mes de mayo estaba haciendo la instrucci\u00f3n militar en C\u00e1ceres, en la 7\u00aa Compa\u00f1\u00eda, como [&hellip;]<!-- AddThis Advanced Settings generic via filter on get_the_excerpt --><!-- AddThis Share Buttons generic via filter on get_the_excerpt --><\/p>\n","protected":false},"author":52,"featured_media":0,"comment_status":"open","ping_status":"closed","sticky":false,"template":"","format":"standard","meta":[],"categories":[3],"tags":[122,138,623,748,796,961,966],"_links":{"self":[{"href":"https:\/\/blogs.hoy.es\/dicestudemili\/wp-json\/wp\/v2\/posts\/1451"}],"collection":[{"href":"https:\/\/blogs.hoy.es\/dicestudemili\/wp-json\/wp\/v2\/posts"}],"about":[{"href":"https:\/\/blogs.hoy.es\/dicestudemili\/wp-json\/wp\/v2\/types\/post"}],"author":[{"embeddable":true,"href":"https:\/\/blogs.hoy.es\/dicestudemili\/wp-json\/wp\/v2\/users\/52"}],"replies":[{"embeddable":true,"href":"https:\/\/blogs.hoy.es\/dicestudemili\/wp-json\/wp\/v2\/comments?post=1451"}],"version-history":[{"count":0,"href":"https:\/\/blogs.hoy.es\/dicestudemili\/wp-json\/wp\/v2\/posts\/1451\/revisions"}],"wp:attachment":[{"href":"https:\/\/blogs.hoy.es\/dicestudemili\/wp-json\/wp\/v2\/media?parent=1451"}],"wp:term":[{"taxonomy":"category","embeddable":true,"href":"https:\/\/blogs.hoy.es\/dicestudemili\/wp-json\/wp\/v2\/categories?post=1451"},{"taxonomy":"post_tag","embeddable":true,"href":"https:\/\/blogs.hoy.es\/dicestudemili\/wp-json\/wp\/v2\/tags?post=1451"}],"curies":[{"name":"wp","href":"https:\/\/api.w.org\/{rel}","templated":true}]}}