{"id":1465,"date":"2013-07-17T05:40:40","date_gmt":"2013-07-17T05:40:40","guid":{"rendered":"http:\/\/blogs.hoy.es\/dicestudemili\/?p=1465"},"modified":"2013-07-17T05:40:40","modified_gmt":"2013-07-17T05:40:40","slug":"1996-5-medalla-militar-a-la-mejor-cicerone-de-caceres","status":"publish","type":"post","link":"https:\/\/blogs.hoy.es\/dicestudemili\/2013\/07\/17\/1996-5-medalla-militar-a-la-mejor-cicerone-de-caceres\/","title":{"rendered":"1996 (5): Medalla militar a la mejor cicerone de C\u00e1ceres"},"content":{"rendered":"<div id=\"attachment_1466\" style=\"width: 469px\" class=\"wp-caption aligncenter\"><a href=\"\/dicestudemili\/wp-content\/uploads\/sites\/57\/2013\/07\/1996Amparof.jpg\"><img aria-describedby=\"caption-attachment-1466\" loading=\"lazy\" class=\" wp-image-1466   \" title=\"Amparo Fern\u00e1ndez con su Cruz al M\u00e9rito Militar.\" src=\"\/dicestudemili\/wp-content\/uploads\/sites\/57\/2013\/07\/1996Amparof.jpg\" alt=\"Amparo Fern\u00e1ndez con su Cruz al M\u00e9rito Militar.\" width=\"459\" height=\"620\" srcset=\"https:\/\/static-blogs.hoy.es\/wp-content\/uploads\/sites\/57\/2013\/07\/1996Amparof.jpg 709w, https:\/\/static-blogs.hoy.es\/wp-content\/uploads\/sites\/57\/2013\/07\/1996Amparof-222x300.jpg 222w\" sizes=\"(max-width: 459px) 100vw, 459px\" \/><\/a><p id=\"caption-attachment-1466\" class=\"wp-caption-text\">Amparo Fern\u00e1ndez con su Cruz al M\u00e9rito Militar. La foto es del gran retratista M\u00fa\u00f1ez.<\/p><\/div>\n<p>&nbsp;<\/p>\n<p><strong>Amparo Fern\u00e1ndez Gund\u00edn<\/strong>, actual <strong>jefa de Turismo del Ayuntamiento de C\u00e1ceres<\/strong>, recibi\u00f3 el <strong>6 de octubre de 1996<\/strong> la <strong>Cruz al M\u00e9rito Militar con distintivo blanco<\/strong>, concedida por el Ministerio de Defensa a propuesta del coronel jefe del CIR de C\u00e1ceres, <strong>Daniel Oliver<\/strong>. Amparo Fern\u00e1ndez llevaba entonces casi siete a\u00f1os en el puesto de gu\u00eda de turismo del Ayuntamiento. La medalla la recibi\u00f3 por su colaboraci\u00f3n con la instituci\u00f3n militar, ya que Amparo era la persona encargada de ense\u00f1ar la ciudad a los reclutas interesados en conocer C\u00e1ceres. En cada reemplazo acud\u00edan a estas visitas guiadas unos 700 reclutas, mostr\u00e1ndoles la ciudad en grupos de 30 personas. \u00a0En los 23 a\u00f1os que lleva trabajando para el Ayuntamiento de C\u00e1ceres, Amparo Fern\u00e1ndez ha ense\u00f1ado los secretos de la Ciudad Monumental a miles de personas, desde a los reclutas a la <strong>Duquesa de Alba<\/strong> o al <strong>Pr\u00edncipe Felipe<\/strong>.<\/p>\n<p>En 1996 el alcalde <strong>Jos\u00e9 Mar\u00eda Saponi<\/strong> y el coronel Daniel Oliver volvieron a firmar un acuerdo de colaboraci\u00f3n cultural, por el que el Ayuntamiento se compromet\u00eda a seguir ense\u00f1ando la Ciudad Monumental a los nuevos reclutas, que este a\u00f1o iban a ser 11.000. Saponi daba mucha importancia a las visitas guiadas a los reclutas, porque en el futuro ellos podr\u00edan ense\u00f1ar las bellezas de la ciudad a sus familias que vendr\u00edan como turistas.<\/p>\n<p>&nbsp;<\/p>\n<div id=\"attachment_1468\" style=\"width: 653px\" class=\"wp-caption aligncenter\"><a href=\"\/dicestudemili\/wp-content\/uploads\/sites\/57\/2013\/07\/1996saponif.jpg\"><img aria-describedby=\"caption-attachment-1468\" loading=\"lazy\" class=\" wp-image-1468  \" title=\"El coronel Oliver y el alcalde Jos\u00e9 Mar\u00eda Saponi firmaron un convenio de colaboraci\u00f3n cultural.\" src=\"\/dicestudemili\/wp-content\/uploads\/sites\/57\/2013\/07\/1996saponif.jpg\" alt=\"El coronel Oliver y el alcalde Jos\u00e9 Mar\u00eda Saponi firmaron un convenio de colaboraci\u00f3n cultural.\" width=\"643\" height=\"394\" srcset=\"https:\/\/static-blogs.hoy.es\/wp-content\/uploads\/sites\/57\/2013\/07\/1996saponif.jpg 893w, https:\/\/static-blogs.hoy.es\/wp-content\/uploads\/sites\/57\/2013\/07\/1996saponif-300x184.jpg 300w, https:\/\/static-blogs.hoy.es\/wp-content\/uploads\/sites\/57\/2013\/07\/1996saponif-768x470.jpg 768w\" sizes=\"(max-width: 643px) 100vw, 643px\" \/><\/a><p id=\"caption-attachment-1468\" class=\"wp-caption-text\">El coronel Oliver y el alcalde Jos\u00e9 Mar\u00eda Saponi firmaron un convenio de colaboraci\u00f3n cultural.<\/p><\/div>\n<p>&nbsp;<\/p>\n<p>La <strong>Consejer\u00eda de Cultura<\/strong> tambi\u00e9n firm\u00f3 otro convenio con el CIR. La Consejer\u00eda aport\u00f3 9.000 euros para que los reclutas conocieran distintas zonas de Extremadura, y pudieran disponer de material nuevo en la biblioteca y en la sala de m\u00fasica.<\/p>\n<p>Por primera vez, en 1996 el CIR firm\u00f3 un convenio con la <strong>C\u00e1mara Oficial de Comercio<\/strong>\u00a0<strong>de C\u00e1ceres<\/strong> para que los reclutas pudieran engrosar la bolsa de trabajo de la C\u00e1mara de Comercio, comprometi\u00e9ndose esta instituci\u00f3n a becar a algunos reclutas en cursos de formaci\u00f3n y darles charlas sobre la creaci\u00f3n de empresas. El presidente de la C\u00e1mara, <strong>Manuel Gonz\u00e1lez Calzada<\/strong>, se\u00f1al\u00f3 en la firma del convenio que entonces el 45% de los j\u00f3venes menores de 25 a\u00f1os estaban sin trabajo. El coronel jefe del CIR destacaba el aumento de preparaci\u00f3n de los nuevos reclutas, daba el ejemplo del reemplazo que estaba en mayo en el CIR, en donde de los 2.300 reclutas, mil ten\u00edan formaci\u00f3n universitaria.<\/p>\n<p>&nbsp;<\/p>\n<div id=\"attachment_1469\" style=\"width: 625px\" class=\"wp-caption aligncenter\"><a href=\"\/dicestudemili\/wp-content\/uploads\/sites\/57\/2013\/07\/1996C\u00e1mara2.jpg\"><img aria-describedby=\"caption-attachment-1469\" loading=\"lazy\" class=\" wp-image-1469 \" title=\"El presidente de la C\u00e1mara, Manuel Gonz\u00e1lez Calzada, y el coronel jefe del CIR, Daniel Oliver.\" src=\"\/dicestudemili\/wp-content\/uploads\/sites\/57\/2013\/07\/1996C\u00e1mara2.jpg\" alt=\"El presidente de la C\u00e1mara, Manuel Gonz\u00e1lez Calzada, y el coronel jefe del CIR, Daniel Oliver.\" width=\"615\" height=\"417\" srcset=\"https:\/\/static-blogs.hoy.es\/wp-content\/uploads\/sites\/57\/2013\/07\/1996C\u00e1mara2.jpg 769w, https:\/\/static-blogs.hoy.es\/wp-content\/uploads\/sites\/57\/2013\/07\/1996C\u00e1mara2-300x203.jpg 300w, https:\/\/static-blogs.hoy.es\/wp-content\/uploads\/sites\/57\/2013\/07\/1996C\u00e1mara2-768x520.jpg 768w\" sizes=\"(max-width: 615px) 100vw, 615px\" \/><\/a><p id=\"caption-attachment-1469\" class=\"wp-caption-text\">El presidente de la C\u00e1mara, Manuel Gonz\u00e1lez Calzada, y el coronel jefe del CIR, Daniel Oliver.<\/p><\/div>\n<!-- AddThis Advanced Settings generic via filter on the_content --><!-- AddThis Share Buttons generic via filter on the_content -->","protected":false},"excerpt":{"rendered":"<p>&nbsp; Amparo Fern\u00e1ndez Gund\u00edn, actual jefa de Turismo del Ayuntamiento de C\u00e1ceres, recibi\u00f3 el 6 de octubre de 1996 la Cruz al M\u00e9rito Militar con distintivo blanco, concedida por el Ministerio de Defensa a propuesta del coronel jefe del CIR de C\u00e1ceres, Daniel Oliver. Amparo Fern\u00e1ndez llevaba entonces casi siete a\u00f1os en el puesto de [&hellip;]<!-- AddThis Advanced Settings generic via filter on get_the_excerpt --><!-- AddThis Share Buttons generic via filter on get_the_excerpt --><\/p>\n","protected":false},"author":52,"featured_media":0,"comment_status":"open","ping_status":"closed","sticky":false,"template":"","format":"standard","meta":[],"categories":[3],"tags":[73,209,372,409,702,792],"_links":{"self":[{"href":"https:\/\/blogs.hoy.es\/dicestudemili\/wp-json\/wp\/v2\/posts\/1465"}],"collection":[{"href":"https:\/\/blogs.hoy.es\/dicestudemili\/wp-json\/wp\/v2\/posts"}],"about":[{"href":"https:\/\/blogs.hoy.es\/dicestudemili\/wp-json\/wp\/v2\/types\/post"}],"author":[{"embeddable":true,"href":"https:\/\/blogs.hoy.es\/dicestudemili\/wp-json\/wp\/v2\/users\/52"}],"replies":[{"embeddable":true,"href":"https:\/\/blogs.hoy.es\/dicestudemili\/wp-json\/wp\/v2\/comments?post=1465"}],"version-history":[{"count":0,"href":"https:\/\/blogs.hoy.es\/dicestudemili\/wp-json\/wp\/v2\/posts\/1465\/revisions"}],"wp:attachment":[{"href":"https:\/\/blogs.hoy.es\/dicestudemili\/wp-json\/wp\/v2\/media?parent=1465"}],"wp:term":[{"taxonomy":"category","embeddable":true,"href":"https:\/\/blogs.hoy.es\/dicestudemili\/wp-json\/wp\/v2\/categories?post=1465"},{"taxonomy":"post_tag","embeddable":true,"href":"https:\/\/blogs.hoy.es\/dicestudemili\/wp-json\/wp\/v2\/tags?post=1465"}],"curies":[{"name":"wp","href":"https:\/\/api.w.org\/{rel}","templated":true}]}}