{"id":1471,"date":"2013-07-18T05:41:11","date_gmt":"2013-07-18T05:41:11","guid":{"rendered":"http:\/\/blogs.hoy.es\/dicestudemili\/?p=1471"},"modified":"2013-07-18T05:41:11","modified_gmt":"2013-07-18T05:41:11","slug":"1996-6-en-prision-por-no-presentarse-a-hacer-la-mili-en-caceres","status":"publish","type":"post","link":"https:\/\/blogs.hoy.es\/dicestudemili\/2013\/07\/18\/1996-6-en-prision-por-no-presentarse-a-hacer-la-mili-en-caceres\/","title":{"rendered":"1996 (6): En prisi\u00f3n por no presentarse a hacer la mili en C\u00e1ceres"},"content":{"rendered":"<div id=\"attachment_1472\" style=\"width: 576px\" class=\"wp-caption aligncenter\"><a href=\"\/dicestudemili\/wp-content\/uploads\/sites\/57\/2013\/07\/1996jurafenero1.jpg\"><img aria-describedby=\"caption-attachment-1472\" loading=\"lazy\" class=\"size-full wp-image-1472\" title=\"Imagen de la jura de bandera de enero de 1996.\" src=\"\/dicestudemili\/wp-content\/uploads\/sites\/57\/2013\/07\/1996jurafenero1.jpg\" alt=\"Imagen de la jura de bandera de enero de 1996.\" width=\"566\" height=\"373\" srcset=\"https:\/\/static-blogs.hoy.es\/wp-content\/uploads\/sites\/57\/2013\/07\/1996jurafenero1.jpg 566w, https:\/\/static-blogs.hoy.es\/wp-content\/uploads\/sites\/57\/2013\/07\/1996jurafenero1-300x198.jpg 300w\" sizes=\"(max-width: 566px) 100vw, 566px\" \/><\/a><p id=\"caption-attachment-1472\" class=\"wp-caption-text\">Imagen de la jura de bandera de enero de 1996.<\/p><\/div>\n<p>&nbsp;<\/p>\n<p>Hacer el servicio militar en esta \u00e9poca era obligatorio en Espa\u00f1a, y los espa\u00f1oles que no cumpl\u00edan con lo que se consideraba una obligaci\u00f3n se arriesgaban a ser condenados a la c\u00e1rcel.<\/p>\n<p>En el a\u00f1o 1996 en el <strong>Diario HOY<\/strong> se publicaron dos noticias sobre j\u00f3venes que fueron a prisi\u00f3n por no querer hacer el servicio militar en C\u00e1ceres. El <strong>20 de febrero de 1996<\/strong> se informaba que un tribunal condenaba a 2 a\u00f1os, 4 meses y un d\u00eda de prisi\u00f3n a <strong>Daniel C. M.<\/strong>, <strong>testigo de Jehov\u00e1<\/strong> que viv\u00eda en <strong>M\u00f3stoles<\/strong> (Madrid). Este joven recibi\u00f3 en 1994 una comunicaci\u00f3n de la administraci\u00f3n militar para que se incorporara el 16 de agosto de 1994 en el CIR de C\u00e1ceres para hacer la mili. Vino a C\u00e1ceres y aqu\u00ed aleg\u00f3 motivos religiosos para no hacer el servicio militar. Dijo que era testigo de Jehov\u00e1 y rechazaba el empleo de las armas. El Estado para estos casos ten\u00eda previsto que hiciera la prestaci\u00f3n social sustitutoria, pero Daniel tambi\u00e9n se neg\u00f3 a prestar servicios a la sociedad. Se fue a su casa, pero dos a\u00f1os despu\u00e9s, en 1996 fue condenado a la c\u00e1rcel, indicando el juez que<strong> su postura era &#8220;ego\u00edsta e insolidaria&#8221;<\/strong>.<\/p>\n<p><strong>&#8220;Un joven madrile\u00f1o est\u00e1 en prisi\u00f3n por no hacer la mili en C\u00e1ceres&#8221;<\/strong>, ese era el titular que se public\u00f3 en HOY el<strong> 19 de noviembre de 1996<\/strong>. El condenado era <strong>Sebasti\u00e1n E. I.<\/strong> que entonces ten\u00eda 29 a\u00f1os. Deb\u00eda haberse incorporado al CIR cacere\u00f1o el 18 de mayo de 1994, pero no lo hizo. Se le volvi\u00f3 a citar para que empezara la instrucci\u00f3n el 11 de febrero de 1995, y tampoco hizo caso. A las pocos meses fue juzgado y condenado a un a\u00f1o y un d\u00eda de prisi\u00f3n. Parece que el joven ten\u00eda cosas m\u00e1s importantes que hacer: <strong>Desde 1989 a 1994 hab\u00eda sido condenado cinco veces por robo<\/strong>.<\/p>\n<p>Quienes s\u00ed hicieron la mili en 1996 en C\u00e1ceres fueron cerca de <strong>11.000 j\u00f3venes<\/strong>, repartidos en cuatro tandas. El <strong>3 de abril de 1996<\/strong>, por ejemplo, tuvo lugar una de las cuatro juras de bandera de este a\u00f1o. Participaron 2.202 j\u00f3venes y cuatro civiles.<\/p>\n<p>&nbsp;<\/p>\n<div id=\"attachment_1474\" style=\"width: 633px\" class=\"wp-caption aligncenter\"><a href=\"\/dicestudemili\/wp-content\/uploads\/sites\/57\/2013\/07\/1996juraabrilf.jpg\"><img aria-describedby=\"caption-attachment-1474\" loading=\"lazy\" class=\" wp-image-1474  \" title=\"Jura de bandera del mes de abril.\" src=\"\/dicestudemili\/wp-content\/uploads\/sites\/57\/2013\/07\/1996juraabrilf.jpg\" alt=\"Jura de bandera del mes de abril.\" width=\"623\" height=\"482\" srcset=\"https:\/\/static-blogs.hoy.es\/wp-content\/uploads\/sites\/57\/2013\/07\/1996juraabrilf.jpg 769w, https:\/\/static-blogs.hoy.es\/wp-content\/uploads\/sites\/57\/2013\/07\/1996juraabrilf-300x233.jpg 300w, https:\/\/static-blogs.hoy.es\/wp-content\/uploads\/sites\/57\/2013\/07\/1996juraabrilf-768x595.jpg 768w\" sizes=\"(max-width: 623px) 100vw, 623px\" \/><\/a><p id=\"caption-attachment-1474\" class=\"wp-caption-text\">Jura de bandera del mes de abril.<\/p><\/div>\n<p>&nbsp;<\/p>\n<p>Se calcul\u00f3 que 15.000 personas, familiares y amigos de los reclutas, presenciaron el acto militar. Dos padres de reclutas participaron en el acto de rendir homenaje a los ca\u00eddos.<\/p>\n<p>&nbsp;<\/p>\n<div id=\"attachment_1475\" style=\"width: 455px\" class=\"wp-caption aligncenter\"><a href=\"\/dicestudemili\/wp-content\/uploads\/sites\/57\/2013\/07\/1996ofrenda-caidos.jpg\"><img aria-describedby=\"caption-attachment-1475\" loading=\"lazy\" class=\"size-full wp-image-1475\" title=\"Acto de ofrenda a los ca\u00eddos realizado en la jura de bandera.\" src=\"\/dicestudemili\/wp-content\/uploads\/sites\/57\/2013\/07\/1996ofrenda-caidos.jpg\" alt=\"Acto de ofrenda a los ca\u00eddos realizado en la jura de bandera.\" width=\"445\" height=\"654\" srcset=\"https:\/\/static-blogs.hoy.es\/wp-content\/uploads\/sites\/57\/2013\/07\/1996ofrenda-caidos.jpg 445w, https:\/\/static-blogs.hoy.es\/wp-content\/uploads\/sites\/57\/2013\/07\/1996ofrenda-caidos-204x300.jpg 204w\" sizes=\"(max-width: 445px) 100vw, 445px\" \/><\/a><p id=\"caption-attachment-1475\" class=\"wp-caption-text\">Acto de ofrenda a los ca\u00eddos realizado en la jura de bandera.<\/p><\/div>\n<p>&nbsp;<\/p>\n<p>La Jura estuvo presidida por el <strong>general jefe del Estado Mayor Miguel Sim\u00f3n Contreras<\/strong>.<\/p>\n<p>&nbsp;<\/p>\n<div id=\"attachment_1476\" style=\"width: 401px\" class=\"wp-caption aligncenter\"><a href=\"\/dicestudemili\/wp-content\/uploads\/sites\/57\/2013\/07\/1996Miguel-Sim\u00f3n-Contrerasf.jpg\"><img aria-describedby=\"caption-attachment-1476\" loading=\"lazy\" class=\" wp-image-1476   \" title=\"General Miguel Sim\u00f3n Contreras.\" src=\"\/dicestudemili\/wp-content\/uploads\/sites\/57\/2013\/07\/1996Miguel-Sim\u00f3n-Contrerasf.jpg\" alt=\"General Miguel Sim\u00f3n Contreras.\" width=\"391\" height=\"459\" srcset=\"https:\/\/static-blogs.hoy.es\/wp-content\/uploads\/sites\/57\/2013\/07\/1996Miguel-Sim\u00f3n-Contrerasf.jpg 602w, https:\/\/static-blogs.hoy.es\/wp-content\/uploads\/sites\/57\/2013\/07\/1996Miguel-Sim\u00f3n-Contrerasf-255x300.jpg 255w\" sizes=\"(max-width: 391px) 100vw, 391px\" \/><\/a><p id=\"caption-attachment-1476\" class=\"wp-caption-text\">General Miguel Sim\u00f3n Contreras.<\/p><\/div>\n<!-- AddThis Advanced Settings generic via filter on the_content --><!-- AddThis Share Buttons generic via filter on the_content -->","protected":false},"excerpt":{"rendered":"<p>&nbsp; Hacer el servicio militar en esta \u00e9poca era obligatorio en Espa\u00f1a, y los espa\u00f1oles que no cumpl\u00edan con lo que se consideraba una obligaci\u00f3n se arriesgaban a ser condenados a la c\u00e1rcel. En el a\u00f1o 1996 en el Diario HOY se publicaron dos noticias sobre j\u00f3venes que fueron a prisi\u00f3n por no querer hacer [&hellip;]<!-- AddThis Advanced Settings generic via filter on get_the_excerpt --><!-- AddThis Share Buttons generic via filter on get_the_excerpt --><\/p>\n","protected":false},"author":52,"featured_media":0,"comment_status":"open","ping_status":"closed","sticky":false,"template":"","format":"standard","meta":[],"categories":[3],"tags":[272,358,557,877,1052,1139],"_links":{"self":[{"href":"https:\/\/blogs.hoy.es\/dicestudemili\/wp-json\/wp\/v2\/posts\/1471"}],"collection":[{"href":"https:\/\/blogs.hoy.es\/dicestudemili\/wp-json\/wp\/v2\/posts"}],"about":[{"href":"https:\/\/blogs.hoy.es\/dicestudemili\/wp-json\/wp\/v2\/types\/post"}],"author":[{"embeddable":true,"href":"https:\/\/blogs.hoy.es\/dicestudemili\/wp-json\/wp\/v2\/users\/52"}],"replies":[{"embeddable":true,"href":"https:\/\/blogs.hoy.es\/dicestudemili\/wp-json\/wp\/v2\/comments?post=1471"}],"version-history":[{"count":0,"href":"https:\/\/blogs.hoy.es\/dicestudemili\/wp-json\/wp\/v2\/posts\/1471\/revisions"}],"wp:attachment":[{"href":"https:\/\/blogs.hoy.es\/dicestudemili\/wp-json\/wp\/v2\/media?parent=1471"}],"wp:term":[{"taxonomy":"category","embeddable":true,"href":"https:\/\/blogs.hoy.es\/dicestudemili\/wp-json\/wp\/v2\/categories?post=1471"},{"taxonomy":"post_tag","embeddable":true,"href":"https:\/\/blogs.hoy.es\/dicestudemili\/wp-json\/wp\/v2\/tags?post=1471"}],"curies":[{"name":"wp","href":"https:\/\/api.w.org\/{rel}","templated":true}]}}