{"id":1478,"date":"2013-07-26T05:38:19","date_gmt":"2013-07-26T05:38:19","guid":{"rendered":"http:\/\/blogs.hoy.es\/dicestudemili\/?p=1478"},"modified":"2013-07-26T05:38:19","modified_gmt":"2013-07-26T05:38:19","slug":"1996-7-guerrilleros-en-bicicleta-y-campeones-en-donar-sangre","status":"publish","type":"post","link":"https:\/\/blogs.hoy.es\/dicestudemili\/2013\/07\/26\/1996-7-guerrilleros-en-bicicleta-y-campeones-en-donar-sangre\/","title":{"rendered":"1996 (7): Guerrilleros en bicicleta y campeones en donar sangre"},"content":{"rendered":"<div id=\"attachment_1479\" style=\"width: 681px\" class=\"wp-caption aligncenter\"><a href=\"\/dicestudemili\/wp-content\/uploads\/sites\/57\/2013\/07\/1996bicicletasf.jpg\"><img aria-describedby=\"caption-attachment-1479\" loading=\"lazy\" class=\"size-full wp-image-1479\" title=\"Soldados de Colmenar Viejo llegando a C\u00e1ceres tras 500 kil\u00f3metros de viaje.\" src=\"\/dicestudemili\/wp-content\/uploads\/sites\/57\/2013\/07\/1996bicicletasf.jpg\" alt=\"Soldados de Colmenar Viejo llegando a C\u00e1ceres tras 500 kil\u00f3metros de viaje.\" width=\"671\" height=\"449\" srcset=\"https:\/\/static-blogs.hoy.es\/wp-content\/uploads\/sites\/57\/2013\/07\/1996bicicletasf.jpg 671w, https:\/\/static-blogs.hoy.es\/wp-content\/uploads\/sites\/57\/2013\/07\/1996bicicletasf-300x201.jpg 300w\" sizes=\"(max-width: 671px) 100vw, 671px\" \/><\/a><p id=\"caption-attachment-1479\" class=\"wp-caption-text\">Soldados de Colmenar Viejo llegando a C\u00e1ceres tras 500 kil\u00f3metros de viaje.<\/p><\/div>\n<p>&nbsp;<\/p>\n<p>Esta fotograf\u00eda de <strong>M\u00fa\u00f1ez<\/strong> fue la que se public\u00f3 en la portada del Diario HOY el <strong>24 de octubre de 1996<\/strong>, para ilustrar la noticia de 60 soldados que hab\u00edan llegado al CIR de C\u00e1ceres tras recorrer <strong>500 kil\u00f3metros en bicicleta por ca\u00f1adas reales<\/strong>.<\/p>\n<p>Los soldados eran miembros del <strong>Grupo de Operaciones Especiales<\/strong>, conocidos con el nombre de<strong> &#8216;guerrilleros&#8217;<\/strong>. En el a\u00f1o 1996 los miembros de este Grupo estaban destinados en seis guarniciones ubicadas en <strong>Barcelona<\/strong>, <strong>Alicante<\/strong>, <strong>Granada<\/strong>, <strong>La Coru\u00f1a<\/strong>, <strong>Burgos<\/strong> y <strong>Colmenar Viejo (Madrid)<\/strong>. Las tres \u00faltimas desaparec\u00edan y miembros de la guarnici\u00f3n de Colmenar Viejo quisieron despedirse con una marcha en bicicleta de monta\u00f1a por ca\u00f1adas reales.<\/p>\n<p>En total hicieron un recorrido de 500 kil\u00f3metros en 9 etapas. La primera etapa fue de <strong>Colmenar Viejo a La Granja<\/strong>, la segunda termin\u00f3 en <strong>Segovia<\/strong>, la tercera en<strong> \u00c1vila<\/strong>, la cuarta en <strong>San Juan del Olmo<\/strong>, la quinta en <strong>Puente de Congosto<\/strong>, la sexta en <strong>Herv\u00e1s<\/strong>, la s\u00e9ptima en <strong>Galisteo<\/strong>, la octava en <strong>Ca\u00f1averal<\/strong> y la novena en C\u00e1ceres. Quisieron terminar en el CIR de C\u00e1ceres porque aqu\u00ed era donde se formaban los reclutas que luego eran destinados al Grupo de Operaciones Especiales de Colmenar Viejo. De los sesenta guerrilleros, 45 eran j\u00f3venes que estaban haciendo el servicio militar. Al mando del grupo estaba el <strong>teniente coronel Vicente Gonzalvo S\u00e1nchez<\/strong>.<\/p>\n<p>A su llegada al CIR cacere\u00f1o comentaron el mal estado de la <strong>V\u00eda de la Plata<\/strong> e indicaron que la etapa m\u00e1s dura hab\u00eda sido la de <strong>Herv\u00e1s a Galiste<\/strong>o, en la que hicieron 77 kil\u00f3metros.<\/p>\n<p>&nbsp;<\/p>\n<div id=\"attachment_1481\" style=\"width: 597px\" class=\"wp-caption aligncenter\"><a href=\"\/dicestudemili\/wp-content\/uploads\/sites\/57\/2013\/07\/1996bicicletasff.jpg\"><img aria-describedby=\"caption-attachment-1481\" loading=\"lazy\" class=\" wp-image-1481   \" title=\"Entrando en el CIR de C\u00e1ceres.\" src=\"\/dicestudemili\/wp-content\/uploads\/sites\/57\/2013\/07\/1996bicicletasff.jpg\" alt=\"Entrando en el CIR de C\u00e1ceres.\" width=\"587\" height=\"429\" srcset=\"https:\/\/static-blogs.hoy.es\/wp-content\/uploads\/sites\/57\/2013\/07\/1996bicicletasff.jpg 804w, https:\/\/static-blogs.hoy.es\/wp-content\/uploads\/sites\/57\/2013\/07\/1996bicicletasff-300x220.jpg 300w, https:\/\/static-blogs.hoy.es\/wp-content\/uploads\/sites\/57\/2013\/07\/1996bicicletasff-768x563.jpg 768w\" sizes=\"(max-width: 587px) 100vw, 587px\" \/><\/a><p id=\"caption-attachment-1481\" class=\"wp-caption-text\">Entrando en el CIR de C\u00e1ceres.<\/p><\/div>\n<p>&nbsp;<\/p>\n<p>El Centro de Instrucci\u00f3n de C\u00e1ceres recibi\u00f3 este a\u00f1o una importante distinci\u00f3n, que demostraba la gran solidaridad de sus reclutas. En el <strong>D\u00eda Nacional e Internacional de los Donantes de Sangre<\/strong>, que se celebr\u00f3 en <strong>Toledo<\/strong> el 23 de mayo, se rindi\u00f3 homenaje al CIR-Centro por las importantes donaciones que realizaba. <strong>Narciso Corrales<\/strong>, presidente de la <strong>Hermandad de Donantes de Sangre de C\u00e1ceres<\/strong>, destacaba en el Diario HOY, por esa fecha, la generosidad de los reclutas, ya que desde hac\u00eda tres a\u00f1os cada semana el CIR les enviaba a reclutas voluntarios que quer\u00edan regalar vida. Eran 10 cada semana. En la ciudad de <strong>Badajoz<\/strong> hac\u00eda m\u00e1s falta la sangre al realizar m\u00e1s operaciones y la Hermandad de Donantes pacense acud\u00eda al CIR cacere\u00f1o \u00a0entre cuatro y seis veces al a\u00f1o para realizar cerca de 200 extracciones.<\/p>\n<p>&nbsp;<\/p>\n<div id=\"attachment_1482\" style=\"width: 666px\" class=\"wp-caption aligncenter\"><a href=\"\/dicestudemili\/wp-content\/uploads\/sites\/57\/2013\/07\/1995m\u00fa\u00f1ez.jpg\"><img aria-describedby=\"caption-attachment-1482\" loading=\"lazy\" class=\"size-full wp-image-1482\" title=\"Reclutas de C\u00e1ceres donando sangre.\" src=\"\/dicestudemili\/wp-content\/uploads\/sites\/57\/2013\/07\/1995m\u00fa\u00f1ez.jpg\" alt=\"Reclutas de C\u00e1ceres donando sangre.\" width=\"656\" height=\"477\" srcset=\"https:\/\/static-blogs.hoy.es\/wp-content\/uploads\/sites\/57\/2013\/07\/1995m\u00fa\u00f1ez.jpg 656w, https:\/\/static-blogs.hoy.es\/wp-content\/uploads\/sites\/57\/2013\/07\/1995m\u00fa\u00f1ez-300x218.jpg 300w\" sizes=\"(max-width: 656px) 100vw, 656px\" \/><\/a><p id=\"caption-attachment-1482\" class=\"wp-caption-text\">Reclutas de C\u00e1ceres donando sangre.<\/p><\/div>\n<p>&nbsp;<\/p>\n<!-- AddThis Advanced Settings generic via filter on the_content --><!-- AddThis Share Buttons generic via filter on the_content -->","protected":false},"excerpt":{"rendered":"<p>&nbsp; Esta fotograf\u00eda de M\u00fa\u00f1ez fue la que se public\u00f3 en la portada del Diario HOY el 24 de octubre de 1996, para ilustrar la noticia de 60 soldados que hab\u00edan llegado al CIR de C\u00e1ceres tras recorrer 500 kil\u00f3metros en bicicleta por ca\u00f1adas reales. Los soldados eran miembros del Grupo de Operaciones Especiales, conocidos [&hellip;]<!-- AddThis Advanced Settings generic via filter on get_the_excerpt --><!-- AddThis Share Buttons generic via filter on get_the_excerpt --><\/p>\n","protected":false},"author":52,"featured_media":0,"comment_status":"open","ping_status":"closed","sticky":false,"template":"","format":"standard","meta":[],"categories":[3],"tags":[338,580,583,592,864,868,1105,1175],"_links":{"self":[{"href":"https:\/\/blogs.hoy.es\/dicestudemili\/wp-json\/wp\/v2\/posts\/1478"}],"collection":[{"href":"https:\/\/blogs.hoy.es\/dicestudemili\/wp-json\/wp\/v2\/posts"}],"about":[{"href":"https:\/\/blogs.hoy.es\/dicestudemili\/wp-json\/wp\/v2\/types\/post"}],"author":[{"embeddable":true,"href":"https:\/\/blogs.hoy.es\/dicestudemili\/wp-json\/wp\/v2\/users\/52"}],"replies":[{"embeddable":true,"href":"https:\/\/blogs.hoy.es\/dicestudemili\/wp-json\/wp\/v2\/comments?post=1478"}],"version-history":[{"count":0,"href":"https:\/\/blogs.hoy.es\/dicestudemili\/wp-json\/wp\/v2\/posts\/1478\/revisions"}],"wp:attachment":[{"href":"https:\/\/blogs.hoy.es\/dicestudemili\/wp-json\/wp\/v2\/media?parent=1478"}],"wp:term":[{"taxonomy":"category","embeddable":true,"href":"https:\/\/blogs.hoy.es\/dicestudemili\/wp-json\/wp\/v2\/categories?post=1478"},{"taxonomy":"post_tag","embeddable":true,"href":"https:\/\/blogs.hoy.es\/dicestudemili\/wp-json\/wp\/v2\/tags?post=1478"}],"curies":[{"name":"wp","href":"https:\/\/api.w.org\/{rel}","templated":true}]}}