{"id":1486,"date":"2013-08-01T08:13:26","date_gmt":"2013-08-01T08:13:26","guid":{"rendered":"http:\/\/blogs.hoy.es\/dicestudemili\/?p=1486"},"modified":"2013-08-01T08:13:26","modified_gmt":"2013-08-01T08:13:26","slug":"1996-y-8-la-compania-que-paso-de-ser-el-hotelito-a-la-pequena-legion","status":"publish","type":"post","link":"https:\/\/blogs.hoy.es\/dicestudemili\/2013\/08\/01\/1996-y-8-la-compania-que-paso-de-ser-el-hotelito-a-la-pequena-legion\/","title":{"rendered":"1996 (y 8): La Compa\u00f1\u00eda que pas\u00f3 de ser &#039;El Hotelito&#039; a &#039;La Peque\u00f1a Legi\u00f3n&#039;"},"content":{"rendered":"<div id=\"attachment_1487\" style=\"width: 663px\" class=\"wp-caption aligncenter\"><a href=\"\/dicestudemili\/wp-content\/uploads\/sites\/57\/2013\/08\/1996Miguel-Angel-Garc\u00eda.jpg\"><img aria-describedby=\"caption-attachment-1487\" loading=\"lazy\" class=\" wp-image-1487    \" title=\"Imagen de miembros de la Polic\u00eda Militar en 1996, publicada por Miguel \u00c1ngel Garc\u00eda.\" src=\"\/dicestudemili\/wp-content\/uploads\/sites\/57\/2013\/08\/1996Miguel-Angel-Garc\u00eda.jpg\" alt=\"Imagen de miembros de la Polic\u00eda Militar en 1996, publicada por Miguel \u00c1ngel Garc\u00eda\" width=\"653\" height=\"481\" srcset=\"https:\/\/static-blogs.hoy.es\/wp-content\/uploads\/sites\/57\/2013\/08\/1996Miguel-Angel-Garc\u00eda.jpg 994w, https:\/\/static-blogs.hoy.es\/wp-content\/uploads\/sites\/57\/2013\/08\/1996Miguel-Angel-Garc\u00eda-300x221.jpg 300w, https:\/\/static-blogs.hoy.es\/wp-content\/uploads\/sites\/57\/2013\/08\/1996Miguel-Angel-Garc\u00eda-768x566.jpg 768w\" sizes=\"(max-width: 653px) 100vw, 653px\" \/><\/a><p id=\"caption-attachment-1487\" class=\"wp-caption-text\">Imagen de miembros de la Polic\u00eda Militar de C\u00e1ceres en 1996, publicada por Miguel \u00c1ngel Garc\u00eda.<\/p><\/div>\n<p>&nbsp;<\/p>\n<p>Los reclutas que pasaban por el CIR de C\u00e1ceres sol\u00edan bautizar a la compa\u00f1\u00eda en la que mejor se viv\u00eda como &#8216;El hotelito&#8217;; y a la compa\u00f1\u00eda en la que se sudaba m\u00e1s, al obligar los mandos a hacer m\u00e1s pruebas f\u00edsicas, la llamaban &#8216;La Peque\u00f1a Legi\u00f3n&#8217;.<\/p>\n<p><strong>Alfonso Vigara<\/strong> cuenta en el grupo de Facebook &#8216;<strong>Yo tambi\u00e9n hice la mili en C\u00e1ceres<\/strong>&#8216;, que la Compa\u00f1\u00eda en la que estuvo, pas\u00f3 de uno a otro extremo en el a\u00f1o 1996. &#8220;<em>Yo hice la mili en el segundo reemplazo de 1996<\/em> &#8211; cuenta -, <em>en la 7\u00aa Compa\u00f1\u00eda, conocida como &#8216;El Hotelito&#8217; hasta que lleg\u00f3 el <strong>capit\u00e1n Bernal<\/strong> y se convirti\u00f3 en &#8216;La Peque\u00f1a Legi\u00f3n&#8217;. Termin\u00e9 la mili en esta Compa\u00f1\u00eda. Era el oficinista<\/em>&#8220;, concluye su comentario con lo que deb\u00eda ser el grito de la 7\u00aa Compa\u00f1\u00eda: &#8220;<em>Todo siempre<\/em>&#8220;.<\/p>\n<p>En el mismo grupo de internet hace un comentario un tal <strong>Pedro Jos\u00e9<\/strong> que tambi\u00e9n estuvo en la 7\u00aa Compa\u00f1\u00eda, pero en el tercer reemplazo, despu\u00e9s que Vigara. Dice, &#8220;<em>buena Compa\u00f1\u00eda eh, eh. <strong>Tito Vazquez<\/strong>, <strong>Saez<\/strong>,<strong> Soto<\/strong>, <strong>Toledo<\/strong>&#8230; Cuantos planchazos a cuerpo a tierra nos hac\u00eda hacer Bernal y <strong>Cebri\u00e1n<\/strong><\/em>&#8220;.<\/p>\n<p>Para<strong> Juan Antonio Ram\u00edrez<\/strong> &#8216;El Hotelito&#8217; fue su Compa\u00f1\u00eda, la 5\u00aa. &#8220;<em>Yo soy del primer reemplazo de 1996. Estuve en la 5\u00aa Compa\u00f1\u00eda, llamada &#8216;El Hotelito&#8217;, y despu\u00e9s de jurar bandera me destinaron al <strong>Parque Central de Ingenieros de Villaverde<\/strong> (Madrid). A ver si doy con alguno de mis compa\u00f1eros que no he vuelto a ver desde entonces. Un saludo a todos<\/em>&#8220;.<\/p>\n<p><strong>\u00c1ngel V\u00e1zquez Mart\u00edn<\/strong>, escribe: &#8220;<em><strong>Capit\u00e1n Legionario<\/strong>, sargento Cebri\u00e1n, metro de cerveza y <strong>club Ping\u00fcino<\/strong>&#8230; Hay cosas que no se olvidan. Tercer reemplazo de 1996<\/em>&#8220;. El metro de cerveza era los recipientes de un metro de largo que se serv\u00edan en el <strong>mes\u00f3n Extreme\u00f1o<\/strong>, en la Plaza Mayor.<\/p>\n<p>En el grupo de Facebook &#8216;<strong>Yo hice la mili en el CIR de C\u00e1ceres o el Cimov<\/strong>&#8216;, <strong>Miguel \u00c1ngel Garc\u00eda<\/strong> publica una fotograf\u00eda que es la que reproducimos en el encabezamiento de esta entrada del blog. En la imagen est\u00e1 \u00e9l con otros miembros de la <strong>Polic\u00eda Militar<\/strong> en la que estuvo mientras hizo la mili en C\u00e1ceres. \u00c9l perteneci\u00f3 al segundo reemplazo de 1996 y estuvo en la 2\u00aa Compa\u00f1\u00eda.<\/p>\n<p>En el mismo grupo escribe<strong> Jordi Mart\u00ednez<\/strong>: &#8220;<em>B<\/em><span style=\"font-size: 13px;\"><em>uenas y un saludo para todos. Yo soy del segundo reemplazo de 1996 (si no me falla la memoria fuimos quienes juramos bandera delante del <strong>Rey Juan Carlos<\/strong>). Pertenec\u00eda a la 5\u00aa Compa\u00f1\u00eda y en ella estaban al mando el <strong>teniente Tejero<\/strong>, el <strong>alf\u00e9rez Novillo<\/strong>, el <strong>brigada Rubio<\/strong> (inconfundible con su bigote y sus gafas oscuras), los <strong>sargentos primero Olmeda<\/strong>, <strong>Flores<\/strong> y <strong>Nicasio<\/strong>, el <strong>sargento Ortiz<\/strong> (que ese verano estaba en Cocina) y los <strong>cabos primero Camis\u00f3n<\/strong> y <strong>Bagnoli<\/strong>. En mi Compa\u00f1\u00eda estaban <strong>Moreno<\/strong>, <strong>Manzano<\/strong>, &#8216;<strong>El Hueco<\/strong>&#8216;&#8230; y un auxiliar llamado <strong>Mariscal<\/strong>, que era extreme\u00f1o y pelaba en la compa\u00f1\u00eda&#8230; y que mal pelaba por cierto. Yo soy <strong>Pastor &#8216;El Alicantino&#8217;<\/strong> y mi n\u00famero era el 63. Despu\u00e9s me mandaron al <strong>Polit\u00e9cnico del Ej\u00e9rcito de Madrid (IPE n\u00ba1)<\/strong> y me destinaron al botiqu\u00edn. Un saludo para todos<\/em>&#8220;. La jura que presidi\u00f3 el Rey fue el <strong>7 de julio de 1996<\/strong>.<\/span><\/p>\n<p><strong>Javier Berm\u00fadez<\/strong> indica que hizo en C\u00e1ceres la instrucci\u00f3n en la 1\u00aa Compa\u00f1\u00eda, era del cuarto reemplazo, &#8220;<em>m<\/em><span style=\"font-size: 13px;\"><em>e acuerdo mucho del <strong>Cabo Primero Palomino<\/strong>, un aut\u00e9ntico crack y un t\u00edo cojonudo, \u00bfalguien sabe algo de \u00e9l?<\/em>&#8220;. Otro comentario es de <strong>Ra\u00fal Hern\u00e1ndez S\u00e1nchez<\/strong>, &#8220;<em>h<\/em><\/span><span style=\"font-size: 13px;\"><em>ola, buenas. Yo soy del tercer reemplazo del 96. Llevo tiempo intentando localizar a gente. Estuve en el CIR de &#8216;chispa&#8217;, por si os acord\u00e1is<\/em>&#8220;.<\/span><\/p>\n<p>&nbsp;<\/p>\n<div id=\"attachment_1489\" style=\"width: 673px\" class=\"wp-caption aligncenter\"><a href=\"\/dicestudemili\/wp-content\/uploads\/sites\/57\/2013\/08\/1996.7\u00aacia1er.jpg\"><img aria-describedby=\"caption-attachment-1489\" loading=\"lazy\" class=\" wp-image-1489   \" title=\"Secci\u00f3n de la 7\u00aa Compa\u00f1\u00eda, del primer reemplazo de 1996.\" src=\"\/dicestudemili\/wp-content\/uploads\/sites\/57\/2013\/08\/1996.7\u00aacia1er.jpg\" alt=\"Secci\u00f3n de la 7\u00aa Compa\u00f1\u00eda, del primer reemplazo de 1996.\" width=\"663\" height=\"385\" srcset=\"https:\/\/static-blogs.hoy.es\/wp-content\/uploads\/sites\/57\/2013\/08\/1996.7\u00aacia1er.jpg 1348w, https:\/\/static-blogs.hoy.es\/wp-content\/uploads\/sites\/57\/2013\/08\/1996.7\u00aacia1er-300x174.jpg 300w, https:\/\/static-blogs.hoy.es\/wp-content\/uploads\/sites\/57\/2013\/08\/1996.7\u00aacia1er-768x446.jpg 768w, https:\/\/static-blogs.hoy.es\/wp-content\/uploads\/sites\/57\/2013\/08\/1996.7\u00aacia1er-1024x595.jpg 1024w\" sizes=\"(max-width: 663px) 100vw, 663px\" \/><\/a><p id=\"caption-attachment-1489\" class=\"wp-caption-text\">Secci\u00f3n de la 7\u00aa Compa\u00f1\u00eda, del primer reemplazo de 1996.<\/p><\/div>\n<p>&nbsp;<\/p>\n<p>En el blog <strong>Historias de El Pardo<\/strong> deja sus recuerdos <strong>Jos\u00e9 \u00c1ngel Palacios Cabrera<\/strong>, &#8220;<em>y<\/em><span style=\"font-size: 13px;\"><em>o soy del tercer reemplazo del 96 y estuve en la 5\u00aa Compa\u00f1\u00eda, &#8216;El Hotelito&#8217; en esos momentos. Muy buenos recuerdos. Las instalaciones deportivas muy buenas, de la comida ni hablar (pa qu\u00e9). Jur\u00e9 r\u00e1pido, a los 40 d\u00edas. De all\u00ed a Madrid, a <strong>Quintana Lacaci de Capitan\u00eda General.<\/strong> \u00a1Qu\u00e9 tiempos! si hay alguien de entonces que lea esto, me gustar\u00eda que escribiera aqu\u00ed sus historietas. Un saludo<\/em>&#8220;. Hay otro recluta de ese a\u00f1o que pide en ese blog el v\u00eddeo de la jura, &#8220;<em>H<\/em><\/span><span style=\"font-size: 13px;\"><em>ola a todos. Soy del segundo reemplazo del 96, estuve en la 1\u00aa Compa\u00f1\u00eda, con el <strong>capit\u00e1n Pi\u00f1eiro<\/strong> y el <strong>alf\u00e9rez Casc\u00f3n<\/strong>. Quisiera tener el v\u00eddeo de la Jura. Eramos el 166 y 167, nos llamaban <strong>&#8216;Los Cu\u00f1aos&#8217;<\/strong> o <strong>&#8216;Indura\u00edn&#8217;<\/strong>. Me gustar\u00eda tener el v\u00eddeo de la Jura. Gracias<\/em>&#8220;, insiste mucho en el v\u00eddeo pero no deja ni direcci\u00f3n ni siquiera nombre. <\/span><\/p>\n<p><span style=\"font-size: 13px;\">Qui\u00e9n s\u00ed se identifica es <strong>Roberto Montero<\/strong>, que escribe: &#8220;<em>Yo e<\/em><\/span><span style=\"font-size: 13px;\"><em>stuve en el cuarto reemplazo del 96, en la 5\u00aa Compa\u00f1\u00eda, estuve de corneta. Luego me mandaron a Madrid a Atocha, a la <strong>Jefatura Logistica<\/strong>. Si alguien de los que estuvieron entonces est\u00e1 por ah\u00ed y quiere ponerse en contacto conmigo para recordar viejos tiempos, os dejo mi email. (rmg793@yahoo.es)<\/em>&#8220;.<\/span><\/p>\n<p>&nbsp;<\/p>\n<p>&nbsp;<\/p>\n<h5><\/h5>\n<p>&nbsp;<\/p>\n<!-- AddThis Advanced Settings generic via filter on the_content --><!-- AddThis Share Buttons generic via filter on the_content -->","protected":false},"excerpt":{"rendered":"<p>&nbsp; Los reclutas que pasaban por el CIR de C\u00e1ceres sol\u00edan bautizar a la compa\u00f1\u00eda en la que mejor se viv\u00eda como &#8216;El hotelito&#8217;; y a la compa\u00f1\u00eda en la que se sudaba m\u00e1s, al obligar los mandos a hacer m\u00e1s pruebas f\u00edsicas, la llamaban &#8216;La Peque\u00f1a Legi\u00f3n&#8217;. Alfonso Vigara cuenta en el grupo de [&hellip;]<!-- AddThis Advanced Settings generic via filter on get_the_excerpt --><!-- AddThis Share Buttons generic via filter on get_the_excerpt --><\/p>\n","protected":false},"author":52,"featured_media":0,"comment_status":"open","ping_status":"closed","sticky":false,"template":"","format":"standard","meta":[],"categories":[3],"tags":[7,9,45,52,66,82,155,174,177,185,225,252,260,328,639,662,670,718,815,830,834,899,929,962,980,984,1019,1029,1030,1036,1038,1130,1148],"_links":{"self":[{"href":"https:\/\/blogs.hoy.es\/dicestudemili\/wp-json\/wp\/v2\/posts\/1486"}],"collection":[{"href":"https:\/\/blogs.hoy.es\/dicestudemili\/wp-json\/wp\/v2\/posts"}],"about":[{"href":"https:\/\/blogs.hoy.es\/dicestudemili\/wp-json\/wp\/v2\/types\/post"}],"author":[{"embeddable":true,"href":"https:\/\/blogs.hoy.es\/dicestudemili\/wp-json\/wp\/v2\/users\/52"}],"replies":[{"embeddable":true,"href":"https:\/\/blogs.hoy.es\/dicestudemili\/wp-json\/wp\/v2\/comments?post=1486"}],"version-history":[{"count":0,"href":"https:\/\/blogs.hoy.es\/dicestudemili\/wp-json\/wp\/v2\/posts\/1486\/revisions"}],"wp:attachment":[{"href":"https:\/\/blogs.hoy.es\/dicestudemili\/wp-json\/wp\/v2\/media?parent=1486"}],"wp:term":[{"taxonomy":"category","embeddable":true,"href":"https:\/\/blogs.hoy.es\/dicestudemili\/wp-json\/wp\/v2\/categories?post=1486"},{"taxonomy":"post_tag","embeddable":true,"href":"https:\/\/blogs.hoy.es\/dicestudemili\/wp-json\/wp\/v2\/tags?post=1486"}],"curies":[{"name":"wp","href":"https:\/\/api.w.org\/{rel}","templated":true}]}}