{"id":1491,"date":"2013-08-04T09:07:57","date_gmt":"2013-08-04T09:07:57","guid":{"rendered":"http:\/\/blogs.hoy.es\/dicestudemili\/?p=1491"},"modified":"2013-08-04T09:07:57","modified_gmt":"2013-08-04T09:07:57","slug":"1997-1-el-torero-finito-de-cordoba-jura-la-bandera-en-caceres","status":"publish","type":"post","link":"https:\/\/blogs.hoy.es\/dicestudemili\/2013\/08\/04\/1997-1-el-torero-finito-de-cordoba-jura-la-bandera-en-caceres\/","title":{"rendered":"1997 (1): El torero Finito de C\u00f3rdoba jura la bandera en C\u00e1ceres"},"content":{"rendered":"<div id=\"attachment_1492\" style=\"width: 639px\" class=\"wp-caption aligncenter\"><a href=\"\/dicestudemili\/wp-content\/uploads\/sites\/57\/2013\/08\/1997Finito-de-C\u00f3rdoba.jpg\"><img aria-describedby=\"caption-attachment-1492\" loading=\"lazy\" class=\" wp-image-1492   \" title=\"Fotograf\u00eda, realizada por M\u00fa\u00f1ez, de Finito de C\u00f3rdoba tras besar la Bandera.\" src=\"\/dicestudemili\/wp-content\/uploads\/sites\/57\/2013\/08\/1997Finito-de-C\u00f3rdoba.jpg\" alt=\"Fotograf\u00eda, realizada por M\u00fa\u00f1ez, de Finito de C\u00f3rdoba tras besar la Bandera.\" width=\"629\" height=\"419\" srcset=\"https:\/\/static-blogs.hoy.es\/wp-content\/uploads\/sites\/57\/2013\/08\/1997Finito-de-C\u00f3rdoba.jpg 971w, https:\/\/static-blogs.hoy.es\/wp-content\/uploads\/sites\/57\/2013\/08\/1997Finito-de-C\u00f3rdoba-300x200.jpg 300w, https:\/\/static-blogs.hoy.es\/wp-content\/uploads\/sites\/57\/2013\/08\/1997Finito-de-C\u00f3rdoba-768x512.jpg 768w\" sizes=\"(max-width: 629px) 100vw, 629px\" \/><\/a><p id=\"caption-attachment-1492\" class=\"wp-caption-text\">Fotograf\u00eda, realizada por M\u00fa\u00f1ez, de Finito de C\u00f3rdoba tras besar la Bandera.<\/p><\/div>\n<p>&nbsp;<\/p>\n<p>25 a\u00f1os ten\u00eda el torero Finito de C\u00f3rdoba cuando lleg\u00f3 a C\u00e1ceres para hacer el servicio militar obligatorio. Despu\u00e9s de estar m\u00e1s de un mes aprendiendo a ser militar, el <strong>5 de enero de 1997<\/strong> el recluta que ya llevaba seis a\u00f1os de carrera como matador de toros se convirti\u00f3 en soldado. Junto a \u00e9l participaron en la jura de bandera alrededor de 1.400 j\u00f3venes, de los que 21 eran <strong>voluntarios de Cruz Roja<\/strong>. Entre las miles de personas que vieron el acto militar, se encontraban sus padres y otros familiares, as\u00ed como un miembro de su cuadrilla.<\/p>\n<p><strong>Juan Serrano Pineda<\/strong> es el verdadero nombre de Finito de C\u00f3rdoba, que <strong>naci\u00f3 en Sabadell el 6 de octubre de 1971<\/strong>, aunque creci\u00f3 en <strong>La Carlota<\/strong>, en la provincia de C\u00f3rdoba. Tom\u00f3 la <strong>alternativa<\/strong> en C\u00f3rdoba el <strong>23 de mayo de 1991<\/strong>, teniendo como padrino a <strong>Paco Ojeda<\/strong> y de testigo a <strong>Fernando Cepeda<\/strong>. La <strong>confirmaci\u00f3n en Madrid<\/strong> fue el <strong>13 de mayo de 1993<\/strong>, actuando <strong>Jos\u00e9 Ortega Cano<\/strong> de padrino y de <strong>Manuel Caballero<\/strong> de testigo.<\/p>\n<p>&nbsp;<\/p>\n<div id=\"attachment_1494\" style=\"width: 452px\" class=\"wp-caption aligncenter\"><a href=\"\/dicestudemili\/wp-content\/uploads\/sites\/57\/2013\/08\/1997-finito.jpg\"><img aria-describedby=\"caption-attachment-1494\" loading=\"lazy\" class=\" wp-image-1494 \" title=\"Finito de C\u00f3rdoba tiene previsto retirarse de los toros en el a\u00f1o 2013.\" src=\"\/dicestudemili\/wp-content\/uploads\/sites\/57\/2013\/08\/1997-finito.jpg\" alt=\"Finito de C\u00f3rdoba tiene previsto retirarse de los toros en el a\u00f1o 2013.\" width=\"442\" height=\"448\" srcset=\"https:\/\/static-blogs.hoy.es\/wp-content\/uploads\/sites\/57\/2013\/08\/1997-finito.jpg 552w, https:\/\/static-blogs.hoy.es\/wp-content\/uploads\/sites\/57\/2013\/08\/1997-finito-296x300.jpg 296w\" sizes=\"(max-width: 442px) 100vw, 442px\" \/><\/a><p id=\"caption-attachment-1494\" class=\"wp-caption-text\">Finito de C\u00f3rdoba tiene previsto retirarse de los toros en el a\u00f1o 2013.<\/p><\/div>\n<p>Este a\u00f1o 2013 es en el que el matador tiene previsto dejar de arriesgar su vida en los ruedos. As\u00ed se asegura en el blog <strong>pcctoros<\/strong>. &#8220;<em>El a\u00f1o 2013 ser\u00e1 la despedida de un torero muy admirado por todos los aficionados y que siempre ha dejado grandes tardes de toros en todas las grandes ferias taurinas, nos referimos al torero Juan Serrano Pineda &#8216;Finito de C\u00f3rdoba&#8217; en la que el a\u00f1o taurino 2013 ser\u00e1 su \u00faltima temporada taurina en activo. Los aficionados taurinos lo recordar\u00e1n como un torero muy artista y muy torero con el capote y muleta. En sus 22 a\u00f1os de matador de toros ha toreado <strong>mas de 1.200 corridas de toros<\/strong> y ha sufrido<strong> solamente dos cornadas graves<\/strong>, una de novillero en la <strong>feria de M\u00e1laga de 1989<\/strong> al entrar a matar a un novillo de Cebada Gago y en<strong> 2007 en la feria de San Juan de Alicante<\/strong>, un toro de Fuente Ymbro le infiri\u00f3 una grave cornada en el muslo izquierdo. En varias temporadas, Finito tore\u00f3 mas de 100 corridas de toros y ha dejado grandes tardes para el recuerdo<\/em>&#8220;.<\/p>\n<p>Como otros toreros, es protagonista de publicaciones dedicadas a lo que se llama &#8216;prensa de coraz\u00f3n&#8217; ya que en el a\u00f1o <strong>2001 se cas\u00f3 con la actriz y presentadora de televisi\u00f3n Arancha del Sol<\/strong>. Con ella ha tenido una hija que naci\u00f3 en el 2002, y un ni\u00f1o que vino al mundo en el 2008. La foto siguiente, publicada por<strong> Hola<\/strong>, es del bautizo del segundo hijo en el a\u00f1o 2009.<\/p>\n<p>&nbsp;<\/p>\n<div id=\"attachment_1495\" style=\"width: 640px\" class=\"wp-caption aligncenter\"><a href=\"\/dicestudemili\/wp-content\/uploads\/sites\/57\/2013\/08\/1997-finito2009.jpg\"><img aria-describedby=\"caption-attachment-1495\" loading=\"lazy\" class=\" wp-image-1495 \" title=\"Con su mujer, Arancha del Sol, y sus dos hijos en el a\u00f1o 2009.\" src=\"\/dicestudemili\/wp-content\/uploads\/sites\/57\/2013\/08\/1997-finito2009.jpg\" alt=\"Con su mujer, Arancha del Sol, y sus dos hijos en el a\u00f1o 2009.\" width=\"630\" height=\"890\" srcset=\"https:\/\/static-blogs.hoy.es\/wp-content\/uploads\/sites\/57\/2013\/08\/1997-finito2009.jpg 700w, https:\/\/static-blogs.hoy.es\/wp-content\/uploads\/sites\/57\/2013\/08\/1997-finito2009-212x300.jpg 212w\" sizes=\"(max-width: 630px) 100vw, 630px\" \/><\/a><p id=\"caption-attachment-1495\" class=\"wp-caption-text\">Con su mujer, Arancha del Sol, y sus dos hijos en el a\u00f1o 2009.<\/p><\/div>\n<p>&nbsp;<\/p>\n<p>En este v\u00eddeo de 2011 se puede ver a Finito de C\u00f3rdoba intentando ense\u00f1ar a su mujer a torear,\u00a0<a href=\"https:\/\/www.youtube.com\/watch?v=GRNQFcSqODc\">https:\/\/www.youtube.com\/watch?v=GRNQFcSqODc<\/a><\/p>\n<p>&nbsp;<\/p>\n<p>&nbsp;<\/p>\n<!-- AddThis Advanced Settings generic via filter on the_content --><!-- AddThis Share Buttons generic via filter on the_content -->","protected":false},"excerpt":{"rendered":"<p>&nbsp; 25 a\u00f1os ten\u00eda el torero Finito de C\u00f3rdoba cuando lleg\u00f3 a C\u00e1ceres para hacer el servicio militar obligatorio. Despu\u00e9s de estar m\u00e1s de un mes aprendiendo a ser militar, el 5 de enero de 1997 el recluta que ya llevaba seis a\u00f1os de carrera como matador de toros se convirti\u00f3 en soldado. Junto a [&hellip;]<!-- AddThis Advanced Settings generic via filter on get_the_excerpt --><!-- AddThis Share Buttons generic via filter on get_the_excerpt --><\/p>\n","protected":false},"author":52,"featured_media":0,"comment_status":"open","ping_status":"closed","sticky":false,"template":"","format":"standard","meta":[],"categories":[3],"tags":[109,505,515,706,740,785,864,889,1185],"_links":{"self":[{"href":"https:\/\/blogs.hoy.es\/dicestudemili\/wp-json\/wp\/v2\/posts\/1491"}],"collection":[{"href":"https:\/\/blogs.hoy.es\/dicestudemili\/wp-json\/wp\/v2\/posts"}],"about":[{"href":"https:\/\/blogs.hoy.es\/dicestudemili\/wp-json\/wp\/v2\/types\/post"}],"author":[{"embeddable":true,"href":"https:\/\/blogs.hoy.es\/dicestudemili\/wp-json\/wp\/v2\/users\/52"}],"replies":[{"embeddable":true,"href":"https:\/\/blogs.hoy.es\/dicestudemili\/wp-json\/wp\/v2\/comments?post=1491"}],"version-history":[{"count":0,"href":"https:\/\/blogs.hoy.es\/dicestudemili\/wp-json\/wp\/v2\/posts\/1491\/revisions"}],"wp:attachment":[{"href":"https:\/\/blogs.hoy.es\/dicestudemili\/wp-json\/wp\/v2\/media?parent=1491"}],"wp:term":[{"taxonomy":"category","embeddable":true,"href":"https:\/\/blogs.hoy.es\/dicestudemili\/wp-json\/wp\/v2\/categories?post=1491"},{"taxonomy":"post_tag","embeddable":true,"href":"https:\/\/blogs.hoy.es\/dicestudemili\/wp-json\/wp\/v2\/tags?post=1491"}],"curies":[{"name":"wp","href":"https:\/\/api.w.org\/{rel}","templated":true}]}}