{"id":1500,"date":"2013-08-13T07:06:19","date_gmt":"2013-08-13T07:06:19","guid":{"rendered":"http:\/\/blogs.hoy.es\/dicestudemili\/?p=1500"},"modified":"2013-08-13T07:06:19","modified_gmt":"2013-08-13T07:06:19","slug":"1997-2-el-cir-pasa-a-llamarse-cimov-y-se-marcha-a-bosnia-el-coronel-oliver","status":"publish","type":"post","link":"https:\/\/blogs.hoy.es\/dicestudemili\/2013\/08\/13\/1997-2-el-cir-pasa-a-llamarse-cimov-y-se-marcha-a-bosnia-el-coronel-oliver\/","title":{"rendered":"1997 (2): El CIR pasa a llamarse CIMOV y se marcha a Bosnia el coronel Oliver"},"content":{"rendered":"<div id=\"attachment_1501\" style=\"width: 577px\" class=\"wp-caption aligncenter\"><a href=\"\/dicestudemili\/wp-content\/uploads\/sites\/57\/2013\/08\/1997-coronel.jpg\"><img aria-describedby=\"caption-attachment-1501\" loading=\"lazy\" class=\" wp-image-1501  \" title=\"Daniel Oliver cuando fue coronel jefe del CIR Centro.\" src=\"\/dicestudemili\/wp-content\/uploads\/sites\/57\/2013\/08\/1997-coronel.jpg\" alt=\"Daniel Oliver cuando fue coronel jefe del CIR Centro.\" width=\"567\" height=\"737\" srcset=\"https:\/\/static-blogs.hoy.es\/wp-content\/uploads\/sites\/57\/2013\/08\/1997-coronel.jpg 787w, https:\/\/static-blogs.hoy.es\/wp-content\/uploads\/sites\/57\/2013\/08\/1997-coronel-231x300.jpg 231w, https:\/\/static-blogs.hoy.es\/wp-content\/uploads\/sites\/57\/2013\/08\/1997-coronel-768x999.jpg 768w\" sizes=\"(max-width: 567px) 100vw, 567px\" \/><\/a><p id=\"caption-attachment-1501\" class=\"wp-caption-text\">Daniel Oliver cuando fue coronel jefe del CIR Centro.<\/p><\/div>\n<p>&nbsp;<\/p>\n<p>En el a\u00f1o 1997 el <strong>Centro de Instrucci\u00f3n de Reclutas (CIR) Centro<\/strong> de C\u00e1ceres cambia de nombre. Ahora pasa a denominarse <strong>CIMOV (Centro de Instrucci\u00f3n y Movilizaci\u00f3n)<\/strong>.<\/p>\n<p>Otro cambio que se produce este a\u00f1o es la sustituci\u00f3n del coronel jefe. El <strong>26 de mayo<\/strong> deja de ser coronel del centro de instrucci\u00f3n <strong>Daniel Oliver Galmes<\/strong> que fue destinado a <strong>Bosnia<\/strong>, a la localidad de <strong>Trevinje<\/strong>. Daniel Oliver mantuvo una estrecha relaci\u00f3n con dirigentes de C\u00e1ceres, pidiendo al alcalde, <strong>Jos\u00e9 Mar\u00eda Saponi<\/strong>, una ayuda econ\u00f3mica de 15.000 euros para poder reconstruir el techo de una guarder\u00eda que atend\u00eda medio millar de ni\u00f1os en Trevinje. El Ayuntamiento medi\u00f3 para que el dinero lo aportara <strong>Caja Extremadura<\/strong>.<\/p>\n<p>Antes de irse a Bosnia, en una entrevista concedida al <strong>Diario HOY<\/strong>, Daniel Oliver destac\u00f3 que algunas de las instalaciones del <strong>Campamento Santa Ana de C\u00e1ceres<\/strong> eran mod\u00e9licas, como las cocinas, los comedores y el campo de tiro que se acababa de reformar, &#8220;<em>hemos conseguido obras interesantes<\/em> -indic\u00f3 -, <em>como barracones para salas de estudio y bibliotecas con el fin de de que los soldados estudien, ya que muchos de ellos son universitarios; tambi\u00e9n est\u00e1n las instalaciones del servicio recreativo del soldado<\/em>&#8220;.<\/p>\n<p>Una de las mejoras de este a\u00f1o la realiz\u00f3 el servicio de limpieza <strong>Conyser<\/strong> que instal\u00f3 en las traseras de la zona de cocinas, una <strong>compactadora de basuras<\/strong> con capacidad para recoger de una vez hasta 10.500 kilos de desperdicios, que compactaba en bloques. El CIMOV de C\u00e1ceres pod\u00eda originar <strong>diariamente hasta 7.000 kilos de residuos<\/strong>.<\/p>\n<p>&nbsp;<\/p>\n<div id=\"attachment_1503\" style=\"width: 639px\" class=\"wp-caption aligncenter\"><a href=\"\/dicestudemili\/wp-content\/uploads\/sites\/57\/2013\/08\/1997-basura-1.jpg\"><img aria-describedby=\"caption-attachment-1503\" loading=\"lazy\" class=\" wp-image-1503 \" title=\"La compactadora de basura fue instalada en las traseras de la zona de cocinas.\" src=\"\/dicestudemili\/wp-content\/uploads\/sites\/57\/2013\/08\/1997-basura-1.jpg\" alt=\"La compactadora de basura fue instalada en las traseras de la zona de cocinas.\" width=\"629\" height=\"411\" srcset=\"https:\/\/static-blogs.hoy.es\/wp-content\/uploads\/sites\/57\/2013\/08\/1997-basura-1.jpg 699w, https:\/\/static-blogs.hoy.es\/wp-content\/uploads\/sites\/57\/2013\/08\/1997-basura-1-300x196.jpg 300w\" sizes=\"(max-width: 629px) 100vw, 629px\" \/><\/a><p id=\"caption-attachment-1503\" class=\"wp-caption-text\">La compactadora de basura fue instalada en las traseras de la zona de cocinas.<\/p><\/div>\n<!-- AddThis Advanced Settings generic via filter on the_content --><!-- AddThis Share Buttons generic via filter on the_content -->","protected":false},"excerpt":{"rendered":"<p>&nbsp; En el a\u00f1o 1997 el Centro de Instrucci\u00f3n de Reclutas (CIR) Centro de C\u00e1ceres cambia de nombre. Ahora pasa a denominarse CIMOV (Centro de Instrucci\u00f3n y Movilizaci\u00f3n). Otro cambio que se produce este a\u00f1o es la sustituci\u00f3n del coronel jefe. El 26 de mayo deja de ser coronel del centro de instrucci\u00f3n Daniel Oliver [&hellip;]<!-- AddThis Advanced Settings generic via filter on get_the_excerpt --><!-- AddThis Share Buttons generic via filter on get_the_excerpt --><\/p>\n","protected":false},"author":52,"featured_media":0,"comment_status":"open","ping_status":"closed","sticky":false,"template":"","format":"standard","meta":[],"categories":[3],"tags":[143,204,319,360,373,702],"_links":{"self":[{"href":"https:\/\/blogs.hoy.es\/dicestudemili\/wp-json\/wp\/v2\/posts\/1500"}],"collection":[{"href":"https:\/\/blogs.hoy.es\/dicestudemili\/wp-json\/wp\/v2\/posts"}],"about":[{"href":"https:\/\/blogs.hoy.es\/dicestudemili\/wp-json\/wp\/v2\/types\/post"}],"author":[{"embeddable":true,"href":"https:\/\/blogs.hoy.es\/dicestudemili\/wp-json\/wp\/v2\/users\/52"}],"replies":[{"embeddable":true,"href":"https:\/\/blogs.hoy.es\/dicestudemili\/wp-json\/wp\/v2\/comments?post=1500"}],"version-history":[{"count":0,"href":"https:\/\/blogs.hoy.es\/dicestudemili\/wp-json\/wp\/v2\/posts\/1500\/revisions"}],"wp:attachment":[{"href":"https:\/\/blogs.hoy.es\/dicestudemili\/wp-json\/wp\/v2\/media?parent=1500"}],"wp:term":[{"taxonomy":"category","embeddable":true,"href":"https:\/\/blogs.hoy.es\/dicestudemili\/wp-json\/wp\/v2\/categories?post=1500"},{"taxonomy":"post_tag","embeddable":true,"href":"https:\/\/blogs.hoy.es\/dicestudemili\/wp-json\/wp\/v2\/tags?post=1500"}],"curies":[{"name":"wp","href":"https:\/\/api.w.org\/{rel}","templated":true}]}}