{"id":1505,"date":"2013-08-16T06:27:56","date_gmt":"2013-08-16T06:27:56","guid":{"rendered":"http:\/\/blogs.hoy.es\/dicestudemili\/?p=1505"},"modified":"2013-08-16T06:27:56","modified_gmt":"2013-08-16T06:27:56","slug":"1997-3-de-donde-venian-los-10-000-reclutas-anuales-y-preparados-contra-la-meningitis","status":"publish","type":"post","link":"https:\/\/blogs.hoy.es\/dicestudemili\/2013\/08\/16\/1997-3-de-donde-venian-los-10-000-reclutas-anuales-y-preparados-contra-la-meningitis\/","title":{"rendered":"1997 (3): De d\u00f3nde ven\u00edan los 10.000 reclutas anuales y la &#039;lucha&#039; contra la meningitis"},"content":{"rendered":"<div id=\"attachment_1506\" style=\"width: 605px\" class=\"wp-caption aligncenter\"><a href=\"\/dicestudemili\/wp-content\/uploads\/sites\/57\/2013\/08\/1997abril.jpg\"><img aria-describedby=\"caption-attachment-1506\" loading=\"lazy\" class=\"size-full wp-image-1506\" title=\"Homenaje a los ca\u00eddos en la jura de bandera de abril de 1997.\" src=\"\/dicestudemili\/wp-content\/uploads\/sites\/57\/2013\/08\/1997abril.jpg\" alt=\"Homenaje a los ca\u00eddos en la jura de bandera de abril de 1997.\" width=\"595\" height=\"511\" srcset=\"https:\/\/static-blogs.hoy.es\/wp-content\/uploads\/sites\/57\/2013\/08\/1997abril.jpg 595w, https:\/\/static-blogs.hoy.es\/wp-content\/uploads\/sites\/57\/2013\/08\/1997abril-300x258.jpg 300w\" sizes=\"(max-width: 595px) 100vw, 595px\" \/><\/a><p id=\"caption-attachment-1506\" class=\"wp-caption-text\">Homenaje a los ca\u00eddos en la jura de bandera de abril de 1997 en la que participaron 2.225 reclutas.<\/p><\/div>\n<p>&nbsp;<\/p>\n<p>En los a\u00f1os noventa unos <strong>10.000 j\u00f3venes se formaban militarmente cada a\u00f1o<\/strong> en el CIR Centro de C\u00e1ceres, que en 1997 pas\u00f3 a llamarse Centro de Instrucci\u00f3n y Movilizaci\u00f3n (CIMOV) n\u00famero 1. Para saber de d\u00f3nde ven\u00edan, podemos desgranar la procedencia de los 1.254 reclutas que juraron bandera el <strong>19 de octubre de 1997<\/strong>. La gran mayor\u00eda eran de <strong>Madrid<\/strong>, de esa comunidad eran 796; de la <strong>Comunidad Valenciana<\/strong> llegaron 139; de <strong>Castilla La Mancha<\/strong> eran 122; de <strong>Extremadura<\/strong> 69, de <strong>Castilla Le\u00f3n<\/strong> 57, de la <strong>Regi\u00f3n de Murcia<\/strong> 41 y de <strong>Catalu\u00f1a<\/strong> 12. S\u00f3lo hab\u00eda 9 <strong>andaluces<\/strong>, 2 <strong>navarros<\/strong> y s\u00f3lo un representante de cada una de estas comunidades: <strong>Pa\u00eds Vasco<\/strong>, <strong>Arag\u00f3n<\/strong>, <strong>Islas Baleares<\/strong> y <strong>Cantabria<\/strong>. Tres j\u00f3venes eran espa\u00f1oles que proced\u00edan de <strong>pa\u00edses extranjeros<\/strong>.<\/p>\n<p>Al terminar su periodo de instrucci\u00f3n, de casi dos meses, estos nuevos soldados fueron destinados a siete provincias: las dos extreme\u00f1as,<strong> \u00c1vila<\/strong>, <strong>Guadalajara<\/strong>, <strong>Madrid<\/strong>, <strong>Segovia<\/strong> y <strong>Toledo<\/strong>.<\/p>\n<p>&nbsp;<\/p>\n<div id=\"attachment_1508\" style=\"width: 600px\" class=\"wp-caption alignleft\"><a href=\"\/dicestudemili\/wp-content\/uploads\/sites\/57\/2013\/08\/1997otubre2.jpg\"><img aria-describedby=\"caption-attachment-1508\" loading=\"lazy\" class=\"wp-image-1508 \" title=\"Jura de bandera del 19 de octubre de 1997.\" src=\"\/dicestudemili\/wp-content\/uploads\/sites\/57\/2013\/08\/1997otubre2.jpg\" alt=\"Jura de bandera del 19 de octubre de 1997.\" width=\"590\" height=\"448\" srcset=\"https:\/\/static-blogs.hoy.es\/wp-content\/uploads\/sites\/57\/2013\/08\/1997otubre2.jpg 656w, https:\/\/static-blogs.hoy.es\/wp-content\/uploads\/sites\/57\/2013\/08\/1997otubre2-300x228.jpg 300w\" sizes=\"(max-width: 590px) 100vw, 590px\" \/><\/a><p id=\"caption-attachment-1508\" class=\"wp-caption-text\">Jura de bandera del 19 de octubre de 1997.<\/p><\/div>\n<p>&nbsp;<\/p>\n<p>&nbsp;<\/p>\n<p>&nbsp;<\/p>\n<p>&nbsp;<\/p>\n<p>&nbsp;<\/p>\n<p>&nbsp;<\/p>\n<p>&nbsp;<\/p>\n<p>&nbsp;<\/p>\n<p>&nbsp;<\/p>\n<p>&nbsp;<\/p>\n<p>&nbsp;<\/p>\n<p>&nbsp;<\/p>\n<p>&nbsp;<\/p>\n<p>&nbsp;<\/p>\n<p>&nbsp;<\/p>\n<p>&nbsp;<\/p>\n<p>&nbsp;<\/p>\n<p>&nbsp;<\/p>\n<p>&nbsp;<\/p>\n<p>La jura de bandera del 19 de octubre de este a\u00f1o estuvo presidida por el <strong>general jefe del Estado Mayor de la Regi\u00f3n Militar Centro, Jos\u00e9 Miguel Aldea Mar\u00edn<\/strong>. El <strong>coronel jefe del CIMOV n\u00ba 1<\/strong> era <strong>Jes\u00fas Antol\u00edn Melgar Riol<\/strong>.<\/p>\n<p>&nbsp;<\/p>\n<div id=\"attachment_1509\" style=\"width: 606px\" class=\"wp-caption alignright\"><a href=\"\/dicestudemili\/wp-content\/uploads\/sites\/57\/2013\/08\/1997otubre.jpg\"><img aria-describedby=\"caption-attachment-1509\" loading=\"lazy\" class=\" wp-image-1509  \" title=\"El general Jos\u00e9 Miguel Aldea Mar\u00edn presidi\u00f3 la jura de octubre.\" src=\"\/dicestudemili\/wp-content\/uploads\/sites\/57\/2013\/08\/1997otubre.jpg\" alt=\"El general Jos\u00e9 Miguel Aldea Mar\u00edn presidi\u00f3 la jura de octubre.\" width=\"596\" height=\"422\" srcset=\"https:\/\/static-blogs.hoy.es\/wp-content\/uploads\/sites\/57\/2013\/08\/1997otubre.jpg 736w, https:\/\/static-blogs.hoy.es\/wp-content\/uploads\/sites\/57\/2013\/08\/1997otubre-300x212.jpg 300w\" sizes=\"(max-width: 596px) 100vw, 596px\" \/><\/a><p id=\"caption-attachment-1509\" class=\"wp-caption-text\">El general Jos\u00e9 Miguel Aldea Mar\u00edn presidi\u00f3 la jura de octubre.<\/p><\/div>\n<p>&nbsp;<\/p>\n<p>&nbsp;<\/p>\n<p>&nbsp;<\/p>\n<p>&nbsp;<\/p>\n<p>&nbsp;<\/p>\n<p>&nbsp;<\/p>\n<p>&nbsp;<\/p>\n<p>&nbsp;<\/p>\n<p>&nbsp;<\/p>\n<p>&nbsp;<\/p>\n<p>&nbsp;<\/p>\n<p>&nbsp;<\/p>\n<p>&nbsp;<\/p>\n<p>&nbsp;<\/p>\n<p>&nbsp;<\/p>\n<p>&nbsp;<\/p>\n<p>Participaron 15 civiles, entre los que se encontraba el entonces director regional de Caja Duero en Extremadura, <strong>Domingo Nevado<\/strong>, que diez a\u00f1os despu\u00e9s ser\u00eda concejal del PP en el Ayuntamiento de C\u00e1ceres. Tambi\u00e9n jur\u00f3 bandera el depositario del Ayuntamiento <strong>Francisco Ib\u00e1\u00f1ez<\/strong>.<\/p>\n<p>&nbsp;<\/p>\n<div id=\"attachment_1510\" style=\"width: 666px\" class=\"wp-caption aligncenter\"><a href=\"\/dicestudemili\/wp-content\/uploads\/sites\/57\/2013\/08\/1997octubre3.jpg\"><img aria-describedby=\"caption-attachment-1510\" loading=\"lazy\" class=\" wp-image-1510  \" title=\"Domingo Nevado besando la Bandera durante la jura.\" src=\"\/dicestudemili\/wp-content\/uploads\/sites\/57\/2013\/08\/1997octubre3.jpg\" alt=\"Domingo Nevado besando la Bandera durante la jura.\" width=\"656\" height=\"487\" srcset=\"https:\/\/static-blogs.hoy.es\/wp-content\/uploads\/sites\/57\/2013\/08\/1997octubre3.jpg 810w, https:\/\/static-blogs.hoy.es\/wp-content\/uploads\/sites\/57\/2013\/08\/1997octubre3-300x223.jpg 300w, https:\/\/static-blogs.hoy.es\/wp-content\/uploads\/sites\/57\/2013\/08\/1997octubre3-768x570.jpg 768w\" sizes=\"(max-width: 656px) 100vw, 656px\" \/><\/a><p id=\"caption-attachment-1510\" class=\"wp-caption-text\">Domingo Nevado besando la Bandera durante la jura.<\/p><\/div>\n<p>&nbsp;<\/p>\n<p>El <strong>8 de diciembre de 1997<\/strong>, durante la celebraci\u00f3n de <strong>La Inmaculada Concepci\u00f3n<\/strong>, patrona del CIMOV, su coronel jefe, Jes\u00fas Antol\u00edn Melgar destac\u00f3 que para el pr\u00f3ximo a\u00f1o les esperaba un gran reto: instruir a los soldados profesionales.<\/p>\n<p>&nbsp;<\/p>\n<div id=\"attachment_1511\" style=\"width: 671px\" class=\"wp-caption aligncenter\"><a href=\"\/dicestudemili\/wp-content\/uploads\/sites\/57\/2013\/08\/1997inmaculada.jpg\"><img aria-describedby=\"caption-attachment-1511\" loading=\"lazy\" class=\" wp-image-1511 \" title=\"La celebraci\u00f3n de La Inmaculada se hizo entre una espesa niebla.\" src=\"\/dicestudemili\/wp-content\/uploads\/sites\/57\/2013\/08\/1997inmaculada.jpg\" alt=\"La celebraci\u00f3n de La Inmaculada se hizo entre una espesa niebla.\" width=\"661\" height=\"390\" srcset=\"https:\/\/static-blogs.hoy.es\/wp-content\/uploads\/sites\/57\/2013\/08\/1997inmaculada.jpg 826w, https:\/\/static-blogs.hoy.es\/wp-content\/uploads\/sites\/57\/2013\/08\/1997inmaculada-300x177.jpg 300w, https:\/\/static-blogs.hoy.es\/wp-content\/uploads\/sites\/57\/2013\/08\/1997inmaculada-768x453.jpg 768w\" sizes=\"(max-width: 661px) 100vw, 661px\" \/><\/a><p id=\"caption-attachment-1511\" class=\"wp-caption-text\">La celebraci\u00f3n de La Inmaculada se hizo entre una espesa niebla.<\/p><\/div>\n<p>&nbsp;<\/p>\n<p>Durante el acto militar se entregaron distinciones al <strong>subteniente de infanter\u00eda Jos\u00e9 Antonio Santamar\u00eda Agudo<\/strong>, al <strong>teniente coronel de Infanter\u00eda M\u00e1ximo Rivera Calvo<\/strong>, al <strong>teniente coronel capell\u00e1n Jos\u00e9 Mar\u00eda Batuecas Puertas<\/strong>, al <strong>cabo primero Jos\u00e9 Mar\u00eda Gonz\u00e1lez Garc\u00eda<\/strong> y al <strong>alf\u00e9rez del Cuerpo de Sanidad Militar Juan Luis Trigueros Mart\u00edn<\/strong>.<\/p>\n<p>Se entregaron los premios tambi\u00e9n de distintas competiciones deportivas celebradas con motivo de la Patrona. El <strong>cabo primero Camis\u00f3n<\/strong> fue nombrado mejor tirador del CIMOV. En tiro de arma larga, el primer premio fue para el <strong>sargento primero Nogales<\/strong>, el segundo para el<strong> brigada Rubio<\/strong> y el tercero para el <strong>subteniente Rey<\/strong>. En la competici\u00f3n de cross, el ganador fue <strong>Eduardo S\u00e1nchez Saceda<\/strong>, de la 7\u00aa Compa\u00f1\u00eda, el segundo puesto fue para <strong>Emilio Beltr\u00e1n Artola<\/strong> de la 1\u00aa Compa\u00f1\u00eda, y el tercer premio para <strong>Mateo Franco Heredia<\/strong> de la 2\u00aa Compa\u00f1\u00eda.<\/p>\n<p>&nbsp;<\/p>\n<div id=\"attachment_1512\" style=\"width: 647px\" class=\"wp-caption aligncenter\"><a href=\"\/dicestudemili\/wp-content\/uploads\/sites\/57\/2013\/08\/1997inmaculada2.jpg\"><img aria-describedby=\"caption-attachment-1512\" loading=\"lazy\" class=\" wp-image-1512  \" title=\"Entrega de distinciones en la fiesta de La Inmaculada.\" src=\"\/dicestudemili\/wp-content\/uploads\/sites\/57\/2013\/08\/1997inmaculada2.jpg\" alt=\"Entrega de distinciones en la fiesta de La Inmaculada.\" width=\"637\" height=\"446\" srcset=\"https:\/\/static-blogs.hoy.es\/wp-content\/uploads\/sites\/57\/2013\/08\/1997inmaculada2.jpg 787w, https:\/\/static-blogs.hoy.es\/wp-content\/uploads\/sites\/57\/2013\/08\/1997inmaculada2-300x210.jpg 300w, https:\/\/static-blogs.hoy.es\/wp-content\/uploads\/sites\/57\/2013\/08\/1997inmaculada2-768x538.jpg 768w\" sizes=\"(max-width: 637px) 100vw, 637px\" \/><\/a><p id=\"caption-attachment-1512\" class=\"wp-caption-text\">Entrega de distinciones en la fiesta de La Inmaculada.<\/p><\/div>\n<p>&nbsp;<\/p>\n<p>Este a\u00f1o en el CIMOV tuvieron que &#8216;luchar&#8217; contra un enemigo peque\u00f1o pero muy peligroso: La <strong>meningitis meningoc\u00f3cica del grupo C<\/strong>. El 1 de abril ingres\u00f3 en la UCI del <strong>Hospital San Pedro de Alc\u00e1ntara de C\u00e1ceres<\/strong> un recluta de 18 a\u00f1os al tener la enfermedad. El recluta, cuyo nombre y apellidos se corresponden con las iniciales <strong>G. C. P.<\/strong> se hab\u00eda incorporado dos d\u00edas antes al acuartelamiento de C\u00e1ceres (el domingo), al haber pasado el permiso de Semana Santa en <strong>Cuenca<\/strong>. El martes por la tarde se sinti\u00f3 mal cuando estaba haciendo unas pr\u00e1cticas de campo, el sargento que estaba impartiendo las pr\u00e1cticas vio como el joven estaba como adormilado y poco despu\u00e9s vomitaba. Inmediatamente fue evacuado al botiqu\u00edn, en donde el alf\u00e9rez m\u00e9dico sospech\u00f3 que pod\u00eda ser un caso de meningitis. Para evitar cualquier contagio, el mi\u00e9rcoles por la ma\u00f1ana se aplic\u00f3 <strong>quimioprofilasis a m\u00e1s de 30 compa\u00f1eros<\/strong> del joven enfermo. Entre ellos, los tres reclutas que viajaron con \u00e9l en coche desde Cuenca a C\u00e1ceres, unos 20 de su Compa\u00f1\u00eda, dos con los que comparti\u00f3 tienda de campa\u00f1a en las pr\u00e1cticas, personal de botiqu\u00edn y ambulancia. Se quem\u00f3 la tienda de campa\u00f1a en la que estuvo y se desinfect\u00f3 todo el material que toc\u00f3 durante las pr\u00e1cticas.<\/p>\n<p>Ese a\u00f1o en Extremadura se detectaron <strong>35 casos m\u00e1s menigitis del tipo C<\/strong> en los seis primeros meses de 1997, muriendo cuatro personas. La Junta dispuso la <strong>vacunaci\u00f3n voluntaria de meningitis a 236.000 ni\u00f1os y j\u00f3venes, de 2 a 18 a\u00f1os<\/strong>, que viv\u00edan en Extremadura. El recluta de Cuenca se recuper\u00f3, aunque ser\u00e1 dif\u00edcil que se le olvide la mili que pas\u00f3 en C\u00e1ceres.<\/p>\n<p>&nbsp;<\/p>\n<p>&nbsp;<\/p>\n<p>&nbsp;<\/p>\n<!-- AddThis Advanced Settings generic via filter on the_content --><!-- AddThis Share Buttons generic via filter on the_content -->","protected":false},"excerpt":{"rendered":"<p>&nbsp; En los a\u00f1os noventa unos 10.000 j\u00f3venes se formaban militarmente cada a\u00f1o en el CIR Centro de C\u00e1ceres, que en 1997 pas\u00f3 a llamarse Centro de Instrucci\u00f3n y Movilizaci\u00f3n (CIMOV) n\u00famero 1. Para saber de d\u00f3nde ven\u00edan, podemos desgranar la procedencia de los 1.254 reclutas que juraron bandera el 19 de octubre de 1997. [&hellip;]<!-- AddThis Advanced Settings generic via filter on get_the_excerpt --><!-- AddThis Share Buttons generic via filter on get_the_excerpt --><\/p>\n","protected":false},"author":52,"featured_media":0,"comment_status":"open","ping_status":"closed","sticky":false,"template":"","format":"standard","meta":[],"categories":[3],"tags":[49,155,177,180,384,441,449,461,526,560,755,822,828,1037,1064,1067,1092,1102],"_links":{"self":[{"href":"https:\/\/blogs.hoy.es\/dicestudemili\/wp-json\/wp\/v2\/posts\/1505"}],"collection":[{"href":"https:\/\/blogs.hoy.es\/dicestudemili\/wp-json\/wp\/v2\/posts"}],"about":[{"href":"https:\/\/blogs.hoy.es\/dicestudemili\/wp-json\/wp\/v2\/types\/post"}],"author":[{"embeddable":true,"href":"https:\/\/blogs.hoy.es\/dicestudemili\/wp-json\/wp\/v2\/users\/52"}],"replies":[{"embeddable":true,"href":"https:\/\/blogs.hoy.es\/dicestudemili\/wp-json\/wp\/v2\/comments?post=1505"}],"version-history":[{"count":0,"href":"https:\/\/blogs.hoy.es\/dicestudemili\/wp-json\/wp\/v2\/posts\/1505\/revisions"}],"wp:attachment":[{"href":"https:\/\/blogs.hoy.es\/dicestudemili\/wp-json\/wp\/v2\/media?parent=1505"}],"wp:term":[{"taxonomy":"category","embeddable":true,"href":"https:\/\/blogs.hoy.es\/dicestudemili\/wp-json\/wp\/v2\/categories?post=1505"},{"taxonomy":"post_tag","embeddable":true,"href":"https:\/\/blogs.hoy.es\/dicestudemili\/wp-json\/wp\/v2\/tags?post=1505"}],"curies":[{"name":"wp","href":"https:\/\/api.w.org\/{rel}","templated":true}]}}