{"id":151,"date":"2012-11-28T07:31:40","date_gmt":"2012-11-28T07:31:40","guid":{"rendered":"http:\/\/blogs.hoy.es\/dicestudemili\/?p=151"},"modified":"2012-11-28T07:31:40","modified_gmt":"2012-11-28T07:31:40","slug":"1966-los-cacerenos-comienzan-a-convivir-con-miles-de-reclutas","status":"publish","type":"post","link":"https:\/\/blogs.hoy.es\/dicestudemili\/2012\/11\/28\/1966-los-cacerenos-comienzan-a-convivir-con-miles-de-reclutas\/","title":{"rendered":"1966: Los cacere\u00f1os comienzan a convivir con miles de reclutas"},"content":{"rendered":"<div id=\"attachment_152\" style=\"width: 624px\" class=\"wp-caption aligncenter\"><a href=\"\/dicestudemili\/wp-content\/uploads\/sites\/57\/2012\/11\/1966-soldados.jpg\"><img aria-describedby=\"caption-attachment-152\" loading=\"lazy\" class=\" wp-image-152 \" title=\"Reclutas en el Campamento Santa Ana.\" src=\"\/dicestudemili\/wp-content\/uploads\/sites\/57\/2012\/11\/1966-soldados.jpg\" alt=\"Reclutas en el Campamento Santa Ana.\" width=\"614\" height=\"922\" srcset=\"https:\/\/static-blogs.hoy.es\/wp-content\/uploads\/sites\/57\/2012\/11\/1966-soldados.jpg 728w, https:\/\/static-blogs.hoy.es\/wp-content\/uploads\/sites\/57\/2012\/11\/1966-soldados-200x300.jpg 200w, https:\/\/static-blogs.hoy.es\/wp-content\/uploads\/sites\/57\/2012\/11\/1966-soldados-683x1024.jpg 683w\" sizes=\"(max-width: 614px) 100vw, 614px\" \/><\/a><p id=\"caption-attachment-152\" class=\"wp-caption-text\">Reclutas en el Campamento Santa Ana.<\/p><\/div>\n<p>En el <strong>Campamento Santa Ana<\/strong> se siguen haciendo mejoras para alojar a numerosos j\u00f3venes que reciben aqu\u00ed la instrucci\u00f3n militar para ser soldados. C\u00e1ceres empieza a convivir con miles de reclutas, palabra que seg\u00fan la Real Academia de la Lengua Espa\u00f1ola sirve para definir, &#8220;al individuo sujeto a las obligaciones del servicio militar, desde que se inicia la situaci\u00f3n de disponibilidad hasta que jura fidelidad a la bandera&#8221;. Son soldados biso\u00f1os (otra definici\u00f3n de la RAE) que est\u00e1n form\u00e1ndose en el CIR tres meses. La imagen superior y la de abajo son de reclutas del a\u00f1o 1966 publicadas en el libro &#8216;C\u00e1ceres en fotos. Vida de una capital de provincia&#8217; de <strong>Jos\u00e9 Antonio Ramos Rubio<\/strong>.<\/p>\n<div id=\"attachment_153\" style=\"width: 665px\" class=\"wp-caption aligncenter\"><a href=\"\/dicestudemili\/wp-content\/uploads\/sites\/57\/2012\/11\/1966Rancho.jpg\"><img aria-describedby=\"caption-attachment-153\" loading=\"lazy\" class=\" wp-image-153  \" title=\"Comiendo el rancho.\" src=\"\/dicestudemili\/wp-content\/uploads\/sites\/57\/2012\/11\/1966Rancho.jpg\" alt=\"Comiendo el rancho.\" width=\"655\" height=\"437\" srcset=\"https:\/\/static-blogs.hoy.es\/wp-content\/uploads\/sites\/57\/2012\/11\/1966Rancho.jpg 1236w, https:\/\/static-blogs.hoy.es\/wp-content\/uploads\/sites\/57\/2012\/11\/1966Rancho-300x200.jpg 300w, https:\/\/static-blogs.hoy.es\/wp-content\/uploads\/sites\/57\/2012\/11\/1966Rancho-768x512.jpg 768w, https:\/\/static-blogs.hoy.es\/wp-content\/uploads\/sites\/57\/2012\/11\/1966Rancho-1024x683.jpg 1024w\" sizes=\"(max-width: 655px) 100vw, 655px\" \/><\/a><p id=\"caption-attachment-153\" class=\"wp-caption-text\">Comiendo el rancho.<\/p><\/div>\n<p>&nbsp;<\/p>\n<p>Una de las novedades de este a\u00f1o es el cambio del mando superior. Se va el primer coronel jefe del CIR n\u00famero 3 Santa Ana,<strong> Juc\u00e1 Casadevall<\/strong> (que es destinado a Alicante), para tomar el relevo en el mando en C\u00e1ceres el <strong>coronel Cer\u00f3n Gil<\/strong>.<\/p>\n<div id=\"attachment_154\" style=\"width: 355px\" class=\"wp-caption alignleft\"><a href=\"\/dicestudemili\/wp-content\/uploads\/sites\/57\/2012\/11\/1966-Junca-Casadeval.jpg\"><img aria-describedby=\"caption-attachment-154\" loading=\"lazy\" class=\" wp-image-154  \" title=\"Coronel Juca Casadeval.\" src=\"\/dicestudemili\/wp-content\/uploads\/sites\/57\/2012\/11\/1966-Junca-Casadeval.jpg\" alt=\"Coronel Juca Casadeval.\" width=\"345\" height=\"518\" srcset=\"https:\/\/static-blogs.hoy.es\/wp-content\/uploads\/sites\/57\/2012\/11\/1966-Junca-Casadeval.jpg 539w, https:\/\/static-blogs.hoy.es\/wp-content\/uploads\/sites\/57\/2012\/11\/1966-Junca-Casadeval-200x300.jpg 200w\" sizes=\"(max-width: 345px) 100vw, 345px\" \/><\/a><p id=\"caption-attachment-154\" class=\"wp-caption-text\">Coronel Juca Casadeval.<\/p><\/div>\n<p>&nbsp;<\/p>\n<p>&nbsp;<\/p>\n<p>&nbsp;<\/p>\n<p>&nbsp;<\/p>\n<p>&nbsp;<\/p>\n<p>&nbsp;<\/p>\n<p>&nbsp;<\/p>\n<p>&nbsp;<\/p>\n<p>&nbsp;<\/p>\n<p>&nbsp;<\/p>\n<p>&nbsp;<\/p>\n<p>&nbsp;<\/p>\n<p>&nbsp;<\/p>\n<p>&nbsp;<\/p>\n<p>&nbsp;<\/p>\n<p>&nbsp;<\/p>\n<p>&nbsp;<\/p>\n<p>&nbsp;<\/p>\n<p>&nbsp;<\/p>\n<p>&nbsp;<\/p>\n<p>&nbsp;<\/p>\n<p>Para tener m\u00e1s noticias de este a\u00f1o, en la secci\u00f3n &#8216;tus testimonios&#8217; se pueden leer los recuerdos de Gabriel Mayoral, que fue oficial en 1966.<\/p>\n<p>&nbsp;<\/p>\n<p>&nbsp;<\/p>\n<p>&nbsp;<\/p>\n<p>&nbsp;<\/p>\n<!-- AddThis Advanced Settings generic via filter on the_content --><!-- AddThis Share Buttons generic via filter on the_content -->","protected":false},"excerpt":{"rendered":"<p>En el Campamento Santa Ana se siguen haciendo mejoras para alojar a numerosos j\u00f3venes que reciben aqu\u00ed la instrucci\u00f3n militar para ser soldados. C\u00e1ceres empieza a convivir con miles de reclutas, palabra que seg\u00fan la Real Academia de la Lengua Espa\u00f1ola sirve para definir, &#8220;al individuo sujeto a las obligaciones del servicio militar, desde que [&hellip;]<!-- AddThis Advanced Settings generic via filter on get_the_excerpt --><!-- AddThis Share Buttons generic via filter on get_the_excerpt --><\/p>\n","protected":false},"author":52,"featured_media":0,"comment_status":"open","ping_status":"closed","sticky":false,"template":"","format":"standard","meta":[],"categories":[3],"tags":[370,745],"_links":{"self":[{"href":"https:\/\/blogs.hoy.es\/dicestudemili\/wp-json\/wp\/v2\/posts\/151"}],"collection":[{"href":"https:\/\/blogs.hoy.es\/dicestudemili\/wp-json\/wp\/v2\/posts"}],"about":[{"href":"https:\/\/blogs.hoy.es\/dicestudemili\/wp-json\/wp\/v2\/types\/post"}],"author":[{"embeddable":true,"href":"https:\/\/blogs.hoy.es\/dicestudemili\/wp-json\/wp\/v2\/users\/52"}],"replies":[{"embeddable":true,"href":"https:\/\/blogs.hoy.es\/dicestudemili\/wp-json\/wp\/v2\/comments?post=151"}],"version-history":[{"count":0,"href":"https:\/\/blogs.hoy.es\/dicestudemili\/wp-json\/wp\/v2\/posts\/151\/revisions"}],"wp:attachment":[{"href":"https:\/\/blogs.hoy.es\/dicestudemili\/wp-json\/wp\/v2\/media?parent=151"}],"wp:term":[{"taxonomy":"category","embeddable":true,"href":"https:\/\/blogs.hoy.es\/dicestudemili\/wp-json\/wp\/v2\/categories?post=151"},{"taxonomy":"post_tag","embeddable":true,"href":"https:\/\/blogs.hoy.es\/dicestudemili\/wp-json\/wp\/v2\/tags?post=151"}],"curies":[{"name":"wp","href":"https:\/\/api.w.org\/{rel}","templated":true}]}}