{"id":1514,"date":"2013-08-20T06:49:33","date_gmt":"2013-08-20T06:49:33","guid":{"rendered":"http:\/\/blogs.hoy.es\/dicestudemili\/?p=1514"},"modified":"2013-08-20T06:49:33","modified_gmt":"2013-08-20T06:49:33","slug":"1997-4-las-marchas-al-santuario-de-la-montana-para-despedirse-de-la-mili","status":"publish","type":"post","link":"https:\/\/blogs.hoy.es\/dicestudemili\/2013\/08\/20\/1997-4-las-marchas-al-santuario-de-la-montana-para-despedirse-de-la-mili\/","title":{"rendered":"1997 (4): Las marchas militares de veteranos al santuario de la Monta\u00f1a para despedirse de la mili"},"content":{"rendered":"<div id=\"attachment_1515\" style=\"width: 650px\" class=\"wp-caption aligncenter\"><a href=\"\/dicestudemili\/wp-content\/uploads\/sites\/57\/2013\/08\/1997-Monta\u00f1a.jpg\"><img aria-describedby=\"caption-attachment-1515\" loading=\"lazy\" class=\" wp-image-1515  \" title=\"Participantes en la primera marcha de veteranos, el 15 de abril de 1997.\" src=\"\/dicestudemili\/wp-content\/uploads\/sites\/57\/2013\/08\/1997-Monta\u00f1a.jpg\" alt=\"Participantes en la primera marcha de veteranos, el 15 de abril de 1997.\" width=\"640\" height=\"436\" srcset=\"https:\/\/static-blogs.hoy.es\/wp-content\/uploads\/sites\/57\/2013\/08\/1997-Monta\u00f1a.jpg 889w, https:\/\/static-blogs.hoy.es\/wp-content\/uploads\/sites\/57\/2013\/08\/1997-Monta\u00f1a-300x204.jpg 300w, https:\/\/static-blogs.hoy.es\/wp-content\/uploads\/sites\/57\/2013\/08\/1997-Monta\u00f1a-768x523.jpg 768w\" sizes=\"(max-width: 640px) 100vw, 640px\" \/><\/a><p id=\"caption-attachment-1515\" class=\"wp-caption-text\">Participantes en la primera marcha de veteranos, el 15 de abril de 1997.<\/p><\/div>\n<p>&nbsp;<\/p>\n<p>En el a\u00f1o 1997 el <strong>coronel jefe del CIR de C\u00e1ceres Daniel Oliver<\/strong> quiso institucionalizar una marcha militar desde el centro de instrucci\u00f3n al santuario de la Virgen de la Monta\u00f1a, para que los veteranos que hac\u00edan el servicio militar completo en C\u00e1ceres se despidieran de la Patrona de la ciudad.<\/p>\n<p>El <strong>15 de abril de 1997<\/strong>, a las nueve de la ma\u00f1ana salieron del CIR 70 soldados veteranos que se iban a licenciar el 13 de mayo, a los que acompa\u00f1aron 25 mandos (entre ellos el propio coronel) y 3 civiles que trabajaban en el centro militar. Tras una <strong>caminata de unos siete kil\u00f3metros<\/strong>, con dos descansos, llegaron al Santuario a las diez y media de la ma\u00f1ana. Los soldados y mandos entregaron a la Patrona el antiguo bander\u00edn de la <strong>Unidad de Servicios del CIR Centro<\/strong> que se hab\u00eda modificado en 1992. <strong>En la Unidad de Servicios estaba casi el 85% de los soldados que hac\u00edan el servicio militar en C\u00e1ceres<\/strong>, el resto lo hac\u00edan como auxiliares de las compa\u00f1\u00edas de la Unidad de Instrucci\u00f3n. El vicemayordomo de la Cofrad\u00eda de la Virgen de la Monta\u00f1a,\u00a0<strong>Ernesto Rosano<\/strong>, recibi\u00f3 a los militares que despu\u00e9s de rezar tres avemar\u00edas con su <strong>capell\u00e1n Jos\u00e9 Mar\u00eda Batuecas<\/strong> y pedir por la paz en el mundo, se volvieron andando al <strong>Campamento Santa Ana<\/strong>.<\/p>\n<p>&nbsp;<\/p>\n<div id=\"attachment_1516\" style=\"width: 606px\" class=\"wp-caption aligncenter\"><a href=\"\/dicestudemili\/wp-content\/uploads\/sites\/57\/2013\/08\/1997-Monta\u00f1a2.jpg\"><img aria-describedby=\"caption-attachment-1516\" loading=\"lazy\" class=\" wp-image-1516 \" title=\"El coronel Daniel Oliver entreg\u00f3 el bander\u00edn a la Virgen de La Monta\u00f1a.\" src=\"\/dicestudemili\/wp-content\/uploads\/sites\/57\/2013\/08\/1997-Monta\u00f1a2.jpg\" alt=\"El coronel Daniel Oliver entreg\u00f3 el bander\u00edn a la Virgen de La Monta\u00f1a.\" width=\"596\" height=\"454\" srcset=\"https:\/\/static-blogs.hoy.es\/wp-content\/uploads\/sites\/57\/2013\/08\/1997-Monta\u00f1a2.jpg 745w, https:\/\/static-blogs.hoy.es\/wp-content\/uploads\/sites\/57\/2013\/08\/1997-Monta\u00f1a2-300x228.jpg 300w\" sizes=\"(max-width: 596px) 100vw, 596px\" \/><\/a><p id=\"caption-attachment-1516\" class=\"wp-caption-text\">El coronel Daniel Oliver entreg\u00f3 el bander\u00edn a la Virgen de La Monta\u00f1a.<\/p><\/div>\n<p>&nbsp;<\/p>\n<p>El <strong>28 de octubre de 1997<\/strong> se volvi\u00f3 a hacer otra marcha de veteranos de C\u00e1ceres al Santuario. Esta vez participaron 55 soldados de la Unidad de Servicios y 20 de la Unidad de Instrucci\u00f3n, a los que acompa\u00f1aron 8 mandos y varios civiles que trabajaban en el acuartelamiento. Salieron a las 8 de la ma\u00f1ana y llegaron pasadas las nueve y media.<\/p>\n<p>Subir andando al santuario de la Virgen de la Monta\u00f1a es una costumbre que realiza bastante gente en C\u00e1ceres. Dio la casualidad que mientras descansaban los soldados en la explanada, lleg\u00f3 un joven que hab\u00eda realizado la subida con los pies descalzos.<\/p>\n<p>Las siguientes fotos son de los soldados antes de reiniciar la marcha para regresar al que por aquellas fechas ya se llamaba CIMOV y no CIR. Ellos se iban a licenciar el <strong>13 de noviembre de 1997<\/strong>.<\/p>\n<p>&nbsp;<\/p>\n<div id=\"attachment_1518\" style=\"width: 688px\" class=\"wp-caption aligncenter\"><a href=\"\/dicestudemili\/wp-content\/uploads\/sites\/57\/2013\/08\/1997-soldados.jpg\"><img aria-describedby=\"caption-attachment-1518\" loading=\"lazy\" class=\" wp-image-1518    \" title=\"Prepar\u00e1ndose para regresar al Campamento Santa Ana.\" src=\"\/dicestudemili\/wp-content\/uploads\/sites\/57\/2013\/08\/1997-soldados.jpg\" alt=\"Prepar\u00e1ndose para regresar al Campamento Santa Ana.\" width=\"678\" height=\"490\" srcset=\"https:\/\/static-blogs.hoy.es\/wp-content\/uploads\/sites\/57\/2013\/08\/1997-soldados.jpg 930w, https:\/\/static-blogs.hoy.es\/wp-content\/uploads\/sites\/57\/2013\/08\/1997-soldados-300x216.jpg 300w, https:\/\/static-blogs.hoy.es\/wp-content\/uploads\/sites\/57\/2013\/08\/1997-soldados-768x554.jpg 768w\" sizes=\"(max-width: 678px) 100vw, 678px\" \/><\/a><p id=\"caption-attachment-1518\" class=\"wp-caption-text\">Prepar\u00e1ndose para regresar al Campamento Santa Ana.<\/p><\/div>\n<p>&nbsp;<\/p>\n<div id=\"attachment_1519\" style=\"width: 648px\" class=\"wp-caption aligncenter\"><a href=\"\/dicestudemili\/wp-content\/uploads\/sites\/57\/2013\/08\/1997soldados2.jpg\"><img aria-describedby=\"caption-attachment-1519\" loading=\"lazy\" class=\" wp-image-1519 \" title=\"Siete soldados veteranos, a los que les faltaba 15 d\u00edas para licenciarse.\" src=\"\/dicestudemili\/wp-content\/uploads\/sites\/57\/2013\/08\/1997soldados2.jpg\" alt=\"Siete soldados veteranos, a los que les faltaba 15 d\u00edas para licenciarse.\" width=\"638\" height=\"481\" srcset=\"https:\/\/static-blogs.hoy.es\/wp-content\/uploads\/sites\/57\/2013\/08\/1997soldados2.jpg 709w, https:\/\/static-blogs.hoy.es\/wp-content\/uploads\/sites\/57\/2013\/08\/1997soldados2-300x226.jpg 300w\" sizes=\"(max-width: 638px) 100vw, 638px\" \/><\/a><p id=\"caption-attachment-1519\" class=\"wp-caption-text\">Siete soldados veteranos, a los que les faltaba 15 d\u00edas para licenciarse.<\/p><\/div>\n<p>&nbsp;<\/p>\n<p>Por otra parte, el <strong>Ayuntamiento<\/strong> sigui\u00f3 manteniendo la costumbre de recibir a una representaci\u00f3n de cada llamamiento, para darle la bienvenida a la ciudad en la que iban a empezar a hacer su mili. Por estas fechas los llamamientos eran cuatro al a\u00f1o.<\/p>\n<p>&nbsp;<\/p>\n<div id=\"attachment_1520\" style=\"width: 643px\" class=\"wp-caption aligncenter\"><a href=\"\/dicestudemili\/wp-content\/uploads\/sites\/57\/2013\/08\/1F00L8J1.jpg\"><img aria-describedby=\"caption-attachment-1520\" loading=\"lazy\" class=\" wp-image-1520     \" title=\"El concejal Valeriano Hornero dando la bienvenida a la ciudad a nuevos reclutas.\" src=\"\/dicestudemili\/wp-content\/uploads\/sites\/57\/2013\/08\/1F00L8J1.jpg\" alt=\"El concejal Valeriano Hornero dando la bienvenida a la ciudad a nuevos reclutas.\" width=\"633\" height=\"409\" srcset=\"https:\/\/static-blogs.hoy.es\/wp-content\/uploads\/sites\/57\/2013\/08\/1F00L8J1.jpg 976w, https:\/\/static-blogs.hoy.es\/wp-content\/uploads\/sites\/57\/2013\/08\/1F00L8J1-300x194.jpg 300w, https:\/\/static-blogs.hoy.es\/wp-content\/uploads\/sites\/57\/2013\/08\/1F00L8J1-768x496.jpg 768w\" sizes=\"(max-width: 633px) 100vw, 633px\" \/><\/a><p id=\"caption-attachment-1520\" class=\"wp-caption-text\">El concejal Valeriano Hornero dando la bienvenida a la ciudad a nuevos reclutas.<\/p><\/div>\n<p>&nbsp;<\/p>\n<!-- AddThis Advanced Settings generic via filter on the_content --><!-- AddThis Share Buttons generic via filter on the_content -->","protected":false},"excerpt":{"rendered":"<p>&nbsp; En el a\u00f1o 1997 el coronel jefe del CIR de C\u00e1ceres Daniel Oliver quiso institucionalizar una marcha militar desde el centro de instrucci\u00f3n al santuario de la Virgen de la Monta\u00f1a, para que los veteranos que hac\u00edan el servicio militar completo en C\u00e1ceres se despidieran de la Patrona de la ciudad. El 15 de [&hellip;]<!-- AddThis Advanced Settings generic via filter on get_the_excerpt --><!-- AddThis Share Buttons generic via filter on get_the_excerpt --><\/p>\n","protected":false},"author":52,"featured_media":0,"comment_status":"open","ping_status":"closed","sticky":false,"template":"","format":"standard","meta":[],"categories":[3],"tags":[219,372,472,801,1012,1160],"_links":{"self":[{"href":"https:\/\/blogs.hoy.es\/dicestudemili\/wp-json\/wp\/v2\/posts\/1514"}],"collection":[{"href":"https:\/\/blogs.hoy.es\/dicestudemili\/wp-json\/wp\/v2\/posts"}],"about":[{"href":"https:\/\/blogs.hoy.es\/dicestudemili\/wp-json\/wp\/v2\/types\/post"}],"author":[{"embeddable":true,"href":"https:\/\/blogs.hoy.es\/dicestudemili\/wp-json\/wp\/v2\/users\/52"}],"replies":[{"embeddable":true,"href":"https:\/\/blogs.hoy.es\/dicestudemili\/wp-json\/wp\/v2\/comments?post=1514"}],"version-history":[{"count":0,"href":"https:\/\/blogs.hoy.es\/dicestudemili\/wp-json\/wp\/v2\/posts\/1514\/revisions"}],"wp:attachment":[{"href":"https:\/\/blogs.hoy.es\/dicestudemili\/wp-json\/wp\/v2\/media?parent=1514"}],"wp:term":[{"taxonomy":"category","embeddable":true,"href":"https:\/\/blogs.hoy.es\/dicestudemili\/wp-json\/wp\/v2\/categories?post=1514"},{"taxonomy":"post_tag","embeddable":true,"href":"https:\/\/blogs.hoy.es\/dicestudemili\/wp-json\/wp\/v2\/tags?post=1514"}],"curies":[{"name":"wp","href":"https:\/\/api.w.org\/{rel}","templated":true}]}}