{"id":1522,"date":"2013-08-23T06:57:39","date_gmt":"2013-08-23T06:57:39","guid":{"rendered":"http:\/\/blogs.hoy.es\/dicestudemili\/?p=1522"},"modified":"2013-08-23T06:57:39","modified_gmt":"2013-08-23T06:57:39","slug":"1997-y-5-nevando-en-la-jura-de-bandera-y-un-desertor-en-las-fallas-de-valencia","status":"publish","type":"post","link":"https:\/\/blogs.hoy.es\/dicestudemili\/2013\/08\/23\/1997-y-5-nevando-en-la-jura-de-bandera-y-un-desertor-en-las-fallas-de-valencia\/","title":{"rendered":"1997 (y 5): Nevando en la jura de bandera y un desertor en Las Fallas de Valencia"},"content":{"rendered":"<p>En el blog <strong>Historias de El Pardo<\/strong>, dos personas que hicieron la mili en C\u00e1ceres este a\u00f1o recuerdan de una manera especial la jura de bandera del <strong>5 de enero de 1997<\/strong>. Uno de ellos, que no firma su comentario, se\u00f1ala: &#8220;<em>Buenas, yo soy del \u00a0cuarto reemplazo de 1996 y recuerdo esa explanada como si fuera ayer. Jur\u00e9 bandera el d\u00eda antes de Reyes y, mira por donde, cay\u00f3 una nevada en mitad de la Jura. Ni los m\u00e1s viejos se acordaban de ver nevar. La pe\u00f1a se ca\u00eda al suelo del fr\u00edo. Tambi\u00e9n recuerdo un chaparr\u00f3n de agua brutal ensayando el desfile que nos dejo a toda la 2\u00aa Compa\u00f1\u00eda chorreando. UNA PICA EN FLANDES. Saludos<\/em>&#8220;.<\/p>\n<p><strong>Antonio Osorio<\/strong> a\u00f1ade: &#8220;<em><span style=\"font-size: 13px;\">Hola compa\u00f1eros. Yo tambi\u00e9n hice la mili en el CIR Centro Santa Ana, mi nombre es Antonio Osorio, fui en el cuarto reemplazo del 96, estaba en la 6\u00aa Compa\u00f1\u00eda (<strong>capit\u00e1n Galindo<\/strong>, <strong>teniente Dur\u00e1n<\/strong>, <strong>sargento primero Meg\u00eda<\/strong>, <strong>sargento primero Mateo<\/strong> y <strong>cabo primero Pulido<\/strong>, me falta alguno) y por lo menos en aqu\u00e9l a\u00f1o era la compa\u00f1\u00eda m\u00e1s suavita, la peor era la 7\u00aa Compa\u00f1\u00eda a la que llamaban la &#8216;mini legi\u00f3n&#8217; con el <strong>capit\u00e1n Bernal<\/strong> a la cabeza. Al jurar bandera (que como ha dicho otro compa\u00f1ero fue un 5 de enero del 97) estaba nevando, con un fr\u00edo de cojones. Entr\u00e9 en la <strong>Vigilancia Militar<\/strong> (VM operativa). Si alguien que se acuerda de m\u00ed y quiere ponerse en contacto conmigo me puede buscar en Facebook.\u00a0<\/span><\/em><span style=\"font-size: 13px;\"><em>Me despido de ustedes con el grito de rompan filas de la 6\u00aa Compa\u00f1\u00eda&#8230; \u00a1A VIVIR!<\/em>&#8220;.<\/span><\/p>\n<p>Hab\u00eda cuatro juras al a\u00f1o y algunos que la tuvieron en enero recuerdan el excesivo fr\u00edo y los que la tuvieron en verano no olvidan el exagerado calor. A continuaci\u00f3n publicanos dos im\u00e1genes de una jura de este a\u00f1o en C\u00e1ceres menos accidentada.<\/p>\n<p>&nbsp;<\/p>\n<div id=\"attachment_1523\" style=\"width: 663px\" class=\"wp-caption aligncenter\"><a href=\"\/dicestudemili\/wp-content\/uploads\/sites\/57\/2013\/08\/1997militares.jpg\"><img aria-describedby=\"caption-attachment-1523\" loading=\"lazy\" class=\" wp-image-1523  \" title=\"Una jura de 1997 con numeroso p\u00fablico.\" src=\"\/dicestudemili\/wp-content\/uploads\/sites\/57\/2013\/08\/1997militares.jpg\" alt=\"Una jura de 1997 con numeroso p\u00fablico.\" width=\"653\" height=\"434\" srcset=\"https:\/\/static-blogs.hoy.es\/wp-content\/uploads\/sites\/57\/2013\/08\/1997militares.jpg 807w, https:\/\/static-blogs.hoy.es\/wp-content\/uploads\/sites\/57\/2013\/08\/1997militares-300x199.jpg 300w, https:\/\/static-blogs.hoy.es\/wp-content\/uploads\/sites\/57\/2013\/08\/1997militares-768x509.jpg 768w\" sizes=\"(max-width: 653px) 100vw, 653px\" \/><\/a><p id=\"caption-attachment-1523\" class=\"wp-caption-text\">Una jura de bandera en 1997 con numeroso p\u00fablico.<\/p><\/div>\n<p>&nbsp;<\/p>\n<p>En las juras se sol\u00eda regalar un ramo de flores a la madre de un recluta que representaba a todas las madres.<\/p>\n<p>&nbsp;<\/p>\n<div id=\"attachment_1524\" style=\"width: 646px\" class=\"wp-caption aligncenter\"><a href=\"\/dicestudemili\/wp-content\/uploads\/sites\/57\/2013\/08\/1997e.jpg\"><img aria-describedby=\"caption-attachment-1524\" loading=\"lazy\" class=\" wp-image-1524 \" title=\"El homenaje a las madres de los reclutas.\" src=\"\/dicestudemili\/wp-content\/uploads\/sites\/57\/2013\/08\/1997e.jpg\" alt=\"El homenaje a las madres de los reclutas.\" width=\"636\" height=\"514\" srcset=\"https:\/\/static-blogs.hoy.es\/wp-content\/uploads\/sites\/57\/2013\/08\/1997e.jpg 707w, https:\/\/static-blogs.hoy.es\/wp-content\/uploads\/sites\/57\/2013\/08\/1997e-300x242.jpg 300w\" sizes=\"(max-width: 636px) 100vw, 636px\" \/><\/a><p id=\"caption-attachment-1524\" class=\"wp-caption-text\">El homenaje a las madres de los reclutas.<\/p><\/div>\n<p>&nbsp;<\/p>\n<p>Tampoco hubo problemas de fr\u00edo en el acto militar que tuvo lugar en el Campamento Santa Ana el <strong>26 de mayo de 1997<\/strong>, cuando el <strong>coronel jefe del CIR Daniel Oliver Galmes<\/strong> entreg\u00f3 el mando al c<strong>oronel Jes\u00fas Antol\u00edn Melgar Riol<\/strong> (Mayorga de Campos-Valladolid, 1942).<\/p>\n<p>&nbsp;<\/p>\n<div id=\"attachment_1526\" style=\"width: 660px\" class=\"wp-caption alignleft\"><a href=\"\/dicestudemili\/wp-content\/uploads\/sites\/57\/2013\/08\/1997-a.jpg\"><img aria-describedby=\"caption-attachment-1526\" loading=\"lazy\" class=\" wp-image-1526     \" title=\"Los dos coroneles en la entrega del mando: Daniel Oliver y Jes\u00fas Antol\u00edn Melgar.\" src=\"\/dicestudemili\/wp-content\/uploads\/sites\/57\/2013\/08\/1997-a.jpg\" alt=\"Los dos coroneles en la entrega del mando: Daniel Oliver y Jes\u00fas Antol\u00edn Melgar.\" width=\"650\" height=\"459\" srcset=\"https:\/\/static-blogs.hoy.es\/wp-content\/uploads\/sites\/57\/2013\/08\/1997-a.jpg 931w, https:\/\/static-blogs.hoy.es\/wp-content\/uploads\/sites\/57\/2013\/08\/1997-a-300x212.jpg 300w, https:\/\/static-blogs.hoy.es\/wp-content\/uploads\/sites\/57\/2013\/08\/1997-a-768x544.jpg 768w\" sizes=\"(max-width: 650px) 100vw, 650px\" \/><\/a><p id=\"caption-attachment-1526\" class=\"wp-caption-text\">Los dos coroneles en la entrega del mando: Daniel Oliver y Jes\u00fas Antol\u00edn Melgar.<\/p><\/div>\n<p>&nbsp;<\/p>\n<div id=\"attachment_1527\" style=\"width: 739px\" class=\"wp-caption alignright\"><a href=\"\/dicestudemili\/wp-content\/uploads\/sites\/57\/2013\/08\/1997b.jpg\"><img aria-describedby=\"caption-attachment-1527\" loading=\"lazy\" class=\" wp-image-1527    \" title=\"El coronel Oliver besa la bandera que sostiene su sustituto, el coronel Melgar.\" src=\"\/dicestudemili\/wp-content\/uploads\/sites\/57\/2013\/08\/1997b.jpg\" alt=\"El coronel Oliver besa la bandera que sostiene su sustituto, el coronel Melgar.\" width=\"729\" height=\"504\" srcset=\"https:\/\/static-blogs.hoy.es\/wp-content\/uploads\/sites\/57\/2013\/08\/1997b.jpg 1220w, https:\/\/static-blogs.hoy.es\/wp-content\/uploads\/sites\/57\/2013\/08\/1997b-300x207.jpg 300w, https:\/\/static-blogs.hoy.es\/wp-content\/uploads\/sites\/57\/2013\/08\/1997b-768x531.jpg 768w, https:\/\/static-blogs.hoy.es\/wp-content\/uploads\/sites\/57\/2013\/08\/1997b-1024x708.jpg 1024w\" sizes=\"(max-width: 729px) 100vw, 729px\" \/><\/a><p id=\"caption-attachment-1527\" class=\"wp-caption-text\">El coronel Oliver besa la bandera que sostiene su sustituto, el coronel Melgar.<\/p><\/div>\n<p>&nbsp;<\/p>\n<p><span style=\"font-size: 13px;\">El acto se hizo ante dos mil reclutas y soldados. Asisti\u00f3 el <strong>general jefe del Mando Regional Centro Juan Bada Requena<\/strong>.<\/span><\/p>\n<p>&nbsp;<\/p>\n<div id=\"attachment_1528\" style=\"width: 681px\" class=\"wp-caption aligncenter\"><a href=\"\/dicestudemili\/wp-content\/uploads\/sites\/57\/2013\/08\/1997c.jpg\"><img aria-describedby=\"caption-attachment-1528\" loading=\"lazy\" class=\" wp-image-1528 \" title=\"El general Juan Bada Requena pas\u00f3 revista a soldados y reclutas.\" src=\"\/dicestudemili\/wp-content\/uploads\/sites\/57\/2013\/08\/1997c.jpg\" alt=\"El general Juan Bada Requena pas\u00f3 revista a soldados y reclutas.\" width=\"671\" height=\"498\" srcset=\"https:\/\/static-blogs.hoy.es\/wp-content\/uploads\/sites\/57\/2013\/08\/1997c.jpg 745w, https:\/\/static-blogs.hoy.es\/wp-content\/uploads\/sites\/57\/2013\/08\/1997c-300x223.jpg 300w\" sizes=\"(max-width: 671px) 100vw, 671px\" \/><\/a><p id=\"caption-attachment-1528\" class=\"wp-caption-text\">El general Juan Bada Requena pas\u00f3 revista a soldados y reclutas.<\/p><\/div>\n<p>&nbsp;<\/p>\n<p>En el grupo de Facebook &#8216;<strong>Yo hice la mili en el CIR de C\u00e1ceres o CIMOV n\u00ba 1<\/strong>&#8216;, hace el siguiente comentario <strong>Jordi P\u00e9rez G\u00f3mez<\/strong>: &#8220;<em>Saludos a todos. Yo fui del primer reemplazo de 1997, de la 5\u00aa Compa\u00f1\u00eda (\u00a1A vivir!) conocida por todos como &#8216;el hotelito&#8217;. Ese a\u00f1o fue muy sonado por el desertor de <strong>Bilbao<\/strong> que fue pillado en <strong>Valencia<\/strong>, en <strong>Las Fallas<\/strong><\/em>&#8220;.<\/p>\n<p><strong>Tino Trivino<\/strong> escribe lo siguiente en el mismo grupo: \u00a0&#8220;<span style=\"font-size: 13px;\"><em>Bueno, yo estuve tambi\u00e9n en 1997. Juramos bandera en octubre, justo unos d\u00edas despu\u00e9s de mi cumple jaja (17.10), vaya fiest\u00f3n y eso que hab\u00eda planeado todo ca\u00f3ticamente; pero teniendo a Rub\u00e9n a mi lado, se nos convirti\u00f3 en una fiesta no solo de mi cumple, sino como despedida tambi\u00e9n. Que buena esa fiesta jajaja&#8230; Bueno, era de la 7\u00aa Compa\u00f1\u00eda, mi n\u00famero creo que era el 172. Por cierto&#8230; \u00bfexistir\u00e1 todav\u00eda &#8216;<strong>La Cueva<\/strong>&#8216;? jajajajaja<\/em>&#8220;.<\/span><\/p>\n<p>En este grupo de Facebook <strong>Jos\u00e9 P\u00e9rez Mart\u00edn<\/strong>\u00a0publica la siguiente fotograf\u00eda de reclutas del segundo reemplazo.<\/p>\n<p>&nbsp;<\/p>\n<div id=\"attachment_1529\" style=\"width: 572px\" class=\"wp-caption aligncenter\"><a href=\"\/dicestudemili\/wp-content\/uploads\/sites\/57\/2013\/08\/1997-2\u00ba-6\u00aaCIAP\u00e9rez-Mart\u00edn.jpg\"><img aria-describedby=\"caption-attachment-1529\" loading=\"lazy\" class=\" wp-image-1529  \" title=\"Reclutas del segundo reemplazo de 1997, la mayor\u00eda de la 6\u00aa Compa\u00f1\u00eda.\" src=\"\/dicestudemili\/wp-content\/uploads\/sites\/57\/2013\/08\/1997-2\u00ba-6\u00aaCIAP\u00e9rez-Mart\u00edn.jpg\" alt=\"Reclutas del segundo reemplazo de 1997, la mayor\u00eda de la 6\u00aa Compa\u00f1\u00eda.\" width=\"562\" height=\"421\" srcset=\"https:\/\/static-blogs.hoy.es\/wp-content\/uploads\/sites\/57\/2013\/08\/1997-2\u00ba-6\u00aaCIAP\u00e9rez-Mart\u00edn.jpg 780w, https:\/\/static-blogs.hoy.es\/wp-content\/uploads\/sites\/57\/2013\/08\/1997-2\u00ba-6\u00aaCIAP\u00e9rez-Mart\u00edn-300x225.jpg 300w, https:\/\/static-blogs.hoy.es\/wp-content\/uploads\/sites\/57\/2013\/08\/1997-2\u00ba-6\u00aaCIAP\u00e9rez-Mart\u00edn-768x576.jpg 768w\" sizes=\"(max-width: 562px) 100vw, 562px\" \/><\/a><p id=\"caption-attachment-1529\" class=\"wp-caption-text\">Reclutas del segundo reemplazo de 1997, la mayor\u00eda de la 6\u00aa Compa\u00f1\u00eda.<\/p><\/div>\n<p>&nbsp;<\/p>\n<p>&nbsp;<\/p>\n<p>&nbsp;<\/p>\n<p>&nbsp;<\/p>\n<p>&nbsp;<\/p>\n<p>&nbsp;<\/p>\n<p>&nbsp;<\/p>\n<p>&nbsp;<\/p>\n<p>&nbsp;<\/p>\n<p>&nbsp;<\/p>\n<!-- AddThis Advanced Settings generic via filter on the_content --><!-- AddThis Share Buttons generic via filter on the_content -->","protected":false},"excerpt":{"rendered":"<p>En el blog Historias de El Pardo, dos personas que hicieron la mili en C\u00e1ceres este a\u00f1o recuerdan de una manera especial la jura de bandera del 5 de enero de 1997. Uno de ellos, que no firma su comentario, se\u00f1ala: &#8220;Buenas, yo soy del \u00a0cuarto reemplazo de 1996 y recuerdo esa explanada como si [&hellip;]<!-- AddThis Advanced Settings generic via filter on get_the_excerpt --><!-- AddThis Share Buttons generic via filter on get_the_excerpt --><\/p>\n","protected":false},"author":52,"featured_media":0,"comment_status":"open","ping_status":"closed","sticky":false,"template":"","format":"standard","meta":[],"categories":[3],"tags":[187,225,237,373,384,563,600,664,708,753,1034,1035,1109,1144,1181],"_links":{"self":[{"href":"https:\/\/blogs.hoy.es\/dicestudemili\/wp-json\/wp\/v2\/posts\/1522"}],"collection":[{"href":"https:\/\/blogs.hoy.es\/dicestudemili\/wp-json\/wp\/v2\/posts"}],"about":[{"href":"https:\/\/blogs.hoy.es\/dicestudemili\/wp-json\/wp\/v2\/types\/post"}],"author":[{"embeddable":true,"href":"https:\/\/blogs.hoy.es\/dicestudemili\/wp-json\/wp\/v2\/users\/52"}],"replies":[{"embeddable":true,"href":"https:\/\/blogs.hoy.es\/dicestudemili\/wp-json\/wp\/v2\/comments?post=1522"}],"version-history":[{"count":0,"href":"https:\/\/blogs.hoy.es\/dicestudemili\/wp-json\/wp\/v2\/posts\/1522\/revisions"}],"wp:attachment":[{"href":"https:\/\/blogs.hoy.es\/dicestudemili\/wp-json\/wp\/v2\/media?parent=1522"}],"wp:term":[{"taxonomy":"category","embeddable":true,"href":"https:\/\/blogs.hoy.es\/dicestudemili\/wp-json\/wp\/v2\/categories?post=1522"},{"taxonomy":"post_tag","embeddable":true,"href":"https:\/\/blogs.hoy.es\/dicestudemili\/wp-json\/wp\/v2\/tags?post=1522"}],"curies":[{"name":"wp","href":"https:\/\/api.w.org\/{rel}","templated":true}]}}