{"id":1530,"date":"2013-08-27T06:13:03","date_gmt":"2013-08-27T06:13:03","guid":{"rendered":"http:\/\/blogs.hoy.es\/dicestudemili\/?p=1530"},"modified":"2013-08-27T06:13:03","modified_gmt":"2013-08-27T06:13:03","slug":"1998-1-llega-la-formacion-de-los-soldados-profesionales-y-las-mujeres","status":"publish","type":"post","link":"https:\/\/blogs.hoy.es\/dicestudemili\/2013\/08\/27\/1998-1-llega-la-formacion-de-los-soldados-profesionales-y-las-mujeres\/","title":{"rendered":"1998 (1): Llega la instrucci\u00f3n a soldados profesionales&#8230; y las mujeres"},"content":{"rendered":"<p>A partir de este a\u00f1o, en el centro de instrucci\u00f3n de C\u00e1ceres comienzan a convivir los reclutas que hacen el servicio militar obligatorio y los j\u00f3venes que se forman para pertenecer al Ej\u00e9rcito de Tierra de manera profesional.<\/p>\n<p>El <strong>Ministerio de Defensa<\/strong> ven\u00eda ofreciendo plazas de tropa profesional desde el a\u00f1o 1993, pero es en 1998 cuando utiliza el CIMOV de C\u00e1ceres para realizar su periodo de instrucci\u00f3n. En <strong>marzo de 1998 en el Campamento Santa Ana hab\u00eda 50 soldados profesionales<\/strong>, entre ellos una mujer con la graduaci\u00f3n de cabo; pero el <strong>4 de mayo llegan a C\u00e1ceres 1.467 j\u00f3venes que tienen la esperanza de ser soldados profesionales<\/strong>, y entre ellos hay un centenar de mujeres.<\/p>\n<p>Es ahora cuando <strong>la mujer comienza a ser visible en el Ej\u00e9rcito<\/strong>, aunque fue el 10 de marzo de 1988 cuando en Espa\u00f1a se aprueba una ley que permite a la mujer acceder a cargos en el Ej\u00e9rcito por oposici\u00f3n regulada.<\/p>\n<p>En el a\u00f1o 1998 el Estado ofrece un total de 18.000 plazas en el Ej\u00e9rcito, 6.000 plazas en cada una de las tres convocatorias anuales. Estaba previsto que en el CIMOV de C\u00e1ceres se formara profesionalmente a partir del 4 de mayo a 1.267 j\u00f3venes. Se presentaron 1.467 que realizaron las pruebas f\u00edsicas eliminatorias, el reconocimiento m\u00e9dico y pruebas psicot\u00e9cnicas. Al final <strong>el n\u00famero de los primeros soldados profesionales formados en el CIMOV de C\u00e1ceres fue de 1.207, de los que 86 eran mujeres<\/strong>.<\/p>\n<p>La presencia en C\u00e1ceres de mujeres vestidas de militar llam\u00f3 la atenci\u00f3n en la tradicional recepci\u00f3n que el Ayuntamiento hizo el 20 de mayo, lo que origin\u00f3 este titular en el Diario HOY: &#8220;<strong>Por primera vez, mujeres militares en la recepci\u00f3n del Ayuntamiento a los soldados<\/strong>&#8220;, acompa\u00f1ando la informaci\u00f3n esta fotograf\u00eda de <strong>M\u00fa\u00f1ez<\/strong>.<\/p>\n<p>&nbsp;<\/p>\n<div id=\"attachment_1532\" style=\"width: 637px\" class=\"wp-caption aligncenter\"><a href=\"\/dicestudemili\/wp-content\/uploads\/sites\/57\/2013\/08\/mujeresmayo.jpg\"><img aria-describedby=\"caption-attachment-1532\" loading=\"lazy\" class=\" wp-image-1532  \" title=\"En la imagen, tres de las cuatro mujeres militares que asistieron a la recepci\u00f3n.\" src=\"\/dicestudemili\/wp-content\/uploads\/sites\/57\/2013\/08\/mujeresmayo.jpg\" alt=\"En la imagen, tres de las cuatro mujeres militares que asistieron a la recepci\u00f3n\" width=\"627\" height=\"402\" srcset=\"https:\/\/static-blogs.hoy.es\/wp-content\/uploads\/sites\/57\/2013\/08\/mujeresmayo.jpg 996w, https:\/\/static-blogs.hoy.es\/wp-content\/uploads\/sites\/57\/2013\/08\/mujeresmayo-300x192.jpg 300w, https:\/\/static-blogs.hoy.es\/wp-content\/uploads\/sites\/57\/2013\/08\/mujeresmayo-768x493.jpg 768w\" sizes=\"(max-width: 627px) 100vw, 627px\" \/><\/a><p id=\"caption-attachment-1532\" class=\"wp-caption-text\">En la imagen, tres de las cuatro mujeres militares que asistieron a la recepci\u00f3n en el Ayuntamiento.<\/p><\/div>\n<p>&nbsp;<\/p>\n<p>Para ser soldados profesional hab\u00eda que tener entre 18 y 26 a\u00f1os. El sueldo inicial era de unos <strong>575 euros mensuales<\/strong>, que ir\u00eda aumentando a medida que se prolongaba el contrato desde el primer a\u00f1o. El compromiso inicial con el Ej\u00e9rcito era de 18 meses a 3 a\u00f1os.<\/p>\n<p>Antes de ir a su destino ten\u00edan que hacer un periodo de formaci\u00f3n militar de 10 semanas. La primera promoci\u00f3n de soldados profesionales formados en C\u00e1ceres convivieron con los reclutas del segundo llamamiento de 1998.<\/p>\n<p><strong>Juraron bandera el domingo 12 de julio de 1998<\/strong>. Quince mil personas asistieron al acto militar en el que participaron 856 reclutas que hac\u00edan el servicio militar obligatorio y 1.207 soldados profesionales. La mayor\u00eda de los militares profesionales tuvieron como destino las <strong>Brigadas Mecanizadas X y XI con sede en C\u00f3rdoba y Botoa (Badajoz)<\/strong> y la <strong>Brigada Aerotransportable de Pontevedra<\/strong>.<\/p>\n<p>&nbsp;<\/p>\n<div id=\"attachment_1533\" style=\"width: 702px\" class=\"wp-caption aligncenter\"><a href=\"\/dicestudemili\/wp-content\/uploads\/sites\/57\/2013\/08\/Mujeres.jpg\"><img aria-describedby=\"caption-attachment-1533\" loading=\"lazy\" class=\" wp-image-1533  \" title=\"De los 1.207 soldados profesionales que juraron bandera, 86 eran mujeres.\" src=\"\/dicestudemili\/wp-content\/uploads\/sites\/57\/2013\/08\/Mujeres.jpg\" alt=\"De los 1.207 soldados profesionales que juraron bandera, 86 eran mujeres.\" width=\"692\" height=\"504\" srcset=\"https:\/\/static-blogs.hoy.es\/wp-content\/uploads\/sites\/57\/2013\/08\/Mujeres.jpg 854w, https:\/\/static-blogs.hoy.es\/wp-content\/uploads\/sites\/57\/2013\/08\/Mujeres-300x219.jpg 300w, https:\/\/static-blogs.hoy.es\/wp-content\/uploads\/sites\/57\/2013\/08\/Mujeres-768x559.jpg 768w\" sizes=\"(max-width: 692px) 100vw, 692px\" \/><\/a><p id=\"caption-attachment-1533\" class=\"wp-caption-text\">De los 1.207 soldados profesionales que juraron bandera, 86 eran mujeres.<\/p><\/div>\n<p>&nbsp;<\/p>\n<!-- AddThis Advanced Settings generic via filter on the_content --><!-- AddThis Share Buttons generic via filter on the_content -->","protected":false},"excerpt":{"rendered":"<p>A partir de este a\u00f1o, en el centro de instrucci\u00f3n de C\u00e1ceres comienzan a convivir los reclutas que hacen el servicio militar obligatorio y los j\u00f3venes que se forman para pertenecer al Ej\u00e9rcito de Tierra de manera profesional. El Ministerio de Defensa ven\u00eda ofreciendo plazas de tropa profesional desde el a\u00f1o 1993, pero es en [&hellip;]<!-- AddThis Advanced Settings generic via filter on get_the_excerpt --><!-- AddThis Share Buttons generic via filter on get_the_excerpt --><\/p>\n","protected":false},"author":52,"featured_media":0,"comment_status":"open","ping_status":"closed","sticky":false,"template":"","format":"standard","meta":[],"categories":[3],"tags":[144,145,153,361,862,864,931,967,1058],"_links":{"self":[{"href":"https:\/\/blogs.hoy.es\/dicestudemili\/wp-json\/wp\/v2\/posts\/1530"}],"collection":[{"href":"https:\/\/blogs.hoy.es\/dicestudemili\/wp-json\/wp\/v2\/posts"}],"about":[{"href":"https:\/\/blogs.hoy.es\/dicestudemili\/wp-json\/wp\/v2\/types\/post"}],"author":[{"embeddable":true,"href":"https:\/\/blogs.hoy.es\/dicestudemili\/wp-json\/wp\/v2\/users\/52"}],"replies":[{"embeddable":true,"href":"https:\/\/blogs.hoy.es\/dicestudemili\/wp-json\/wp\/v2\/comments?post=1530"}],"version-history":[{"count":0,"href":"https:\/\/blogs.hoy.es\/dicestudemili\/wp-json\/wp\/v2\/posts\/1530\/revisions"}],"wp:attachment":[{"href":"https:\/\/blogs.hoy.es\/dicestudemili\/wp-json\/wp\/v2\/media?parent=1530"}],"wp:term":[{"taxonomy":"category","embeddable":true,"href":"https:\/\/blogs.hoy.es\/dicestudemili\/wp-json\/wp\/v2\/categories?post=1530"},{"taxonomy":"post_tag","embeddable":true,"href":"https:\/\/blogs.hoy.es\/dicestudemili\/wp-json\/wp\/v2\/tags?post=1530"}],"curies":[{"name":"wp","href":"https:\/\/api.w.org\/{rel}","templated":true}]}}