{"id":1535,"date":"2013-08-30T14:09:13","date_gmt":"2013-08-30T14:09:13","guid":{"rendered":"http:\/\/blogs.hoy.es\/dicestudemili\/?p=1535"},"modified":"2013-08-30T14:09:13","modified_gmt":"2013-08-30T14:09:13","slug":"1998-2-el-alcalde-de-caceres-y-el-subdelegado-vuelven-a-jurar-ante-la-bandera","status":"publish","type":"post","link":"https:\/\/blogs.hoy.es\/dicestudemili\/2013\/08\/30\/1998-2-el-alcalde-de-caceres-y-el-subdelegado-vuelven-a-jurar-ante-la-bandera\/","title":{"rendered":"1998 (2): El alcalde de C\u00e1ceres y el subdelegado vuelven a jurar ante la bandera"},"content":{"rendered":"<div id=\"attachment_1536\" style=\"width: 673px\" class=\"wp-caption aligncenter\"><a href=\"\/dicestudemili\/wp-content\/uploads\/sites\/57\/2013\/08\/abril.jpg\"><img aria-describedby=\"caption-attachment-1536\" loading=\"lazy\" class=\" wp-image-1536   \" title=\"El alcalde de C\u00e1ceres en 1998 besa la Bandera, despu\u00e9s lo har\u00eda el subdelegado del Gobierno.\" src=\"\/dicestudemili\/wp-content\/uploads\/sites\/57\/2013\/08\/abril.jpg\" alt=\"El alcalde de C\u00e1ceres en 1998 besa la Bandera, despu\u00e9s lo har\u00eda el subdelegado del Gobierno.\" width=\"663\" height=\"551\" srcset=\"https:\/\/static-blogs.hoy.es\/wp-content\/uploads\/sites\/57\/2013\/08\/abril.jpg 1095w, https:\/\/static-blogs.hoy.es\/wp-content\/uploads\/sites\/57\/2013\/08\/abril-300x249.jpg 300w, https:\/\/static-blogs.hoy.es\/wp-content\/uploads\/sites\/57\/2013\/08\/abril-768x638.jpg 768w, https:\/\/static-blogs.hoy.es\/wp-content\/uploads\/sites\/57\/2013\/08\/abril-1024x850.jpg 1024w\" sizes=\"(max-width: 663px) 100vw, 663px\" \/><\/a><p id=\"caption-attachment-1536\" class=\"wp-caption-text\">El alcalde de C\u00e1ceres en 1998 besa la Bandera, despu\u00e9s lo har\u00eda el subdelegado del Gobierno.<\/p><\/div>\n<p>&nbsp;<\/p>\n<p>El domingo <strong>19 de abril de 1998<\/strong>, en la jura de bandera que tuvo lugar en el CIMOV de C\u00e1ceres participaron 1.401 militares de reemplazo, despu\u00e9s de besar ellos la Bandera los hicieron tambi\u00e9n 18 civiles entre los que se encontraba <strong>Jos\u00e9 Mar\u00eda Saponi<\/strong>, alcalde de C\u00e1ceres; <strong>Carlos Rovira de C\u00e1rdenas<\/strong>, subdelegado del Gobierno en C\u00e1ceres; <strong>Agust\u00edn Garc\u00eda<\/strong>, jefe de Protocolo del Ayuntamiento de C\u00e1ceres;<strong> Jos\u00e9 Mar\u00eda Asenjo<\/strong>, director de la obra social de Caja Duero; y<strong> Raimundo Holgado<\/strong>, padre del deportista ol\u00edmpico campe\u00f3n de Tiro con Arco.<\/p>\n<p>Numerosas personas acudieron al acto castrense, alrededor de 10.000.<\/p>\n<p>&nbsp;<\/p>\n<div id=\"attachment_1538\" style=\"width: 681px\" class=\"wp-caption aligncenter\"><a href=\"\/dicestudemili\/wp-content\/uploads\/sites\/57\/2013\/08\/jura1.jpg\"><img aria-describedby=\"caption-attachment-1538\" loading=\"lazy\" class=\" wp-image-1538  \" title=\"Numeroso p\u00fablico acudi\u00f3 a la jura de bandera.\" src=\"\/dicestudemili\/wp-content\/uploads\/sites\/57\/2013\/08\/jura1.jpg\" alt=\"Numeroso p\u00fablico acudi\u00f3 a la jura de bandera.\" width=\"671\" height=\"657\" srcset=\"https:\/\/static-blogs.hoy.es\/wp-content\/uploads\/sites\/57\/2013\/08\/jura1.jpg 933w, https:\/\/static-blogs.hoy.es\/wp-content\/uploads\/sites\/57\/2013\/08\/jura1-300x294.jpg 300w, https:\/\/static-blogs.hoy.es\/wp-content\/uploads\/sites\/57\/2013\/08\/jura1-768x752.jpg 768w\" sizes=\"(max-width: 671px) 100vw, 671px\" \/><\/a><p id=\"caption-attachment-1538\" class=\"wp-caption-text\">Numeroso p\u00fablico acudi\u00f3 a la jura de bandera.<\/p><\/div>\n<p>&nbsp;<\/p>\n<p>De los 1.401 nuevos soldados, 801 pertenec\u00edan a la comunidad de Madrid, 277 a Castilla La Mancha y 157 a Extremadura. Se entregaron condecoraciones al <strong>subteniente Juan Jara\u00edz M\u00e1rquez<\/strong>, a los capitanes <strong>Pedro Monreal Parra<\/strong>, <strong>Agapito Antona Zamora<\/strong>, <strong>Antol\u00edn Galindo Hern\u00e1ndez<\/strong> y <strong>Eduardo Mart\u00ednez Flor<\/strong>, al <strong>teniente Fernando Parcero Collado<\/strong>, al<strong> brigada Fausto S\u00e1nchez Cabezudo<\/strong> y al <strong>cabo primero Jos\u00e9 Luis Castuera Gonz\u00e1lez<\/strong>.<\/p>\n<p>Las siguientes im\u00e1genes son de otras juras de bandera de este mismo a\u00f1o.<\/p>\n<p>&nbsp;<\/p>\n<div id=\"attachment_1539\" style=\"width: 688px\" class=\"wp-caption aligncenter\"><a href=\"\/dicestudemili\/wp-content\/uploads\/sites\/57\/2013\/08\/enero.jpg\"><img aria-describedby=\"caption-attachment-1539\" loading=\"lazy\" class=\" wp-image-1539  \" title=\"El 11 de enero juraron defender a Espa\u00f1a 1.160 j\u00f3venes.\" src=\"\/dicestudemili\/wp-content\/uploads\/sites\/57\/2013\/08\/enero.jpg\" alt=\"El 11 de enero juraron defender a Espa\u00f1a 1.160 j\u00f3venes.\" width=\"678\" height=\"350\" srcset=\"https:\/\/static-blogs.hoy.es\/wp-content\/uploads\/sites\/57\/2013\/08\/enero.jpg 941w, https:\/\/static-blogs.hoy.es\/wp-content\/uploads\/sites\/57\/2013\/08\/enero-300x155.jpg 300w, https:\/\/static-blogs.hoy.es\/wp-content\/uploads\/sites\/57\/2013\/08\/enero-768x397.jpg 768w\" sizes=\"(max-width: 678px) 100vw, 678px\" \/><\/a><p id=\"caption-attachment-1539\" class=\"wp-caption-text\">El 11 de enero juraron defender a Espa\u00f1a 1.160 j\u00f3venes.<\/p><\/div>\n<p>&nbsp;<\/p>\n<div id=\"attachment_1540\" style=\"width: 703px\" class=\"wp-caption aligncenter\"><a href=\"\/dicestudemili\/wp-content\/uploads\/sites\/57\/2013\/08\/mayo2.jpg\"><img aria-describedby=\"caption-attachment-1540\" loading=\"lazy\" class=\" wp-image-1540  \" title=\"Un momento del acto militar en el Campamento Santa Ana.\" src=\"\/dicestudemili\/wp-content\/uploads\/sites\/57\/2013\/08\/mayo2.jpg\" alt=\"Un momento del acto militar en el Campamento Santa Ana.\" width=\"693\" height=\"438\" srcset=\"https:\/\/static-blogs.hoy.es\/wp-content\/uploads\/sites\/57\/2013\/08\/mayo2.jpg 962w, https:\/\/static-blogs.hoy.es\/wp-content\/uploads\/sites\/57\/2013\/08\/mayo2-300x190.jpg 300w, https:\/\/static-blogs.hoy.es\/wp-content\/uploads\/sites\/57\/2013\/08\/mayo2-768x486.jpg 768w\" sizes=\"(max-width: 693px) 100vw, 693px\" \/><\/a><p id=\"caption-attachment-1540\" class=\"wp-caption-text\">Un momento del acto militar en el Campamento Santa Ana.<\/p><\/div>\n<p>&nbsp;<\/p>\n<p>&nbsp;<\/p>\n<!-- AddThis Advanced Settings generic via filter on the_content --><!-- AddThis Share Buttons generic via filter on the_content -->","protected":false},"excerpt":{"rendered":"<p>&nbsp; El domingo 19 de abril de 1998, en la jura de bandera que tuvo lugar en el CIMOV de C\u00e1ceres participaron 1.401 militares de reemplazo, despu\u00e9s de besar ellos la Bandera los hicieron tambi\u00e9n 18 civiles entre los que se encontraba Jos\u00e9 Mar\u00eda Saponi, alcalde de C\u00e1ceres; Carlos Rovira de C\u00e1rdenas, subdelegado del Gobierno [&hellip;]<!-- AddThis Advanced Settings generic via filter on get_the_excerpt --><!-- AddThis Share Buttons generic via filter on get_the_excerpt --><\/p>\n","protected":false},"author":52,"featured_media":0,"comment_status":"open","ping_status":"closed","sticky":false,"template":"","format":"standard","meta":[],"categories":[3],"tags":[27,150,179,221,222,229,258,283,697,702,952,1065,1114],"_links":{"self":[{"href":"https:\/\/blogs.hoy.es\/dicestudemili\/wp-json\/wp\/v2\/posts\/1535"}],"collection":[{"href":"https:\/\/blogs.hoy.es\/dicestudemili\/wp-json\/wp\/v2\/posts"}],"about":[{"href":"https:\/\/blogs.hoy.es\/dicestudemili\/wp-json\/wp\/v2\/types\/post"}],"author":[{"embeddable":true,"href":"https:\/\/blogs.hoy.es\/dicestudemili\/wp-json\/wp\/v2\/users\/52"}],"replies":[{"embeddable":true,"href":"https:\/\/blogs.hoy.es\/dicestudemili\/wp-json\/wp\/v2\/comments?post=1535"}],"version-history":[{"count":0,"href":"https:\/\/blogs.hoy.es\/dicestudemili\/wp-json\/wp\/v2\/posts\/1535\/revisions"}],"wp:attachment":[{"href":"https:\/\/blogs.hoy.es\/dicestudemili\/wp-json\/wp\/v2\/media?parent=1535"}],"wp:term":[{"taxonomy":"category","embeddable":true,"href":"https:\/\/blogs.hoy.es\/dicestudemili\/wp-json\/wp\/v2\/categories?post=1535"},{"taxonomy":"post_tag","embeddable":true,"href":"https:\/\/blogs.hoy.es\/dicestudemili\/wp-json\/wp\/v2\/tags?post=1535"}],"curies":[{"name":"wp","href":"https:\/\/api.w.org\/{rel}","templated":true}]}}