{"id":1544,"date":"2013-09-03T06:45:39","date_gmt":"2013-09-03T06:45:39","guid":{"rendered":"http:\/\/blogs.hoy.es\/dicestudemili\/?p=1544"},"modified":"2013-09-03T06:45:39","modified_gmt":"2013-09-03T06:45:39","slug":"1998-3-el-ministro-entre-cazuelas-y-rumores-sobre-el-futuro-del-centro-de-instruccion","status":"publish","type":"post","link":"https:\/\/blogs.hoy.es\/dicestudemili\/2013\/09\/03\/1998-3-el-ministro-entre-cazuelas-y-rumores-sobre-el-futuro-del-centro-de-instruccion\/","title":{"rendered":"1998 (3): El ministro entre cazuelas y rumores sobre el futuro del Centro de Instrucci\u00f3n"},"content":{"rendered":"<div id=\"attachment_1545\" style=\"width: 673px\" class=\"wp-caption aligncenter\"><a href=\"\/dicestudemili\/wp-content\/uploads\/sites\/57\/2013\/09\/ministro.jpg\"><img aria-describedby=\"caption-attachment-1545\" loading=\"lazy\" class=\" wp-image-1545   \" title=\"Eduardo Serra viendo como se prepara el guiso que se comer\u00e1 la tropa.\" src=\"\/dicestudemili\/wp-content\/uploads\/sites\/57\/2013\/09\/ministro.jpg\" alt=\"Eduardo Serra viendo como se prepara el guiso que se comer\u00e1 la tropa.\" width=\"663\" height=\"419\" srcset=\"https:\/\/static-blogs.hoy.es\/wp-content\/uploads\/sites\/57\/2013\/09\/ministro.jpg 1030w, https:\/\/static-blogs.hoy.es\/wp-content\/uploads\/sites\/57\/2013\/09\/ministro-300x190.jpg 300w, https:\/\/static-blogs.hoy.es\/wp-content\/uploads\/sites\/57\/2013\/09\/ministro-768x486.jpg 768w, https:\/\/static-blogs.hoy.es\/wp-content\/uploads\/sites\/57\/2013\/09\/ministro-1024x648.jpg 1024w\" sizes=\"(max-width: 663px) 100vw, 663px\" \/><\/a><p id=\"caption-attachment-1545\" class=\"wp-caption-text\">Eduardo Serra mira como se prepara el guiso que se comer\u00e1 la tropa.<\/p><\/div>\n<p>&nbsp;<\/p>\n<p>El <strong>ministro de Defensa<\/strong> viendo como un soldado con guantes de pl\u00e1stico remueve con una gran espumadera el guiso de carne que se va a comer la tropa ese d\u00eda. Es una de las im\u00e1genes que dej\u00f3 la visita de <strong>Eduardo Serra<\/strong> al CIMOV el <strong>19 de octubre de 1998<\/strong>. Ese d\u00eda se iba a dar de comer a 1.272 soldados y no era una sola tartera la que conten\u00eda el rancho. El sudoroso soldado convertido en pinche ten\u00eda que remover varias tarteras de ese mismo tama\u00f1o.<\/p>\n<p>Otra imagen fue la del ministro en el <strong>pabell\u00f3n de las mujeres militares<\/strong> viendo su alojamiento. El d\u00eda de la visita se estaban formando en el Campamento Santa Ana 126 mujeres.<\/p>\n<p>&nbsp;<\/p>\n<div id=\"attachment_1546\" style=\"width: 663px\" class=\"wp-caption aligncenter\"><a href=\"\/dicestudemili\/wp-content\/uploads\/sites\/57\/2013\/09\/ministro2.jpg\"><img aria-describedby=\"caption-attachment-1546\" loading=\"lazy\" class=\" wp-image-1546  \" title=\"Serra en el pabell\u00f3n de las mujeres militares.\" src=\"\/dicestudemili\/wp-content\/uploads\/sites\/57\/2013\/09\/ministro2.jpg\" alt=\"Serra en el pabell\u00f3n de las mujeres militares.\" width=\"653\" height=\"414\" srcset=\"https:\/\/static-blogs.hoy.es\/wp-content\/uploads\/sites\/57\/2013\/09\/ministro2.jpg 908w, https:\/\/static-blogs.hoy.es\/wp-content\/uploads\/sites\/57\/2013\/09\/ministro2-300x190.jpg 300w, https:\/\/static-blogs.hoy.es\/wp-content\/uploads\/sites\/57\/2013\/09\/ministro2-768x486.jpg 768w\" sizes=\"(max-width: 653px) 100vw, 653px\" \/><\/a><p id=\"caption-attachment-1546\" class=\"wp-caption-text\">Serra en el pabell\u00f3n de las mujeres militares.<\/p><\/div>\n<p>&nbsp;<\/p>\n<p>Ministro de Defensa desde 1996 al 2000, Eduardo Serra vino en helic\u00f3ptero ese d\u00eda a Extremadura para visitar el <strong>CIMOV de C\u00e1ceres<\/strong> y la <strong>Brigada de Infanter\u00eda Mecanizada de B\u00f3toa en Badajoz<\/strong>. Acompa\u00f1ado por el entonces nuevo Jefe del Estado Mayor del Ej\u00e9rcito, el <strong>general Pardo de Santayana<\/strong>, y del <strong>coronel jefe del CIMOV Jes\u00fas Antol\u00edn Melgar Riol<\/strong>, visit\u00f3 todas las instalaciones del Centro de Instrucci\u00f3n de C\u00e1ceres, indicando que era necesario acometer algunas mejoras urgentes.<\/p>\n<p>&nbsp;<\/p>\n<div id=\"attachment_1548\" style=\"width: 680px\" class=\"wp-caption aligncenter\"><a href=\"\/dicestudemili\/wp-content\/uploads\/sites\/57\/2013\/09\/ministro4.jpg\"><img aria-describedby=\"caption-attachment-1548\" loading=\"lazy\" class=\" wp-image-1548 \" title=\"El ministro lleg\u00f3 al CIMOV en helic\u00f3ptero.\" src=\"\/dicestudemili\/wp-content\/uploads\/sites\/57\/2013\/09\/ministro4.jpg\" alt=\"El ministro lleg\u00f3 al CIMOV en helic\u00f3ptero.\" width=\"670\" height=\"406\" srcset=\"https:\/\/static-blogs.hoy.es\/wp-content\/uploads\/sites\/57\/2013\/09\/ministro4.jpg 838w, https:\/\/static-blogs.hoy.es\/wp-content\/uploads\/sites\/57\/2013\/09\/ministro4-300x182.jpg 300w, https:\/\/static-blogs.hoy.es\/wp-content\/uploads\/sites\/57\/2013\/09\/ministro4-768x465.jpg 768w\" sizes=\"(max-width: 670px) 100vw, 670px\" \/><\/a><p id=\"caption-attachment-1548\" class=\"wp-caption-text\">El ministro lleg\u00f3 al CIMOV en helic\u00f3ptero.<\/p><\/div>\n<p>&nbsp;<\/p>\n<p>Su visita no acall\u00f3 los nuevos rumores de una <strong>posible desaparici\u00f3n del CIMOV<\/strong> de C\u00e1ceres, ante la nueva remodelaci\u00f3n del Ej\u00e9rcito por la inminente desaparici\u00f3n del servicio militar obligatorio. Serra dijo sobre el Centro de C\u00e1ceres que, &#8220;<em>el ser un centro con grand\u00edsima experiencia y el funcionar lo bien que funciona es la mejor garant\u00eda de futuro<\/em>&#8220;, tambi\u00e9n se\u00f1al\u00f3 que en los pr\u00f3ximos a\u00f1os, &#8220;<em>habr\u00e1 que ver cu\u00e1ntos, de los cinco CIMOV, son necesarios<\/em>&#8220;. Asegur\u00f3 que &#8220;<em>salvo causas externas o imponderables<\/em>&#8221; la continuidad de la instalaci\u00f3n militar de C\u00e1ceres no ten\u00eda por qu\u00e9 cuestionarse.<\/p>\n<p>Estas palabras hicieron que la entonces diputada socialista por C\u00e1ceres, y futura alcaldesa de la ciudad, Carmen Heras preguntara el 19 de noviembre al Gobierno: &#8220;<em>\u00bfCu\u00e1les son esas causas externas que har\u00edan que el CIMOV n\u00famero 1 de C\u00e1ceres se cerrase?<\/em>&#8220;.<\/p>\n<p>&nbsp;<\/p>\n<div id=\"attachment_1549\" style=\"width: 654px\" class=\"wp-caption aligncenter\"><a href=\"\/dicestudemili\/wp-content\/uploads\/sites\/57\/2013\/09\/ministro3.jpg\"><img aria-describedby=\"caption-attachment-1549\" loading=\"lazy\" class=\" wp-image-1549 \" title=\"Eduardo Serra en el CIMOV ubicado en el Campamento Santa Ana.\" src=\"\/dicestudemili\/wp-content\/uploads\/sites\/57\/2013\/09\/ministro3.jpg\" alt=\"Eduardo Serra en el CIMOV ubicado en el Campamento Santa Ana.\" width=\"644\" height=\"325\" srcset=\"https:\/\/static-blogs.hoy.es\/wp-content\/uploads\/sites\/57\/2013\/09\/ministro3.jpg 805w, https:\/\/static-blogs.hoy.es\/wp-content\/uploads\/sites\/57\/2013\/09\/ministro3-300x151.jpg 300w, https:\/\/static-blogs.hoy.es\/wp-content\/uploads\/sites\/57\/2013\/09\/ministro3-768x387.jpg 768w\" sizes=\"(max-width: 644px) 100vw, 644px\" \/><\/a><p id=\"caption-attachment-1549\" class=\"wp-caption-text\">Eduardo Serra en el CIMOV ubicado en el Campamento Santa Ana.<\/p><\/div>\n<!-- AddThis Advanced Settings generic via filter on the_content --><!-- AddThis Share Buttons generic via filter on the_content -->","protected":false},"excerpt":{"rendered":"<p>&nbsp; El ministro de Defensa viendo como un soldado con guantes de pl\u00e1stico remueve con una gran espumadera el guiso de carne que se va a comer la tropa ese d\u00eda. Es una de las im\u00e1genes que dej\u00f3 la visita de Eduardo Serra al CIMOV el 19 de octubre de 1998. Ese d\u00eda se iba [&hellip;]<!-- AddThis Advanced Settings generic via filter on get_the_excerpt --><!-- AddThis Share Buttons generic via filter on get_the_excerpt --><\/p>\n","protected":false},"author":52,"featured_media":0,"comment_status":"open","ping_status":"closed","sticky":false,"template":"","format":"standard","meta":[],"categories":[3],"tags":[149,288,384,450,564,848],"_links":{"self":[{"href":"https:\/\/blogs.hoy.es\/dicestudemili\/wp-json\/wp\/v2\/posts\/1544"}],"collection":[{"href":"https:\/\/blogs.hoy.es\/dicestudemili\/wp-json\/wp\/v2\/posts"}],"about":[{"href":"https:\/\/blogs.hoy.es\/dicestudemili\/wp-json\/wp\/v2\/types\/post"}],"author":[{"embeddable":true,"href":"https:\/\/blogs.hoy.es\/dicestudemili\/wp-json\/wp\/v2\/users\/52"}],"replies":[{"embeddable":true,"href":"https:\/\/blogs.hoy.es\/dicestudemili\/wp-json\/wp\/v2\/comments?post=1544"}],"version-history":[{"count":0,"href":"https:\/\/blogs.hoy.es\/dicestudemili\/wp-json\/wp\/v2\/posts\/1544\/revisions"}],"wp:attachment":[{"href":"https:\/\/blogs.hoy.es\/dicestudemili\/wp-json\/wp\/v2\/media?parent=1544"}],"wp:term":[{"taxonomy":"category","embeddable":true,"href":"https:\/\/blogs.hoy.es\/dicestudemili\/wp-json\/wp\/v2\/categories?post=1544"},{"taxonomy":"post_tag","embeddable":true,"href":"https:\/\/blogs.hoy.es\/dicestudemili\/wp-json\/wp\/v2\/tags?post=1544"}],"curies":[{"name":"wp","href":"https:\/\/api.w.org\/{rel}","templated":true}]}}