{"id":1551,"date":"2013-09-06T06:10:00","date_gmt":"2013-09-06T06:10:00","guid":{"rendered":"http:\/\/blogs.hoy.es\/dicestudemili\/?p=1551"},"modified":"2013-09-06T06:10:00","modified_gmt":"2013-09-06T06:10:00","slug":"1998-4-la-sobrina-de-celia-villalobos-y-la-medalla-a-jesus-medina","status":"publish","type":"post","link":"https:\/\/blogs.hoy.es\/dicestudemili\/2013\/09\/06\/1998-4-la-sobrina-de-celia-villalobos-y-la-medalla-a-jesus-medina\/","title":{"rendered":"1998 (4): La sobrina de Celia Villalobos y la medalla a Jes\u00fas Medina"},"content":{"rendered":"<div id=\"attachment_1552\" style=\"width: 673px\" class=\"wp-caption aligncenter\"><a href=\"\/dicestudemili\/wp-content\/uploads\/sites\/57\/2013\/09\/noviembre.jpg\"><img aria-describedby=\"caption-attachment-1552\" loading=\"lazy\" class=\" wp-image-1552   \" title=\"120 mujeres juraron bandera el 21 de noviembre de 1998.\" src=\"\/dicestudemili\/wp-content\/uploads\/sites\/57\/2013\/09\/noviembre.jpg\" alt=\"120 mujeres juraron bandera el 21 de noviembre de 1998.\" width=\"663\" height=\"434\" srcset=\"https:\/\/static-blogs.hoy.es\/wp-content\/uploads\/sites\/57\/2013\/09\/noviembre.jpg 1277w, https:\/\/static-blogs.hoy.es\/wp-content\/uploads\/sites\/57\/2013\/09\/noviembre-300x196.jpg 300w, https:\/\/static-blogs.hoy.es\/wp-content\/uploads\/sites\/57\/2013\/09\/noviembre-768x502.jpg 768w, https:\/\/static-blogs.hoy.es\/wp-content\/uploads\/sites\/57\/2013\/09\/noviembre-1024x670.jpg 1024w\" sizes=\"(max-width: 663px) 100vw, 663px\" \/><\/a><p id=\"caption-attachment-1552\" class=\"wp-caption-text\">120 mujeres juraron bandera el 21 de noviembre de 1998.<\/p><\/div>\n<p>&nbsp;<\/p>\n<p>En la jura de bandera del s\u00e1bado <strong>21 de noviembre de 1998<\/strong>, en la tribuna de autoridades se encontraba <strong>Celia Villalobos<\/strong>, por entonces <strong>alcaldesa de M\u00e1laga<\/strong>, ya que entre los militares que se compromet\u00edan p\u00fablicamente a defender a Espa\u00f1a y a los espa\u00f1oles estaba una sobrina. En la jura participaron 1.237 j\u00f3venes, de los que 120 eran mujeres.<\/p>\n<p>&nbsp;<\/p>\n<div id=\"attachment_1554\" style=\"width: 436px\" class=\"wp-caption alignright\"><a href=\"\/dicestudemili\/wp-content\/uploads\/sites\/57\/2013\/09\/2011-03-07_IMG_2011-03-07_14-23-27_0403celia0.jpg\"><img aria-describedby=\"caption-attachment-1554\" loading=\"lazy\" class=\"wp-image-1554 \" title=\"Celia Villalobos fue alcaldesa de M\u00e1laga durante 5 a\u00f1os.\" src=\"\/dicestudemili\/wp-content\/uploads\/sites\/57\/2013\/09\/2011-03-07_IMG_2011-03-07_14-23-27_0403celia0.jpg\" alt=\"Celia Villalobos fue alcaldesa de M\u00e1laga durante 5 a\u00f1os.\" width=\"426\" height=\"284\" srcset=\"https:\/\/static-blogs.hoy.es\/wp-content\/uploads\/sites\/57\/2013\/09\/2011-03-07_IMG_2011-03-07_14-23-27_0403celia0.jpg 710w, https:\/\/static-blogs.hoy.es\/wp-content\/uploads\/sites\/57\/2013\/09\/2011-03-07_IMG_2011-03-07_14-23-27_0403celia0-300x200.jpg 300w\" sizes=\"(max-width: 426px) 100vw, 426px\" \/><\/a><p id=\"caption-attachment-1554\" class=\"wp-caption-text\">Celia Villalobos fue alcaldesa de M\u00e1laga durante 5 a\u00f1os.<\/p><\/div>\n<p>&nbsp;<\/p>\n<p>Cel\u00eda Villalobos, nacida en 1949, ya era por entonces una medi\u00e1tica pol\u00edtica del <strong>Partido Popular<\/strong>. Alcaldesa de M\u00e1laga desde 1995, dej\u00f3 este puesto el a\u00f1o 2000 para ser <strong>ministra de Sanidad<\/strong>, cargo que dej\u00f3 en el a\u00f1o 2002. En la actualidad es diputada nacional.<\/p>\n<p>&nbsp;<\/p>\n<p>&nbsp;<\/p>\n<p>&nbsp;<\/p>\n<p>&nbsp;<\/p>\n<p>&nbsp;<\/p>\n<p>&nbsp;<\/p>\n<p>&nbsp;<\/p>\n<p>En la parte final del acto militar se impuso la <strong>Cruz del M\u00e9rito Militar con distintivo blanco a Jes\u00fas Medina<\/strong>, presidente de la Caja de Ahorros de Extremadura. De esta manera el Ej\u00e9rcito agradec\u00eda a esta entidad las buenas relaciones que manten\u00edan, que se hab\u00eda traducido en varios convenios en los que <strong>Caja Extremadura<\/strong> aport\u00f3 dinero para actividades culturales y mejorar las infraestructuras.<\/p>\n<p>&nbsp;<\/p>\n<div id=\"attachment_1555\" style=\"width: 665px\" class=\"wp-caption aligncenter\"><a href=\"\/dicestudemili\/wp-content\/uploads\/sites\/57\/2013\/09\/medina.jpg\"><img aria-describedby=\"caption-attachment-1555\" loading=\"lazy\" class=\" wp-image-1555  \" title=\"Imposici\u00f3n de la Cruz del M\u00e9rito Militar a Jes\u00fas Medina.\" src=\"\/dicestudemili\/wp-content\/uploads\/sites\/57\/2013\/09\/medina.jpg\" alt=\"Imposici\u00f3n de la Cruz del M\u00e9rito Militar a Jes\u00fas Medina.\" width=\"655\" height=\"399\" srcset=\"https:\/\/static-blogs.hoy.es\/wp-content\/uploads\/sites\/57\/2013\/09\/medina.jpg 1101w, https:\/\/static-blogs.hoy.es\/wp-content\/uploads\/sites\/57\/2013\/09\/medina-300x183.jpg 300w, https:\/\/static-blogs.hoy.es\/wp-content\/uploads\/sites\/57\/2013\/09\/medina-768x468.jpg 768w, https:\/\/static-blogs.hoy.es\/wp-content\/uploads\/sites\/57\/2013\/09\/medina-1024x624.jpg 1024w\" sizes=\"(max-width: 655px) 100vw, 655px\" \/><\/a><p id=\"caption-attachment-1555\" class=\"wp-caption-text\">Imposici\u00f3n de la Cruz del M\u00e9rito Militar a Jes\u00fas Medina.<\/p><\/div>\n<p>&nbsp;<\/p>\n<p>El Centro de Instrucci\u00f3n y Movilizaci\u00f3n (CIMOV) n\u00famero 1 de C\u00e1ceres manten\u00eda tambi\u00e9n buenas relaciones con la entidad <strong>Caja Duero<\/strong>, con la que este a\u00f1o firm\u00f3 un convenio para aumentar la dotaci\u00f3n cultural para los soldados. El<strong> 6 de marzo de 1998<\/strong> firmaron un convenio el director regional de Caja Duero, <strong>Domingo Nevado<\/strong>, con el coronel jefe del CIMOV <strong>Jes\u00fas Melgar<\/strong>. Caja Duero entreg\u00f3 6.000 euros al acuartelamiento militar en C\u00e1ceres para la construcci\u00f3n de una <strong>sala de proyecciones<\/strong> y la adquisici\u00f3n de manuales de titulaciones de la <strong>Universidad de Extremadura<\/strong>. El CIMOV contaba por entonces con <strong>biblioteca, fonoteca y sala de lectura<\/strong> en donde se encontraban revistas t\u00e9cnicas y prensa regional de Extremadura y otras comunidades aut\u00f3nomas. Los soldados pod\u00edan utilizar estas dependencias \u00a0a partir de las cinco y media de la tarde.<\/p>\n<p>&nbsp;<\/p>\n<div id=\"attachment_1556\" style=\"width: 577px\" class=\"wp-caption aligncenter\"><a href=\"\/dicestudemili\/wp-content\/uploads\/sites\/57\/2013\/09\/duero.jpg\"><img aria-describedby=\"caption-attachment-1556\" loading=\"lazy\" class=\" wp-image-1556 \" title=\"Domingo Nevado firmando el convenio con el coronel Jes\u00fas Melgar.\" src=\"\/dicestudemili\/wp-content\/uploads\/sites\/57\/2013\/09\/duero.jpg\" alt=\"Domingo Nevado firmando el convenio con el coronel Jes\u00fas Melgar.\" width=\"567\" height=\"567\" srcset=\"https:\/\/static-blogs.hoy.es\/wp-content\/uploads\/sites\/57\/2013\/09\/duero.jpg 709w, https:\/\/static-blogs.hoy.es\/wp-content\/uploads\/sites\/57\/2013\/09\/duero-150x150.jpg 150w, https:\/\/static-blogs.hoy.es\/wp-content\/uploads\/sites\/57\/2013\/09\/duero-300x300.jpg 300w\" sizes=\"(max-width: 567px) 100vw, 567px\" \/><\/a><p id=\"caption-attachment-1556\" class=\"wp-caption-text\">Domingo Nevado y el coronel Jes\u00fas Melgar firmando el convenio.<\/p><\/div>\n<p>&nbsp;<\/p>\n<!-- AddThis Advanced Settings generic via filter on the_content --><!-- AddThis Share Buttons generic via filter on the_content -->","protected":false},"excerpt":{"rendered":"<p>&nbsp; En la jura de bandera del s\u00e1bado 21 de noviembre de 1998, en la tribuna de autoridades se encontraba Celia Villalobos, por entonces alcaldesa de M\u00e1laga, ya que entre los militares que se compromet\u00edan p\u00fablicamente a defender a Espa\u00f1a y a los espa\u00f1oles estaba una sobrina. En la jura participaron 1.237 j\u00f3venes, de los [&hellip;]<!-- AddThis Advanced Settings generic via filter on get_the_excerpt --><!-- AddThis Share Buttons generic via filter on get_the_excerpt --><\/p>\n","protected":false},"author":52,"featured_media":0,"comment_status":"open","ping_status":"closed","sticky":false,"template":"","format":"standard","meta":[],"categories":[3],"tags":[203,204,305,387,441,653],"_links":{"self":[{"href":"https:\/\/blogs.hoy.es\/dicestudemili\/wp-json\/wp\/v2\/posts\/1551"}],"collection":[{"href":"https:\/\/blogs.hoy.es\/dicestudemili\/wp-json\/wp\/v2\/posts"}],"about":[{"href":"https:\/\/blogs.hoy.es\/dicestudemili\/wp-json\/wp\/v2\/types\/post"}],"author":[{"embeddable":true,"href":"https:\/\/blogs.hoy.es\/dicestudemili\/wp-json\/wp\/v2\/users\/52"}],"replies":[{"embeddable":true,"href":"https:\/\/blogs.hoy.es\/dicestudemili\/wp-json\/wp\/v2\/comments?post=1551"}],"version-history":[{"count":0,"href":"https:\/\/blogs.hoy.es\/dicestudemili\/wp-json\/wp\/v2\/posts\/1551\/revisions"}],"wp:attachment":[{"href":"https:\/\/blogs.hoy.es\/dicestudemili\/wp-json\/wp\/v2\/media?parent=1551"}],"wp:term":[{"taxonomy":"category","embeddable":true,"href":"https:\/\/blogs.hoy.es\/dicestudemili\/wp-json\/wp\/v2\/categories?post=1551"},{"taxonomy":"post_tag","embeddable":true,"href":"https:\/\/blogs.hoy.es\/dicestudemili\/wp-json\/wp\/v2\/tags?post=1551"}],"curies":[{"name":"wp","href":"https:\/\/api.w.org\/{rel}","templated":true}]}}