{"id":1557,"date":"2013-09-10T06:24:07","date_gmt":"2013-09-10T06:24:07","guid":{"rendered":"http:\/\/blogs.hoy.es\/dicestudemili\/?p=1557"},"modified":"2013-09-10T06:24:07","modified_gmt":"2013-09-10T06:24:07","slug":"1998-5-civiles-comiendo-el-gigantesco-cocido-militar-y-el-rancho","status":"publish","type":"post","link":"https:\/\/blogs.hoy.es\/dicestudemili\/2013\/09\/10\/1998-5-civiles-comiendo-el-gigantesco-cocido-militar-y-el-rancho\/","title":{"rendered":"1998 (5): Civiles comiendo el gigantesco cocido militar en la Plaza y el rancho en el CIMOV"},"content":{"rendered":"<div id=\"attachment_1558\" style=\"width: 645px\" class=\"wp-caption aligncenter\"><a href=\"\/dicestudemili\/wp-content\/uploads\/sites\/57\"><img aria-describedby=\"caption-attachment-1558\" loading=\"lazy\" class=\" wp-image-1558  \" title=\"El CIMOV prepar\u00f3 un cocido para 8.000 personas.\" src=\"\/dicestudemili\/wp-content\/uploads\/sites\/57\" alt=\"El CIMOV prepar\u00f3 un cocido para 8.000 personas.\" width=\"635\" height=\"423\" \/><\/a><p id=\"caption-attachment-1558\" class=\"wp-caption-text\">El CIMOV prepar\u00f3 un cocido para 8.000 personas.<\/p><\/div>\n<p>&nbsp;<\/p>\n<p>En el a\u00f1o 1998 se realizaron varios actos con los que se demostr\u00f3 la buena armon\u00eda que hay entre C\u00e1ceres y el Ej\u00e9rcito que ayuda a dar vida a la ciudad. El <strong>s\u00e1bado 28 de marzo<\/strong> los soldados del CIMOV realizaron un <strong>cocido para 8.000 personas<\/strong> que se reparti\u00f3 en la <strong>Plaza Mayor<\/strong>. El gran cocido fue una idea de la <strong>Federaci\u00f3n de Asociaciones de Vecinos de C\u00e1ceres<\/strong>. <strong>Eroski<\/strong> y <strong>Caja Duero<\/strong> se encargaron de costear todo lo necesario para preparar la comida: 800 kilos de garbanzos, 200 kilos de carne de ternera, 100 de chorizo, otros 100 de morcilla, 400 kilos de patatas y pan de Casar de C\u00e1ceres. <strong>Canal de Isabel II<\/strong> reparti\u00f3 bolsas de agua. Mientras miles de personas daban buena cuenta del cocido pod\u00edan escuchar al D<strong>\u00fao Alhambra<\/strong> que actuaba en directo.<\/p>\n<p>&nbsp;<\/p>\n<div id=\"attachment_1560\" style=\"width: 622px\" class=\"wp-caption aligncenter\"><a href=\"\/dicestudemili\/wp-content\/uploads\/sites\/57\"><img aria-describedby=\"caption-attachment-1560\" loading=\"lazy\" class=\" wp-image-1560 \" title=\"Se reparti\u00f3 la comida en la Plaza Mayor.\" src=\"\/dicestudemili\/wp-content\/uploads\/sites\/57\" alt=\"Se reparti\u00f3 la comida en la Plaza Mayor.\" width=\"612\" height=\"377\" \/><\/a><p id=\"caption-attachment-1560\" class=\"wp-caption-text\">Se reparti\u00f3 la comida en la Plaza Mayor.<\/p><\/div>\n<p>&nbsp;<\/p>\n<p>Dos meses despu\u00e9s, el <strong>s\u00e1bado 30 de mayo<\/strong>, hubo una<strong> jornada de puertas abiertas en el CIMOV<\/strong> donde todo el que quiso pudo visitar las instalaciones y comer con los soldados. Los visitantes vieron como era un tanque de combate por dentro y el funcionamiento de una ametralladora, entre otras muchas cosas, y <strong>800 personas comieron el rancho<\/strong> con los reclutas que estaban haciendo el servicio militar obligatorio y los que se preparaban para ser militares profesionales.<\/p>\n<p>&nbsp;<\/p>\n<div id=\"attachment_1561\" style=\"width: 645px\" class=\"wp-caption alignleft\"><a href=\"\/dicestudemili\/wp-content\/uploads\/sites\/57\"><img aria-describedby=\"caption-attachment-1561\" loading=\"lazy\" class=\" wp-image-1561 \" title=\"Imagen de la jornada de puertas abiertas del CIMOV.\" src=\"\/dicestudemili\/wp-content\/uploads\/sites\/57\" alt=\"Imagen de la jornada de puertas abiertas del CIMOV.\" width=\"635\" height=\"419\" \/><\/a><p id=\"caption-attachment-1561\" class=\"wp-caption-text\">Imagen de la jornada de puertas abiertas del CIMOV.<\/p><\/div>\n<p>&nbsp;<\/p>\n<div id=\"attachment_1562\" style=\"width: 589px\" class=\"wp-caption alignright\"><a href=\"\/dicestudemili\/wp-content\/uploads\/sites\/57\"><img aria-describedby=\"caption-attachment-1562\" loading=\"lazy\" class=\" wp-image-1562 \" title=\"Muchachos subidos a un carro de combate.\" src=\"\/dicestudemili\/wp-content\/uploads\/sites\/57\" alt=\"Muchachos subidos a un carro de combate.\" width=\"579\" height=\"376\" \/><\/a><p id=\"caption-attachment-1562\" class=\"wp-caption-text\">Muchachos subidos a un carro de combate.<\/p><\/div>\n<p>&nbsp;<\/p>\n<p>&nbsp;<\/p>\n<p>&nbsp;<\/p>\n<p>&nbsp;<\/p>\n<p>&nbsp;<\/p>\n<p>&nbsp;<\/p>\n<p>&nbsp;<\/p>\n<p>&nbsp;<\/p>\n<p>&nbsp;<\/p>\n<p>&nbsp;<\/p>\n<p>&nbsp;<\/p>\n<p>&nbsp;<\/p>\n<p>&nbsp;<\/p>\n<p>&nbsp;<\/p>\n<p>&nbsp;<\/p>\n<p>&nbsp;<\/p>\n<p>El <strong>4 de junio de 1998<\/strong> tambi\u00e9n hubo un acto de hermanamiento entre el Ej\u00e9rcito y autoridades civiles en el <strong>acuartelamiento Infanta Isabel<\/strong>, que estuvo presidido por el delegado de Defensa en C\u00e1ceres <strong>Juan Antonio de la Rosa Yllera<\/strong> que record\u00f3 que las Fuerzas Armadas est\u00e1n viviendo un momento de transformaci\u00f3n con la supresi\u00f3n del servicio militar obligatorio.<\/p>\n<p>&nbsp;<\/p>\n<div id=\"attachment_1563\" style=\"width: 662px\" class=\"wp-caption aligncenter\"><a href=\"\/dicestudemili\/wp-content\/uploads\/sites\/57\"><img aria-describedby=\"caption-attachment-1563\" loading=\"lazy\" class=\" wp-image-1563  \" title=\"En primer t\u00e9rmino, Antonio de la Rosa con el alcalde Jos\u00e9 Mar\u00eda Saponi.\" src=\"\/dicestudemili\/wp-content\/uploads\/sites\/57\" alt=\"En primer t\u00e9rmino, Antonio de la Rosa con el alcalde Jos\u00e9 Mar\u00eda Saponi.\" width=\"652\" height=\"443\" \/><\/a><p id=\"caption-attachment-1563\" class=\"wp-caption-text\">En primer t\u00e9rmino, Antonio de la Rosa con el alcalde Jos\u00e9 Mar\u00eda Saponi.<\/p><\/div>\n<p>&nbsp;<\/p>\n<div id=\"attachment_1564\" style=\"width: 689px\" class=\"wp-caption aligncenter\"><a href=\"\/dicestudemili\/wp-content\/uploads\/sites\/57\"><img aria-describedby=\"caption-attachment-1564\" loading=\"lazy\" class=\" wp-image-1564 \" title=\"Autoridades civiles, militares y religiosas brindando por el Rey.\" src=\"\/dicestudemili\/wp-content\/uploads\/sites\/57\" alt=\"Autoridades civiles, militares y religiosas brindando por el Rey.\" width=\"679\" height=\"402\" \/><\/a><p id=\"caption-attachment-1564\" class=\"wp-caption-text\">Autoridades civiles, militares y religiosas brindando por el Rey.<\/p><\/div>\n<p>&nbsp;<\/p>\n<p>Entre los asistentes se encontraba <strong>\u00c1ngel Juanes<\/strong>, presidente del Tribunal Superior de Justicia de Extremadura; <strong>C\u00e9sar Chaparro<\/strong>, rector de la Universidad de Extremadura; <strong>Carlos Rovira<\/strong>, subdelegado del Gobierno en C\u00e1ceres; <strong>Ram\u00f3n Zapatero<\/strong>, delegado de la Junta de Extremadura en C\u00e1ceres;<strong> Jos\u00e9 Mar\u00eda Saponi<\/strong>, alcalde de C\u00e1ceres; <strong>Ciriaco Benavente<\/strong>, obispo de Coria C\u00e1ceres;<strong> Luis Iglesias Mart\u00ednez<\/strong>, teniente coronel de la Guardia Civil; <strong>Ignacio Muro<\/strong>, comisario del Cuerpo Nacional de Polic\u00eda; <strong>Olivenza Pozas<\/strong>, diputado provincial; y directores provinciales de ministerios.<\/p>\n<p>En el acto se entregaron condecoraciones militares al <strong>teniente coronel de Infanter\u00eda Luis Molina Hernando<\/strong>; al <strong>subteniente de Ingenieros F\u00e9lix Rodr\u00edguez Pardo<\/strong>, y al <strong>capit\u00e1n de Infanter\u00eda Miguel Fern\u00e1ndez D\u00edaz<\/strong>.<\/p>\n<p>&nbsp;<\/p>\n<div id=\"attachment_1565\" style=\"width: 670px\" class=\"wp-caption aligncenter\"><a href=\"\/dicestudemili\/wp-content\/uploads\/sites\/57\"><img aria-describedby=\"caption-attachment-1565\" loading=\"lazy\" class=\" wp-image-1565 \" title=\"En el acto se entregaron distinciones a tres militares.\" src=\"\/dicestudemili\/wp-content\/uploads\/sites\/57\" alt=\"En el acto se entregaron distinciones a tres militares.\" width=\"660\" height=\"364\" \/><\/a><p id=\"caption-attachment-1565\" class=\"wp-caption-text\">En el acto se entregaron distinciones a tres militares.<\/p><\/div>\n<p>&nbsp;<\/p>\n<div id=\"attachment_1566\" style=\"width: 564px\" class=\"wp-caption aligncenter\"><a href=\"\/dicestudemili\/wp-content\/uploads\/sites\/57\"><img aria-describedby=\"caption-attachment-1566\" loading=\"lazy\" class=\" wp-image-1566 \" title=\"El delegado de Defensa Antonio de la Rosa, a la izquierda, con uno de los galardonados.\" src=\"\/dicestudemili\/wp-content\/uploads\/sites\/57\" alt=\"El delegado de Defensa Antonio de la Rosa, a la izquierda, con uno de los galardonados.\" width=\"554\" height=\"394\" \/><\/a><p id=\"caption-attachment-1566\" class=\"wp-caption-text\">El delegado de Defensa Antonio de la Rosa, a la izquierda, con uno de los galardonados.<\/p><\/div>\n<p>&nbsp;<\/p>\n<!-- AddThis Advanced Settings generic via filter on the_content --><!-- AddThis Share Buttons generic via filter on the_content -->","protected":false},"excerpt":{"rendered":"<p>&nbsp; En el a\u00f1o 1998 se realizaron varios actos con los que se demostr\u00f3 la buena armon\u00eda que hay entre C\u00e1ceres y el Ej\u00e9rcito que ayuda a dar vida a la ciudad. El s\u00e1bado 28 de marzo los soldados del CIMOV realizaron un cocido para 8.000 personas que se reparti\u00f3 en la Plaza Mayor. El [&hellip;]<!-- AddThis Advanced Settings generic via filter on get_the_excerpt --><!-- AddThis Share Buttons generic via filter on get_the_excerpt --><\/p>\n","protected":false},"author":52,"featured_media":0,"comment_status":"open","ping_status":"closed","sticky":false,"template":"","format":"standard","meta":[],"categories":[3],"tags":[79,203,214,255,282,309,325,331,390,446,473,488,607,669,702,771,880,927,958,1063,1099],"_links":{"self":[{"href":"https:\/\/blogs.hoy.es\/dicestudemili\/wp-json\/wp\/v2\/posts\/1557"}],"collection":[{"href":"https:\/\/blogs.hoy.es\/dicestudemili\/wp-json\/wp\/v2\/posts"}],"about":[{"href":"https:\/\/blogs.hoy.es\/dicestudemili\/wp-json\/wp\/v2\/types\/post"}],"author":[{"embeddable":true,"href":"https:\/\/blogs.hoy.es\/dicestudemili\/wp-json\/wp\/v2\/users\/52"}],"replies":[{"embeddable":true,"href":"https:\/\/blogs.hoy.es\/dicestudemili\/wp-json\/wp\/v2\/comments?post=1557"}],"version-history":[{"count":0,"href":"https:\/\/blogs.hoy.es\/dicestudemili\/wp-json\/wp\/v2\/posts\/1557\/revisions"}],"wp:attachment":[{"href":"https:\/\/blogs.hoy.es\/dicestudemili\/wp-json\/wp\/v2\/media?parent=1557"}],"wp:term":[{"taxonomy":"category","embeddable":true,"href":"https:\/\/blogs.hoy.es\/dicestudemili\/wp-json\/wp\/v2\/categories?post=1557"},{"taxonomy":"post_tag","embeddable":true,"href":"https:\/\/blogs.hoy.es\/dicestudemili\/wp-json\/wp\/v2\/tags?post=1557"}],"curies":[{"name":"wp","href":"https:\/\/api.w.org\/{rel}","templated":true}]}}