{"id":1567,"date":"2013-09-13T05:52:37","date_gmt":"2013-09-13T05:52:37","guid":{"rendered":"http:\/\/blogs.hoy.es\/dicestudemili\/?p=1567"},"modified":"2013-09-13T05:52:37","modified_gmt":"2013-09-13T05:52:37","slug":"1998-6-se-pasa-de-formar-10-000-soldados-al-ano-a-6-000","status":"publish","type":"post","link":"https:\/\/blogs.hoy.es\/dicestudemili\/2013\/09\/13\/1998-6-se-pasa-de-formar-10-000-soldados-al-ano-a-6-000\/","title":{"rendered":"1998 (6): Se pasa de formar 10.000 j\u00f3venes al a\u00f1o a 6.000 y a\u00fan hay &#039;pinchos&#039; en el Ayuntamiento"},"content":{"rendered":"<div id=\"attachment_1568\" style=\"width: 666px\" class=\"wp-caption aligncenter\"><a href=\"\/dicestudemili\/wp-content\/uploads\/sites\/57\/2013\/09\/febrero.jpg\"><img aria-describedby=\"caption-attachment-1568\" loading=\"lazy\" class=\" wp-image-1568  \" title=\"Reclutas del primer reemplazo de 1998 en el recibimiento que tuvieron en el Ayuntamiento.\" src=\"\/dicestudemili\/wp-content\/uploads\/sites\/57\/2013\/09\/febrero.jpg\" alt=\"Reclutas del primer reemplazo de 1998 en el recibimiento que tuvieron en el Ayuntamiento.\" width=\"656\" height=\"493\" srcset=\"https:\/\/static-blogs.hoy.es\/wp-content\/uploads\/sites\/57\/2013\/09\/febrero.jpg 820w, https:\/\/static-blogs.hoy.es\/wp-content\/uploads\/sites\/57\/2013\/09\/febrero-300x225.jpg 300w, https:\/\/static-blogs.hoy.es\/wp-content\/uploads\/sites\/57\/2013\/09\/febrero-768x577.jpg 768w\" sizes=\"(max-width: 656px) 100vw, 656px\" \/><\/a><p id=\"caption-attachment-1568\" class=\"wp-caption-text\">Reclutas del primer reemplazo de 1998 en el recibimiento que les ofrecieron en el Ayuntamiento.<\/p><\/div>\n<p>&nbsp;<\/p>\n<p>Si en el a\u00f1o <strong>1997 el CIMOV form\u00f3 a 10.000 j\u00f3venes<\/strong> para que aprendieran la instrucci\u00f3n militar, <strong>en el a\u00f1o 1998 la cifra baj\u00f3 a 6.000<\/strong> que se repartieron en cuatro reemplazos, lo que supon\u00eda realizar cuatro juras de bandera al a\u00f1o. En la imagen superior se encuentran algunos de los 1.670 reclutas del primer reemplazo de 1998, que juraron bandera el <strong>19 de abril de 1998<\/strong>. La imagen est\u00e1 tomada en el <strong>sal\u00f3n de plenos del Ayuntamiento de C\u00e1ceres<\/strong> en el acto de bienvenida que se realiz\u00f3 el<strong> 26 de febrero<\/strong>, dirigi\u00e9ndoles unas palabras el concejal <strong>Teodoro Casado<\/strong>. Pese a la reducci\u00f3n de reclutas, el Ayuntamiento sigui\u00f3 manteniendo la tradici\u00f3n de agasajar a una representaci\u00f3n de cada reemplazo con unos &#8216;pinchos&#8217; y unos refrescos.<\/p>\n<p>En las instalaciones del CIMOV comenzaron a convivir los reclutas que hac\u00edan la mili, y los j\u00f3venes que se formaban para ser soldados profesionales. En el mes de marzo de 1998 ya se anunciaba que el n\u00famero de militares de reemplazo bajar\u00eda, pasando a ser los llamamientos de unos 800 j\u00f3venes, en vez de los m\u00e1s de 2.000 como ven\u00eda siendo habitual.<\/p>\n<p><strong>En diciembre de 1998 hab\u00eda s\u00f3lo 500 j\u00f3venes haciendo la mili<\/strong>, compartiendo el Campamento Santa Ana <strong>con 1.200 soldados profesionales<\/strong>. Las tres im\u00e1genes siguientes son de la celebraci\u00f3n de la <strong>Inmaculada Concepci\u00f3n<\/strong>, patrona del CIMOV, el 8 de diciembre.<\/p>\n<p>&nbsp;<\/p>\n<div id=\"attachment_1570\" style=\"width: 683px\" class=\"wp-caption aligncenter\"><a href=\"\/dicestudemili\/wp-content\/uploads\/sites\/57\/2013\/09\/diciembre.jpg\"><img aria-describedby=\"caption-attachment-1570\" loading=\"lazy\" class=\" wp-image-1570 \" title=\"Parada militar en la explanada de formaciones del Centro de Instrucci\u00f3n.\" src=\"\/dicestudemili\/wp-content\/uploads\/sites\/57\/2013\/09\/diciembre.jpg\" alt=\"Parada militar en la explanada de formaciones del Centro de Instrucci\u00f3n.\" width=\"673\" height=\"404\" srcset=\"https:\/\/static-blogs.hoy.es\/wp-content\/uploads\/sites\/57\/2013\/09\/diciembre.jpg 748w, https:\/\/static-blogs.hoy.es\/wp-content\/uploads\/sites\/57\/2013\/09\/diciembre-300x180.jpg 300w\" sizes=\"(max-width: 673px) 100vw, 673px\" \/><\/a><p id=\"caption-attachment-1570\" class=\"wp-caption-text\">Parada militar en la explanada de formaciones del Centro de Instrucci\u00f3n.<\/p><\/div>\n<p>&nbsp;<\/p>\n<div id=\"attachment_1571\" style=\"width: 691px\" class=\"wp-caption aligncenter\"><a href=\"\/dicestudemili\/wp-content\/uploads\/sites\/57\/2013\/09\/diciembre3.jpg\"><img aria-describedby=\"caption-attachment-1571\" loading=\"lazy\" class=\" wp-image-1571 \" title=\"Entrega de condecoraciones.\" src=\"\/dicestudemili\/wp-content\/uploads\/sites\/57\/2013\/09\/diciembre3.jpg\" alt=\"Entrega de condecoraciones.\" width=\"681\" height=\"384\" srcset=\"https:\/\/static-blogs.hoy.es\/wp-content\/uploads\/sites\/57\/2013\/09\/diciembre3.jpg 757w, https:\/\/static-blogs.hoy.es\/wp-content\/uploads\/sites\/57\/2013\/09\/diciembre3-300x169.jpg 300w\" sizes=\"(max-width: 681px) 100vw, 681px\" \/><\/a><p id=\"caption-attachment-1571\" class=\"wp-caption-text\">Entrega de condecoraciones.<\/p><\/div>\n<p>&nbsp;<\/p>\n<div id=\"attachment_1572\" style=\"width: 626px\" class=\"wp-caption aligncenter\"><a href=\"\/dicestudemili\/wp-content\/uploads\/sites\/57\/2013\/09\/diciembre2.jpg\"><img aria-describedby=\"caption-attachment-1572\" loading=\"lazy\" class=\" wp-image-1572 \" title=\"Intervenci\u00f3n del coronel jefe del CIMOV Jes\u00fas Antol\u00edn Melgar.\" src=\"\/dicestudemili\/wp-content\/uploads\/sites\/57\/2013\/09\/diciembre2.jpg\" alt=\"Intervenci\u00f3n del coronel jefe del CIMOV Jes\u00fas Antol\u00edn Melgar.\" width=\"616\" height=\"462\" srcset=\"https:\/\/static-blogs.hoy.es\/wp-content\/uploads\/sites\/57\/2013\/09\/diciembre2.jpg 684w, https:\/\/static-blogs.hoy.es\/wp-content\/uploads\/sites\/57\/2013\/09\/diciembre2-300x225.jpg 300w\" sizes=\"(max-width: 616px) 100vw, 616px\" \/><\/a><p id=\"caption-attachment-1572\" class=\"wp-caption-text\">Intervenci\u00f3n del coronel jefe del CIMOV Jes\u00fas Antol\u00edn Melgar.<\/p><\/div>\n<p>&nbsp;<\/p>\n<!-- AddThis Advanced Settings generic via filter on the_content --><!-- AddThis Share Buttons generic via filter on the_content -->","protected":false},"excerpt":{"rendered":"<p>&nbsp; Si en el a\u00f1o 1997 el CIMOV form\u00f3 a 10.000 j\u00f3venes para que aprendieran la instrucci\u00f3n militar, en el a\u00f1o 1998 la cifra baj\u00f3 a 6.000 que se repartieron en cuatro reemplazos, lo que supon\u00eda realizar cuatro juras de bandera al a\u00f1o. En la imagen superior se encuentran algunos de los 1.670 reclutas del [&hellip;]<!-- AddThis Advanced Settings generic via filter on get_the_excerpt --><!-- AddThis Share Buttons generic via filter on get_the_excerpt --><\/p>\n","protected":false},"author":52,"featured_media":0,"comment_status":"open","ping_status":"closed","sticky":false,"template":"","format":"standard","meta":[],"categories":[3],"tags":[384,619,1134],"_links":{"self":[{"href":"https:\/\/blogs.hoy.es\/dicestudemili\/wp-json\/wp\/v2\/posts\/1567"}],"collection":[{"href":"https:\/\/blogs.hoy.es\/dicestudemili\/wp-json\/wp\/v2\/posts"}],"about":[{"href":"https:\/\/blogs.hoy.es\/dicestudemili\/wp-json\/wp\/v2\/types\/post"}],"author":[{"embeddable":true,"href":"https:\/\/blogs.hoy.es\/dicestudemili\/wp-json\/wp\/v2\/users\/52"}],"replies":[{"embeddable":true,"href":"https:\/\/blogs.hoy.es\/dicestudemili\/wp-json\/wp\/v2\/comments?post=1567"}],"version-history":[{"count":0,"href":"https:\/\/blogs.hoy.es\/dicestudemili\/wp-json\/wp\/v2\/posts\/1567\/revisions"}],"wp:attachment":[{"href":"https:\/\/blogs.hoy.es\/dicestudemili\/wp-json\/wp\/v2\/media?parent=1567"}],"wp:term":[{"taxonomy":"category","embeddable":true,"href":"https:\/\/blogs.hoy.es\/dicestudemili\/wp-json\/wp\/v2\/categories?post=1567"},{"taxonomy":"post_tag","embeddable":true,"href":"https:\/\/blogs.hoy.es\/dicestudemili\/wp-json\/wp\/v2\/tags?post=1567"}],"curies":[{"name":"wp","href":"https:\/\/api.w.org\/{rel}","templated":true}]}}