{"id":1573,"date":"2013-09-17T08:01:45","date_gmt":"2013-09-17T08:01:45","guid":{"rendered":"http:\/\/blogs.hoy.es\/dicestudemili\/?p=1573"},"modified":"2013-09-17T08:01:45","modified_gmt":"2013-09-17T08:01:45","slug":"el-antes-y-el-despues-de-la-ermita-de-santa-ana-el-cementerio-de-los-ninos-de-caceres","status":"publish","type":"post","link":"https:\/\/blogs.hoy.es\/dicestudemili\/2013\/09\/17\/el-antes-y-el-despues-de-la-ermita-de-santa-ana-el-cementerio-de-los-ninos-de-caceres\/","title":{"rendered":"El antes y el despu\u00e9s de la ermita de Santa Ana, el cementerio de los ni\u00f1os de C\u00e1ceres"},"content":{"rendered":"<p>El <strong>Campamento Santa Ana<\/strong> debe su nombre a una ermita <strong>construida a mediados del siglo XVI<\/strong> en la dehesa denominada &#8216;Alcores de Santa Ana y de Don Juan&#8217;, en terrenos que desde el <strong>23 de marzo de 1950<\/strong> son propiedad del <strong>Ministerio de Defensa<\/strong>. El Estado compr\u00f3 estas tierras a dos hermanos portugueses, por 7.200 euros, para destinarlas a campo de tiro y para hacer instrucci\u00f3n el<strong> regimiento Argel 27<\/strong>, pasando la ermita a ser capilla castrense. En 1964 todo este terreno se convirti\u00f3 en el <strong>CIR Centro<\/strong> y numerosos reclutas escucharon misa en la ermita, hasta que se suprimieron las celebraciones religiosas al temer que se cayera el techo sobre los j\u00f3venes que hac\u00edan la mili en C\u00e1ceres. Se pas\u00f3 a celebrar las misas en la iglesia que se levant\u00f3 en el n\u00facleo del CIR, llevando all\u00ed la imagen de Santa Ana que estaba en la ermita.<\/p>\n<p>En el a\u00f1o 1996 el Ministerio de Defensa decidi\u00f3 restaurar la ermita. Se gastaron 84.000 euros en las obras que fueron realizadas bajo la direcci\u00f3n del <strong>capit\u00e1n ingeniero Jos\u00e9 Gracia Arenas<\/strong>. La mayor parte del dinero procedi\u00f3 de una ayuda de la <strong>Caja de Ahorros de Extremadura<\/strong>.<\/p>\n<p>Cuando los obreros comenzaron a trabajar en la ermita su estado era totalmente ruinoso. Unos arcos encuadran la entrada de la ermita. Sobre la puerta hay un fresco del siglo XVI, en muy mal estado entonces, que representa a Santa Ana y un \u00e1ngel, con la leyenda &#8216;Ora pro nobis&#8217;. Junto a los arcos de la entrada se levanta un campanario. En el interior de la ermita hay dos estancias con b\u00f3vedas. Los obreros tiraron una casa en ruinas que estaba adosada a la ermita.<\/p>\n<p>En las siguientes fotograf\u00edas veremos <strong>como estaba la ermita en 1996<\/strong> cuando se empez\u00f3 la obra de rehabilitaci\u00f3n:<\/p>\n<p>&nbsp;<\/p>\n<div id=\"attachment_1575\" style=\"width: 646px\" class=\"wp-caption aligncenter\"><a href=\"\/dicestudemili\/wp-content\/uploads\/sites\/57\/2013\/09\/11.jpg\"><img aria-describedby=\"caption-attachment-1575\" loading=\"lazy\" class=\" wp-image-1575    \" title=\"Vista panor\u00e1mica de la ermita en agosto de 1996.\" src=\"\/dicestudemili\/wp-content\/uploads\/sites\/57\/2013\/09\/11.jpg\" alt=\"Vista panor\u00e1mica de la ermita en agosto de 1996.\" width=\"636\" height=\"385\" srcset=\"https:\/\/static-blogs.hoy.es\/wp-content\/uploads\/sites\/57\/2013\/09\/11.jpg 982w, https:\/\/static-blogs.hoy.es\/wp-content\/uploads\/sites\/57\/2013\/09\/11-300x182.jpg 300w, https:\/\/static-blogs.hoy.es\/wp-content\/uploads\/sites\/57\/2013\/09\/11-768x465.jpg 768w\" sizes=\"(max-width: 636px) 100vw, 636px\" \/><\/a><p id=\"caption-attachment-1575\" class=\"wp-caption-text\">Vista panor\u00e1mica de la ermita en agosto de 1996.<\/p><\/div>\n<p>&nbsp;<\/p>\n<div id=\"attachment_1576\" style=\"width: 670px\" class=\"wp-caption aligncenter\"><a href=\"\/dicestudemili\/wp-content\/uploads\/sites\/57\/2013\/09\/21.jpg\"><img aria-describedby=\"caption-attachment-1576\" loading=\"lazy\" class=\" wp-image-1576 \" title=\"Entrada con los arcos.\" src=\"\/dicestudemili\/wp-content\/uploads\/sites\/57\/2013\/09\/21.jpg\" alt=\"Entrada con los arcos.\" width=\"660\" height=\"450\" srcset=\"https:\/\/static-blogs.hoy.es\/wp-content\/uploads\/sites\/57\/2013\/09\/21.jpg 733w, https:\/\/static-blogs.hoy.es\/wp-content\/uploads\/sites\/57\/2013\/09\/21-300x205.jpg 300w\" sizes=\"(max-width: 660px) 100vw, 660px\" \/><\/a><p id=\"caption-attachment-1576\" class=\"wp-caption-text\">Los arcos de la entrada, en la que se aprecia parte del fresco.<\/p><\/div>\n<p>&nbsp;<\/p>\n<div id=\"attachment_1577\" style=\"width: 686px\" class=\"wp-caption aligncenter\"><a href=\"\/dicestudemili\/wp-content\/uploads\/sites\/57\/2013\/09\/31.jpg\"><img aria-describedby=\"caption-attachment-1577\" loading=\"lazy\" class=\"size-full wp-image-1577\" title=\"En la rehabilitaci\u00f3n se invirtieron 7.200 euros.\" src=\"\/dicestudemili\/wp-content\/uploads\/sites\/57\/2013\/09\/31.jpg\" alt=\"En la rehabilitaci\u00f3n se invirtieron 7.200 euros.\" width=\"676\" height=\"420\" srcset=\"https:\/\/static-blogs.hoy.es\/wp-content\/uploads\/sites\/57\/2013\/09\/31.jpg 676w, https:\/\/static-blogs.hoy.es\/wp-content\/uploads\/sites\/57\/2013\/09\/31-300x186.jpg 300w\" sizes=\"(max-width: 676px) 100vw, 676px\" \/><\/a><p id=\"caption-attachment-1577\" class=\"wp-caption-text\">En la rehabilitaci\u00f3n se invirtieron 7.200 euros.<\/p><\/div>\n<p>&nbsp;<\/p>\n<div id=\"attachment_1578\" style=\"width: 665px\" class=\"wp-caption aligncenter\"><a href=\"\/dicestudemili\/wp-content\/uploads\/sites\/57\/2013\/09\/41.jpg\"><img aria-describedby=\"caption-attachment-1578\" loading=\"lazy\" class=\"size-full wp-image-1578\" title=\"Un lateral de la ermita.\" src=\"\/dicestudemili\/wp-content\/uploads\/sites\/57\/2013\/09\/41.jpg\" alt=\"Un lateral de la ermita.\" width=\"655\" height=\"436\" srcset=\"https:\/\/static-blogs.hoy.es\/wp-content\/uploads\/sites\/57\/2013\/09\/41.jpg 655w, https:\/\/static-blogs.hoy.es\/wp-content\/uploads\/sites\/57\/2013\/09\/41-300x200.jpg 300w\" sizes=\"(max-width: 655px) 100vw, 655px\" \/><\/a><p id=\"caption-attachment-1578\" class=\"wp-caption-text\">Un lateral de la ermita.<\/p><\/div>\n<p>&nbsp;<\/p>\n<div id=\"attachment_1579\" style=\"width: 667px\" class=\"wp-caption aligncenter\"><a href=\"\/dicestudemili\/wp-content\/uploads\/sites\/57\/2013\/09\/51.jpg\"><img aria-describedby=\"caption-attachment-1579\" loading=\"lazy\" class=\"size-full wp-image-1579\" title=\"Lo que quedaba del fresco en el que se representaba a Santa Ana y a un \u00e1ngel.\" src=\"\/dicestudemili\/wp-content\/uploads\/sites\/57\/2013\/09\/51.jpg\" alt=\"Lo que quedaba del fresco en el que se representaba a Santa Ana y a un \u00e1ngel.\" width=\"657\" height=\"428\" srcset=\"https:\/\/static-blogs.hoy.es\/wp-content\/uploads\/sites\/57\/2013\/09\/51.jpg 657w, https:\/\/static-blogs.hoy.es\/wp-content\/uploads\/sites\/57\/2013\/09\/51-300x195.jpg 300w\" sizes=\"(max-width: 657px) 100vw, 657px\" \/><\/a><p id=\"caption-attachment-1579\" class=\"wp-caption-text\">Lo que quedaba del fresco en el que se representaba a Santa Ana y a un \u00e1ngel.<\/p><\/div>\n<p>&nbsp;<\/p>\n<p>El investigador <strong>Alonso Corrales Gait\u00e1n<\/strong> ha indicado que la ermita se construy\u00f3 en 1556 por decisi\u00f3n del mecenas <strong>Juan Vel\u00e1zquez de \u00c1vila<\/strong>, realizando la obra el cantero<strong> Pedro G\u00f3mez<\/strong>.<\/p>\n<p>Los cacere\u00f1os ten\u00edan gran veneraci\u00f3n a la madre de la <strong>Virgen Mar\u00eda<\/strong>. La invocaban para tener una buena muerte, ped\u00edan su ayuda contra la esterilidad y la consideraban protectora de los ni\u00f1os, pidi\u00e9ndole socorro para ahuyentar las fiebres de los beb\u00e9s. El ser tomada protectora de los m\u00e1s peque\u00f1os, debi\u00f3 ser la raz\u00f3n de que, durante un tiempo, en sus alrededores se enterraran los ni\u00f1os muertos en C\u00e1ceres. As\u00ed figura en un documento fechado en <strong>1790<\/strong>.<\/p>\n<p>Durante 100 a\u00f1os estuvo vinculada a la<strong> familia Carvajal<\/strong>, que intent\u00f3 crear alrededor de la ermita un vergel, con vegetaci\u00f3n tra\u00edda del norte de \u00c1frica. Puede que por eso en este lugar se encuentre una palmera. El jard\u00edn se alimentaba del agua subterr\u00e1nea que hay en la zona y una colina lo proteg\u00eda.<\/p>\n<p>El periodista <strong>Fernando Garc\u00eda Morales<\/strong>, en su libro &#8216;Ventanas a la ciudad&#8217; recordaba que los cacere\u00f1os acostumbraban a ir en <strong>romer\u00eda a la ermita de Santa Ana<\/strong>, que se ten\u00eda como abogada de los que sufr\u00edan cojera. Escribi\u00f3 que se cantaba esta copla: &#8220;<em>Todos los cojos\/ van a Santa Ana,\/ yo tambi\u00e9n voy,\/ con mi pata galana<\/em>&#8220;.<\/p>\n<p>Las siguientes im\u00e1genes muestran <strong>como qued\u00f3 la ermita tras su rehabilitaci\u00f3n<\/strong>. Fue bendecida el <strong>15 de diciembre de 1996<\/strong> por el <strong>arzobispo general castrense Jos\u00e9 Manuel Estepa Llaurentes<\/strong>.<\/p>\n<p>&nbsp;<\/p>\n<div id=\"attachment_1580\" style=\"width: 675px\" class=\"wp-caption aligncenter\"><a href=\"\/dicestudemili\/wp-content\/uploads\/sites\/57\"><img aria-describedby=\"caption-attachment-1580\" loading=\"lazy\" class=\"size-full wp-image-1580\" title=\"La ermita el 15 de diciembre de 1996.\" src=\"\/dicestudemili\/wp-content\/uploads\/sites\/57\" alt=\"La ermita el 15 de diciembre de 1996.\" width=\"665\" height=\"420\" \/><\/a><p id=\"caption-attachment-1580\" class=\"wp-caption-text\">La ermita el 15 de diciembre de 1996.<\/p><\/div>\n<p>&nbsp;<\/p>\n<div id=\"attachment_1581\" style=\"width: 610px\" class=\"wp-caption aligncenter\"><a href=\"\/dicestudemili\/wp-content\/uploads\/sites\/57\/2013\/09\/71.jpg\"><img aria-describedby=\"caption-attachment-1581\" loading=\"lazy\" class=\"size-full wp-image-1581\" title=\"Aspecto de la entrada con los arcos.\" src=\"\/dicestudemili\/wp-content\/uploads\/sites\/57\/2013\/09\/71.jpg\" alt=\"Aspecto de la entrada con los arcos.\" width=\"600\" height=\"588\" srcset=\"https:\/\/static-blogs.hoy.es\/wp-content\/uploads\/sites\/57\/2013\/09\/71.jpg 600w, https:\/\/static-blogs.hoy.es\/wp-content\/uploads\/sites\/57\/2013\/09\/71-300x294.jpg 300w\" sizes=\"(max-width: 600px) 100vw, 600px\" \/><\/a><p id=\"caption-attachment-1581\" class=\"wp-caption-text\">Aspecto de la entrada con los arcos.<\/p><\/div>\n<p>&nbsp;<\/p>\n<div id=\"attachment_1582\" style=\"width: 595px\" class=\"wp-caption aligncenter\"><a href=\"\/dicestudemili\/wp-content\/uploads\/sites\/57\/2013\/09\/81.jpg\"><img aria-describedby=\"caption-attachment-1582\" loading=\"lazy\" class=\" wp-image-1582  \" title=\"El fresco de Santa Ana ya recuperado.\" src=\"\/dicestudemili\/wp-content\/uploads\/sites\/57\/2013\/09\/81.jpg\" alt=\"El fresco de Santa Ana ya recuperado.\" width=\"585\" height=\"404\" srcset=\"https:\/\/static-blogs.hoy.es\/wp-content\/uploads\/sites\/57\/2013\/09\/81.jpg 722w, https:\/\/static-blogs.hoy.es\/wp-content\/uploads\/sites\/57\/2013\/09\/81-300x207.jpg 300w\" sizes=\"(max-width: 585px) 100vw, 585px\" \/><\/a><p id=\"caption-attachment-1582\" class=\"wp-caption-text\">El fresco de Santa Ana ya recuperado.<\/p><\/div>\n<p>&nbsp;<\/p>\n<!-- AddThis Advanced Settings generic via filter on the_content --><!-- AddThis Share Buttons generic via filter on the_content -->","protected":false},"excerpt":{"rendered":"<p>El Campamento Santa Ana debe su nombre a una ermita construida a mediados del siglo XVI en la dehesa denominada &#8216;Alcores de Santa Ana y de Don Juan&#8217;, en terrenos que desde el 23 de marzo de 1950 son propiedad del Ministerio de Defensa. El Estado compr\u00f3 estas tierras a dos hermanos portugueses, por 7.200 [&hellip;]<!-- AddThis Advanced Settings generic via filter on get_the_excerpt --><!-- AddThis Share Buttons generic via filter on get_the_excerpt --><\/p>\n","protected":false},"author":52,"featured_media":0,"comment_status":"open","ping_status":"closed","sticky":false,"template":"","format":"standard","meta":[],"categories":[2],"tags":[71,111,201,211,247,487,508,741,846,902,971],"_links":{"self":[{"href":"https:\/\/blogs.hoy.es\/dicestudemili\/wp-json\/wp\/v2\/posts\/1573"}],"collection":[{"href":"https:\/\/blogs.hoy.es\/dicestudemili\/wp-json\/wp\/v2\/posts"}],"about":[{"href":"https:\/\/blogs.hoy.es\/dicestudemili\/wp-json\/wp\/v2\/types\/post"}],"author":[{"embeddable":true,"href":"https:\/\/blogs.hoy.es\/dicestudemili\/wp-json\/wp\/v2\/users\/52"}],"replies":[{"embeddable":true,"href":"https:\/\/blogs.hoy.es\/dicestudemili\/wp-json\/wp\/v2\/comments?post=1573"}],"version-history":[{"count":0,"href":"https:\/\/blogs.hoy.es\/dicestudemili\/wp-json\/wp\/v2\/posts\/1573\/revisions"}],"wp:attachment":[{"href":"https:\/\/blogs.hoy.es\/dicestudemili\/wp-json\/wp\/v2\/media?parent=1573"}],"wp:term":[{"taxonomy":"category","embeddable":true,"href":"https:\/\/blogs.hoy.es\/dicestudemili\/wp-json\/wp\/v2\/categories?post=1573"},{"taxonomy":"post_tag","embeddable":true,"href":"https:\/\/blogs.hoy.es\/dicestudemili\/wp-json\/wp\/v2\/tags?post=1573"}],"curies":[{"name":"wp","href":"https:\/\/api.w.org\/{rel}","templated":true}]}}