{"id":1585,"date":"2013-09-20T09:36:31","date_gmt":"2013-09-20T09:36:31","guid":{"rendered":"http:\/\/blogs.hoy.es\/dicestudemili\/?p=1585"},"modified":"2013-09-20T09:36:31","modified_gmt":"2013-09-20T09:36:31","slug":"1998-7-los-reclutas-tienen-rebajas-para-ir-al-baloncesto-a-ver-a-caceres-c-b","status":"publish","type":"post","link":"https:\/\/blogs.hoy.es\/dicestudemili\/2013\/09\/20\/1998-7-los-reclutas-tienen-rebajas-para-ir-al-baloncesto-a-ver-a-caceres-c-b\/","title":{"rendered":"1998 (7) : Los reclutas tienen rebajas para ir al baloncesto a ver al C\u00e1ceres C. B."},"content":{"rendered":"<div id=\"attachment_1586\" style=\"width: 619px\" class=\"wp-caption aligncenter\"><a href=\"\/dicestudemili\/wp-content\/uploads\/sites\/57\/2013\/09\/1290517_42.jpg\"><img aria-describedby=\"caption-attachment-1586\" loading=\"lazy\" class=\" wp-image-1586 \" title=\"Dyron Nix, jugador del C\u00e1ceres C. B., entre dos contrincantes del Gran Canaria en la temporada 98-99.\" src=\"\/dicestudemili\/wp-content\/uploads\/sites\/57\/2013\/09\/1290517_42.jpg\" alt=\"Dyron Nix, jugador del C\u00e1ceres C. B., entre dos contrincantes del Gran Canaria en la temporada 98-99.\" width=\"609\" height=\"922\" srcset=\"https:\/\/static-blogs.hoy.es\/wp-content\/uploads\/sites\/57\/2013\/09\/1290517_42.jpg 1058w, https:\/\/static-blogs.hoy.es\/wp-content\/uploads\/sites\/57\/2013\/09\/1290517_42-198x300.jpg 198w, https:\/\/static-blogs.hoy.es\/wp-content\/uploads\/sites\/57\/2013\/09\/1290517_42-768x1161.jpg 768w, https:\/\/static-blogs.hoy.es\/wp-content\/uploads\/sites\/57\/2013\/09\/1290517_42-677x1024.jpg 677w\" sizes=\"(max-width: 609px) 100vw, 609px\" \/><\/a><p id=\"caption-attachment-1586\" class=\"wp-caption-text\">Dyron Nix, jugador del C\u00e1ceres C. B., entre dos contrincantes del Gran Canaria en la temporada 98-99. La foto es de Lorenzo Cordero.<\/p><\/div>\n<p>&nbsp;<\/p>\n<p>A muchos reclutas que ven\u00edan a C\u00e1ceres por primera vez, les sorprend\u00eda la gran afici\u00f3n que hab\u00eda en la ciudad por el baloncesto. <strong>C\u00e1ceres C. B.<\/strong> era su equipo y durante 11 temporadas (de 1992 al 2003) estuvo en la Liga ACB, la m\u00e1xima categor\u00eda del baloncesto espa\u00f1ol.<\/p>\n<p>En 1998 el presidente del C\u00e1ceres C. B. era <strong>C\u00e9sar Garc\u00eda<\/strong> y el 23 de julio de ese a\u00f1o firm\u00f3 un curioso convenio con el coronel jefe del CIMOV de C\u00e1ceres, con <strong>Jes\u00fas Antol\u00edn Melgar<\/strong>. En el convenio de colaboraci\u00f3n ambas partes se compromet\u00edan a una mayor integraci\u00f3n en la sociedad cacere\u00f1a a trav\u00e9s del baloncesto.<\/p>\n<p>&nbsp;<\/p>\n<div id=\"attachment_1587\" style=\"width: 675px\" class=\"wp-caption aligncenter\"><a href=\"\/dicestudemili\/wp-content\/uploads\/sites\/57\/2013\/09\/1998-baloncesto.jpg\"><img aria-describedby=\"caption-attachment-1587\" loading=\"lazy\" class=\" wp-image-1587  \" title=\"C\u00e9sar Garc\u00eda y el coronel Melgar firmando el convenio.\" src=\"\/dicestudemili\/wp-content\/uploads\/sites\/57\/2013\/09\/1998-baloncesto.jpg\" alt=\"C\u00e9sar Garc\u00eda y el coronel Melgar firmando el convenio.\" width=\"665\" height=\"421\" srcset=\"https:\/\/static-blogs.hoy.es\/wp-content\/uploads\/sites\/57\/2013\/09\/1998-baloncesto.jpg 821w, https:\/\/static-blogs.hoy.es\/wp-content\/uploads\/sites\/57\/2013\/09\/1998-baloncesto-300x190.jpg 300w, https:\/\/static-blogs.hoy.es\/wp-content\/uploads\/sites\/57\/2013\/09\/1998-baloncesto-768x486.jpg 768w\" sizes=\"(max-width: 665px) 100vw, 665px\" \/><\/a><p id=\"caption-attachment-1587\" class=\"wp-caption-text\">C\u00e9sar Garc\u00eda y el coronel Melgar firmando el convenio.<\/p><\/div>\n<p>&nbsp;<\/p>\n<p>Gracias a este convenio, tanto los reclutas de reemplazo que estaban haciendo el servicio miliar obligatorio, como los que se instru\u00edan para ser soldados profesionales, se beneficiaban de una serie de rebajas en los precios de la venta de localidades y abonos, para que pudieran ir con asiduidad al <strong>Pabell\u00f3n Universitario &#8216;V Centenario&#8217;<\/strong>.<\/p>\n<p>El C\u00e1ceres C.B. desapareci\u00f3 en la temporada 2005 como consecuencia de problemas financieros.<\/p>\n<p>Muchos reclutas siguieron este a\u00f1o, literalmente, dando su sangre por los cacere\u00f1os. El presidente de la<strong> Hernandad de Donantes de Sangre<\/strong> de C\u00e1ceres, <strong>Narciso Corrales<\/strong>, comentaba en una entrevista que le hizo la periodista <strong>Pilar Armero<\/strong>, para el Diario HOY, \u00a0que estaba muy satisfecho con la colaboraci\u00f3n del CIMOV, que les aseguraba que cada mi\u00e9rcoles donaran sangre 25 soldados voluntarios.<\/p>\n<p>En el <strong>Campamento Santa Ana<\/strong> comenzaron a impartirse <strong>dos m\u00f3dulos de FP 1<\/strong>, los de las especialidades de Auxiliar Administrativo y Auxiliar de Cl\u00ednica, con los que se lograba formar laboralmente a los soldados profesionales.<\/p>\n<p>Por desgracia, siguieron siendo noticia los<strong> accidentes de tr\u00e1fico<\/strong> en los alrededores de la entrada del CIMOV. El mi\u00e9rcoles <strong>7 de octubre de 1998<\/strong>, a las diez menos cuarto de la noche, un Citroen Saxo se sali\u00f3 de la calzada en el cruce de la entrada del <strong>recinto ferial de C\u00e1ceres<\/strong>, cerca del acuartelamiento del CIMOV. Tres de los ocupantes del coche, todos ellos militares, resultaron heridos de gravedad, por lo que fueron trasladados al <strong>Hospital San Pedro de Alc\u00e1ntara<\/strong>.<\/p>\n<p>&nbsp;<\/p>\n<div id=\"attachment_1589\" style=\"width: 710px\" class=\"wp-caption aligncenter\"><a href=\"\/dicestudemili\/wp-content\/uploads\/sites\/57\/2013\/09\/1998-instrucci\u00f3noct.jpg\"><img aria-describedby=\"caption-attachment-1589\" loading=\"lazy\" class=\" wp-image-1589   \" title=\"Realizando la instrucci\u00f3n en el interior del Campamento Santa Ana.\" src=\"\/dicestudemili\/wp-content\/uploads\/sites\/57\/2013\/09\/1998-instrucci\u00f3noct.jpg\" alt=\"Realizando la instrucci\u00f3n en el interior del Campamento Santa Ana.\" width=\"700\" height=\"397\" srcset=\"https:\/\/static-blogs.hoy.es\/wp-content\/uploads\/sites\/57\/2013\/09\/1998-instrucci\u00f3noct.jpg 960w, https:\/\/static-blogs.hoy.es\/wp-content\/uploads\/sites\/57\/2013\/09\/1998-instrucci\u00f3noct-300x170.jpg 300w, https:\/\/static-blogs.hoy.es\/wp-content\/uploads\/sites\/57\/2013\/09\/1998-instrucci\u00f3noct-768x435.jpg 768w\" sizes=\"(max-width: 700px) 100vw, 700px\" \/><\/a><p id=\"caption-attachment-1589\" class=\"wp-caption-text\">Realizando la instrucci\u00f3n en el interior del Campamento Santa Ana.<\/p><\/div>\n<p>&nbsp;<\/p>\n<p>&nbsp;<\/p>\n<p>&nbsp;<\/p>\n<!-- AddThis Advanced Settings generic via filter on the_content --><!-- AddThis Share Buttons generic via filter on the_content -->","protected":false},"excerpt":{"rendered":"<p>&nbsp; A muchos reclutas que ven\u00edan a C\u00e1ceres por primera vez, les sorprend\u00eda la gran afici\u00f3n que hab\u00eda en la ciudad por el baloncesto. C\u00e1ceres C. B. era su equipo y durante 11 temporadas (de 1992 al 2003) estuvo en la Liga ACB, la m\u00e1xima categor\u00eda del baloncesto espa\u00f1ol. En 1998 el presidente del C\u00e1ceres [&hellip;]<!-- AddThis Advanced Settings generic via filter on get_the_excerpt --><!-- AddThis Share Buttons generic via filter on get_the_excerpt --><\/p>\n","protected":false},"author":52,"featured_media":0,"comment_status":"open","ping_status":"closed","sticky":false,"template":"","format":"standard","meta":[],"categories":[3],"tags":[16,196,310,383,594,849,868],"_links":{"self":[{"href":"https:\/\/blogs.hoy.es\/dicestudemili\/wp-json\/wp\/v2\/posts\/1585"}],"collection":[{"href":"https:\/\/blogs.hoy.es\/dicestudemili\/wp-json\/wp\/v2\/posts"}],"about":[{"href":"https:\/\/blogs.hoy.es\/dicestudemili\/wp-json\/wp\/v2\/types\/post"}],"author":[{"embeddable":true,"href":"https:\/\/blogs.hoy.es\/dicestudemili\/wp-json\/wp\/v2\/users\/52"}],"replies":[{"embeddable":true,"href":"https:\/\/blogs.hoy.es\/dicestudemili\/wp-json\/wp\/v2\/comments?post=1585"}],"version-history":[{"count":0,"href":"https:\/\/blogs.hoy.es\/dicestudemili\/wp-json\/wp\/v2\/posts\/1585\/revisions"}],"wp:attachment":[{"href":"https:\/\/blogs.hoy.es\/dicestudemili\/wp-json\/wp\/v2\/media?parent=1585"}],"wp:term":[{"taxonomy":"category","embeddable":true,"href":"https:\/\/blogs.hoy.es\/dicestudemili\/wp-json\/wp\/v2\/categories?post=1585"},{"taxonomy":"post_tag","embeddable":true,"href":"https:\/\/blogs.hoy.es\/dicestudemili\/wp-json\/wp\/v2\/tags?post=1585"}],"curies":[{"name":"wp","href":"https:\/\/api.w.org\/{rel}","templated":true}]}}