{"id":1591,"date":"2013-09-28T06:40:12","date_gmt":"2013-09-28T06:40:12","guid":{"rendered":"http:\/\/blogs.hoy.es\/dicestudemili\/?p=1591"},"modified":"2013-09-28T06:40:12","modified_gmt":"2013-09-28T06:40:12","slug":"1998-y-8-las-practicas-de-tiro-los-solos-de-la-banda-y-el-futbol-en-la-cantina","status":"publish","type":"post","link":"https:\/\/blogs.hoy.es\/dicestudemili\/2013\/09\/28\/1998-y-8-las-practicas-de-tiro-los-solos-de-la-banda-y-el-futbol-en-la-cantina\/","title":{"rendered":"1998 (y 8): Las pr\u00e1cticas de tiro, los &#039;solos&#039; de la banda y el f\u00fatbol en la cantina"},"content":{"rendered":"<div id=\"attachment_1592\" style=\"width: 672px\" class=\"wp-caption aligncenter\"><a href=\"\/dicestudemili\/wp-content\/uploads\/sites\/57\/2013\/09\/1998antonio-Jes\u00fas-M\u00e9ndez.jpg\"><img aria-describedby=\"caption-attachment-1592\" loading=\"lazy\" class=\" wp-image-1592    \" title=\"Foto publicada por Antonio Jes\u00fas M\u00e9ndez en internet, de pr\u00e1cticas de tiro en 1998.\" src=\"\/dicestudemili\/wp-content\/uploads\/sites\/57\/2013\/09\/1998antonio-Jes\u00fas-M\u00e9ndez.jpg\" alt=\"Foto publicada por Antonio Jes\u00fas M\u00e9ndez en internet, de pr\u00e1cticas de tiro en 1998.\" width=\"662\" height=\"440\" srcset=\"https:\/\/static-blogs.hoy.es\/wp-content\/uploads\/sites\/57\/2013\/09\/1998antonio-Jes\u00fas-M\u00e9ndez.jpg 1010w, https:\/\/static-blogs.hoy.es\/wp-content\/uploads\/sites\/57\/2013\/09\/1998antonio-Jes\u00fas-M\u00e9ndez-300x199.jpg 300w, https:\/\/static-blogs.hoy.es\/wp-content\/uploads\/sites\/57\/2013\/09\/1998antonio-Jes\u00fas-M\u00e9ndez-768x509.jpg 768w\" sizes=\"(max-width: 662px) 100vw, 662px\" \/><\/a><p id=\"caption-attachment-1592\" class=\"wp-caption-text\">Fotograf\u00eda publicada por Antonio Jes\u00fas M\u00e9ndez en internet, de pr\u00e1cticas de tiro en 1998.<\/p><\/div>\n<p>&nbsp;<\/p>\n<p>Esta fotograf\u00eda, en la que se ven las magn\u00edficas<strong> instalaciones de tiro<\/strong> del Campamento Santa Ana de C\u00e1ceres, ha sido publicada por <strong>Antonio Jes\u00fas M\u00e9ndez Garc\u00eda\u00a0<\/strong>en el grupo de facebook, &#8216;Yo hice la mili en el CIR de C\u00e1ceres o CIMOV n\u00famero 1&#8217;. Jes\u00fas hace los siguientes comentarios dentro del grupo:<\/p>\n<p>&#8220;<em>Era del tercer reemplazo del 98. De la 6\u00aa Compa\u00f1\u00eda, de la tercera secci\u00f3n y era conocido como<strong>\u00a0&#8216;El Sevi&#8217;<\/strong>\u00a0(era el \u00fanico de Sevilla de todo el reemplazo).\u00a0N\u00famero 151. Estaba en la banda del cuartel, en la secci\u00f3n de tambores que llevaba el\u00a0<strong>sargento primero Pelazas,<\/strong>\u00a0y fui el que hice los &#8216;solos&#8217; en nuestra jura de bandera, cuando el comandante dec\u00eda \u201c\u00a1Al orden de parada! Ar!\u201d. El alf\u00e9rez creo recordar que se llamaba\u00a0<strong>Torrecilla<\/strong>. Todas las ma\u00f1anas yo estaba en el cuarto de la banda. Del\u00a0<strong>cabo 1\u00ba Ben\u00edtez<\/strong>\u00a0tambi\u00e9n guardo muy buenos recuerdos, al igual que de<strong>\u00a0Camis\u00f3n<\/strong>,\u00a0<strong>Pulido<\/strong>,\u00a0<strong>Tejada<\/strong>&#8230; Luego me qued\u00e9 all\u00ed destinado como auxiliar de varias compa\u00f1\u00edas, pero que eran ya de aspirantes a soldado profesional, compagin\u00e1ndolo como oficinista del primer batall\u00f3n, con el entra\u00f1able y muy querido\u00a0<strong>subteniente Santamar\u00eda<\/strong>, una encantadora persona de la que guardo muy grato recuerdo. Esa\u00a0tarea la estuve compaginando como auxiliar en varias compa\u00f1\u00edas de Metopas (1\u00aa y 3\u00aa). Muy buenos recuerdos tengo de aquella \u00e9poca y espero ver por aqu\u00ed a muchos de los grandes amigos que hice y dej\u00e9 all\u00ed y que no he vuelto a saber nada de ellos. Saludos<\/em>&#8220;.<\/p>\n<p>En el mismo grupo de facebook, las siguientes personas hacen estos comentarios:<\/p>\n<p><strong>Antonio Rodr\u00edguez Santano<\/strong>: &#8220;<em>Y<\/em><span style=\"font-size: 13px;\"><em>o soy del 98, del tercer remplazo. No veas los <strong>cabos Belisario<\/strong> y<strong> Castuera<\/strong>, eran dos perros de presa, saludos a todos<\/em>&#8220;.<\/span><\/p>\n<p><strong>Jorge Barquilla Fern\u00e1ndez<\/strong>: &#8220;<em>Del primer reemplazo<\/em><span style=\"font-size: 13px;\"><em>\u00a0del 98. 1\u00aa Compa\u00f1\u00eda. Con el <strong>capit\u00e1n Pi\u00f1ero<\/strong> y el <strong>alf\u00e9rez Palou<\/strong>. Eran como una especie de spanish gi joe\u00b4s<\/em>&#8220;.<\/span><\/p>\n<p><strong>Jos\u00e9 Ignacio Santamar\u00eda Ant\u00f3n<\/strong>: &#8220;<span style=\"font-size: 13px;\"><em>Hola. Me presento, yo soy del primer reemplazo del 98. Uno de los \u00faltimos en cumplir el servicio militar antes de que lo quitaran. Busco a gente que estuvo en la 7 \u00aa Compa\u00f1\u00eda conmigo. Salu2<\/em>&#8220;.<\/span><\/p>\n<p><strong>Roberto Moya Castillo<\/strong>: &#8220;<em>Yo estaba en la tercera secci\u00f3n, era el n\u00famero 196, con los <strong>cabos primero Ben\u00edtez<\/strong> y <strong>Pulido<\/strong>, y de alf\u00e9rez le llam\u00e1bamos &#8216;el babyface&#8217;<\/em>&#8220;.<\/p>\n<p>Una persona que firma como <strong>Franmcordoba Mcordoba<\/strong>, dice: &#8220;<em>Hola a todos. Me gustar\u00eda contactar con compa\u00f1eros del CIMOV de C\u00e1ceres del primer reemplazo del 98, de la 6\u00aa Compa\u00f1\u00eda. Ya sab\u00e9is: &#8216;\u00a1Detr\u00e1s quien quiera. Delante quien pueda!&#8217;. Yo soy &#8216;el cordob\u00e9s&#8217;. Saludos a todos y espero noticias<\/em>&#8220;.<\/p>\n<p><strong>Jos\u00e9 Aurelio Mart\u00ednez Ortega<\/strong>, comenta: &#8220;<em><span style=\"font-size: 13px;\">Yo estuve del 13 de mayo al 12 de julio del 98 en la 6\u00aa Compa\u00f1\u00eda.\u00a0<\/span><\/em><span style=\"font-size: 13px;\"><em>A\u00fan recuerdo ese gol de <strong>Mijatovic<\/strong>, que de manera excepcional nos dejaron ver en la cantina<\/em>&#8220;.<\/span><\/p>\n<p><strong>Manuel Gonz\u00e1lez L\u00f3pez<\/strong> indica: &#8220;<span style=\"font-size: 13px;\"><em>Pues aqu\u00ed ten\u00e9is a uno del segundo reemplazo del 98, cuando el campamento Santa Ana ya se llamaba CIMOV N\u00ba 1. Creo que fuimos los primeros que juramos bandera con soldados profesionales aquel 12 de Junio que Francia gan\u00f3 el Mundial de F\u00fatbol y yo pas\u00e9 el d\u00eda m\u00e1s caluroso de mi vida. Era del primer batall\u00f3n, 6\u00aa Compa\u00f1\u00eda, segunda secci\u00f3n, ya sab\u00e9is&#8230;. \u00a1\u00a1A discrecci\u00f3n!!&#8230;. \u00a1\u00a1\u00a1\u00a1 A VIVIR !!!<\/em>&#8220;.<\/span><\/p>\n<p>Hay un \u00faltimo comentario en este grupo, de personas que hicieron la mili en 1998 en C\u00e1ceres, es de<strong> Javier Galeano Ma\u00f1oso<\/strong>: &#8220;<span style=\"font-size: 13px;\"><em>Hola a todos, yo tambi\u00e9n fui uno de los &#8216;afortunados&#8217; que pas\u00f3 por el CIMOV N\u00ba 1, soy del tercer reemplazo del 98, de la 1\u00aa Secci\u00f3n. Estuve en la 5\u00aa Compa\u00f1\u00eda con el <strong>alf\u00e9rez Ca\u00f1ada<\/strong>, el <strong>sargento Mart\u00edn<\/strong> y los cabos primeros, <strong>Los Morenos<\/strong>. Un abrazo a todos los de mi promoci\u00f3n&#8230;<\/em>&#8220;<\/span><\/p>\n<p>&nbsp;<\/p>\n<div id=\"attachment_1594\" style=\"width: 673px\" class=\"wp-caption aligncenter\"><a href=\"\/dicestudemili\/wp-content\/uploads\/sites\/57\/2013\/09\/1998-6\u00aacia-3\u00ba.jpg\"><img aria-describedby=\"caption-attachment-1594\" loading=\"lazy\" class=\" wp-image-1594   \" title=\"Reclutas de 1998 de la 6\u00aa Compa\u00f1\u00eda, del tercer reemplazo, en las pr\u00e1cticas de tiro.\" src=\"\/dicestudemili\/wp-content\/uploads\/sites\/57\/2013\/09\/1998-6\u00aacia-3\u00ba.jpg\" alt=\"Reclutas de 1998 de la 6\u00aa Compa\u00f1\u00eda, del tercer reemplazo, en las pr\u00e1cticas de tiro.\" width=\"663\" height=\"397\" srcset=\"https:\/\/static-blogs.hoy.es\/wp-content\/uploads\/sites\/57\/2013\/09\/1998-6\u00aacia-3\u00ba.jpg 1233w, https:\/\/static-blogs.hoy.es\/wp-content\/uploads\/sites\/57\/2013\/09\/1998-6\u00aacia-3\u00ba-300x180.jpg 300w, https:\/\/static-blogs.hoy.es\/wp-content\/uploads\/sites\/57\/2013\/09\/1998-6\u00aacia-3\u00ba-768x460.jpg 768w, https:\/\/static-blogs.hoy.es\/wp-content\/uploads\/sites\/57\/2013\/09\/1998-6\u00aacia-3\u00ba-1024x614.jpg 1024w\" sizes=\"(max-width: 663px) 100vw, 663px\" \/><\/a><p id=\"caption-attachment-1594\" class=\"wp-caption-text\">Reclutas de 1998 de la 6\u00aa Compa\u00f1\u00eda, del tercer reemplazo, en las pr\u00e1cticas de tiro.<\/p><\/div>\n<p>&nbsp;<\/p>\n<p>En el blog &#8216;<strong>Historias de El Pardo<\/strong>&#8216; hay dos comentarios, sin firma, sobre personas que hicieron la mili en 1998 en C\u00e1ceres. Uno se\u00f1ala, &#8220;<em>yo hice la mili entera en el CIMOV n\u00ba 1, en el segundo reemplazo del 98. Despu\u00e9s de jurar bandera pas\u00e9 a <strong>Vigilancia Militar<\/strong>. Qu\u00e9 recuerdos, todos buenos. Buenos recuerdos de los compa\u00f1eros y los mandos. Recuerdo que ese a\u00f1o fue el primero en el que en ese cuartel nos junt\u00e1bamos los militares de reemplazo con los militares profesionales. Si tuviera que hacer otra vez la mili, volver\u00eda<\/em>&#8220;.<\/p>\n<p>El segundo comentario es el siguiente, &#8220;<em>yo estuve en la 5\u00aa Compa\u00f1\u00eda, en el primer reemplazo del 98, y la verdad es que no me lo hab\u00eda pasado tan bien en ning\u00fan sitio, y los mocazos de la tarde inolvidables. Luego a El Pardo a transmisiones. La verdad que volver\u00eda a repetir<\/em>&#8220;.<\/p>\n<p>En internet <strong>Jes\u00fas G\u00f3mez Garc\u00eda<\/strong> publica esta fotograf\u00eda de reclutas de 1998, de la 3\u00aa Compa\u00f1\u00eda.<\/p>\n<p>&nbsp;<\/p>\n<div id=\"attachment_1595\" style=\"width: 750px\" class=\"wp-caption aligncenter\"><a href=\"\/dicestudemili\/wp-content\/uploads\/sites\/57\/2013\/09\/1998-3\u00baCIAJes\u00fas-G\u00f3mez-Garc\u00eda.jpg\"><img aria-describedby=\"caption-attachment-1595\" loading=\"lazy\" class=\" wp-image-1595 \" title=\"Miembros de la 3\u00aa Compa\u00f1\u00eda en el a\u00f1o 1998.\" src=\"\/dicestudemili\/wp-content\/uploads\/sites\/57\/2013\/09\/1998-3\u00baCIAJes\u00fas-G\u00f3mez-Garc\u00eda.jpg\" alt=\"Miembros de la 3\u00aa Compa\u00f1\u00eda en el a\u00f1o 1998.\" width=\"740\" height=\"490\" srcset=\"https:\/\/static-blogs.hoy.es\/wp-content\/uploads\/sites\/57\/2013\/09\/1998-3\u00baCIAJes\u00fas-G\u00f3mez-Garc\u00eda.jpg 925w, https:\/\/static-blogs.hoy.es\/wp-content\/uploads\/sites\/57\/2013\/09\/1998-3\u00baCIAJes\u00fas-G\u00f3mez-Garc\u00eda-300x198.jpg 300w, https:\/\/static-blogs.hoy.es\/wp-content\/uploads\/sites\/57\/2013\/09\/1998-3\u00baCIAJes\u00fas-G\u00f3mez-Garc\u00eda-768x508.jpg 768w\" sizes=\"(max-width: 740px) 100vw, 740px\" \/><\/a><p id=\"caption-attachment-1595\" class=\"wp-caption-text\">Miembros de la 3\u00aa Compa\u00f1\u00eda en el a\u00f1o 1998.<\/p><\/div>\n<p>&nbsp;<\/p>\n<p>&nbsp;<\/p>\n<!-- AddThis Advanced Settings generic via filter on the_content --><!-- AddThis Share Buttons generic via filter on the_content -->","protected":false},"excerpt":{"rendered":"<p>&nbsp; Esta fotograf\u00eda, en la que se ven las magn\u00edficas instalaciones de tiro del Campamento Santa Ana de C\u00e1ceres, ha sido publicada por Antonio Jes\u00fas M\u00e9ndez Garc\u00eda\u00a0en el grupo de facebook, &#8216;Yo hice la mili en el CIR de C\u00e1ceres o CIMOV n\u00famero 1&#8217;. Jes\u00fas hace los siguientes comentarios dentro del grupo: &#8220;Era del tercer [&hellip;]<!-- AddThis Advanced Settings generic via filter on get_the_excerpt --><!-- AddThis Share Buttons generic via filter on get_the_excerpt --><\/p>\n","protected":false},"author":52,"featured_media":0,"comment_status":"open","ping_status":"closed","sticky":false,"template":"","format":"standard","meta":[],"categories":[3],"tags":[8,44,53,54,98,105,167,169,176,177,261,641,649,665,675,683,798,841,941,985,1023,1039,1068,1079,1181],"_links":{"self":[{"href":"https:\/\/blogs.hoy.es\/dicestudemili\/wp-json\/wp\/v2\/posts\/1591"}],"collection":[{"href":"https:\/\/blogs.hoy.es\/dicestudemili\/wp-json\/wp\/v2\/posts"}],"about":[{"href":"https:\/\/blogs.hoy.es\/dicestudemili\/wp-json\/wp\/v2\/types\/post"}],"author":[{"embeddable":true,"href":"https:\/\/blogs.hoy.es\/dicestudemili\/wp-json\/wp\/v2\/users\/52"}],"replies":[{"embeddable":true,"href":"https:\/\/blogs.hoy.es\/dicestudemili\/wp-json\/wp\/v2\/comments?post=1591"}],"version-history":[{"count":0,"href":"https:\/\/blogs.hoy.es\/dicestudemili\/wp-json\/wp\/v2\/posts\/1591\/revisions"}],"wp:attachment":[{"href":"https:\/\/blogs.hoy.es\/dicestudemili\/wp-json\/wp\/v2\/media?parent=1591"}],"wp:term":[{"taxonomy":"category","embeddable":true,"href":"https:\/\/blogs.hoy.es\/dicestudemili\/wp-json\/wp\/v2\/categories?post=1591"},{"taxonomy":"post_tag","embeddable":true,"href":"https:\/\/blogs.hoy.es\/dicestudemili\/wp-json\/wp\/v2\/tags?post=1591"}],"curies":[{"name":"wp","href":"https:\/\/api.w.org\/{rel}","templated":true}]}}