{"id":1598,"date":"2013-10-04T09:46:22","date_gmt":"2013-10-04T09:46:22","guid":{"rendered":"http:\/\/blogs.hoy.es\/dicestudemili\/?p=1598"},"modified":"2013-10-04T09:46:22","modified_gmt":"2013-10-04T09:46:22","slug":"1999-1-la-jura-de-los-concejales-y-la-batalla-campal-en-el-womad","status":"publish","type":"post","link":"https:\/\/blogs.hoy.es\/dicestudemili\/2013\/10\/04\/1999-1-la-jura-de-los-concejales-y-la-batalla-campal-en-el-womad\/","title":{"rendered":"1999 (1): La jura de los concejales y la &#039;batalla campal&#039; en el Womad"},"content":{"rendered":"<div id=\"attachment_1599\" style=\"width: 681px\" class=\"wp-caption aligncenter\"><a href=\"\/dicestudemili\/wp-content\/uploads\/sites\/57\/2013\/10\/1999A.jpg\"><img aria-describedby=\"caption-attachment-1599\" loading=\"lazy\" class=\" wp-image-1599  \" title=\"Los concejales Teresa Bravo y Teodoro Casado en el acto de la ofrenda de la corona a los ca\u00eddos.\" src=\"\/dicestudemili\/wp-content\/uploads\/sites\/57\/2013\/10\/1999A.jpg\" alt=\"Teresa Bravo y Teodoro Casado en el acto de la ofrenda de la corona a los ca\u00eddos.\" width=\"671\" height=\"491\" srcset=\"https:\/\/static-blogs.hoy.es\/wp-content\/uploads\/sites\/57\/2013\/10\/1999A.jpg 828w, https:\/\/static-blogs.hoy.es\/wp-content\/uploads\/sites\/57\/2013\/10\/1999A-300x220.jpg 300w, https:\/\/static-blogs.hoy.es\/wp-content\/uploads\/sites\/57\/2013\/10\/1999A-768x562.jpg 768w\" sizes=\"(max-width: 671px) 100vw, 671px\" \/><\/a><p id=\"caption-attachment-1599\" class=\"wp-caption-text\">Teresa Bravo y Teodoro Casado en el acto de la ofrenda de la corona a los ca\u00eddos.<\/p><\/div>\n<p>&nbsp;<\/p>\n<p>La jura de bandera del <strong>15 de mayo de 1999<\/strong> fue recordada especialmente por dos motivos. Uno de ellos es que junto a los 1.080 soldados que participaron en el acto, seis concejales del <strong>Partido Popular<\/strong> juraron o renovaron su compromiso de fidelidad a Espa\u00f1a besando la Bandera. En la Corporaci\u00f3n Municipal hab\u00eda 15 concejales del PP, y hac\u00eda unos meses el <strong>alcalde Jos\u00e9 Mar\u00eda Saponi<\/strong> hab\u00eda renovado su juramento ante la bandera de Espa\u00f1a en el CIMOV.<\/p>\n<p>Los concejales que juraron bandera fueron: <strong>Valeriano Hornero<\/strong>, <strong>Teresa Bravo<\/strong>, <strong>Joaqu\u00edn Rumbo de la Monta\u00f1a<\/strong>, <strong>Mar\u00eda Victoria Piris<\/strong>, <strong>Teodoro Casado<\/strong> e <strong>Ignacio Soler<\/strong>. Entre los otros 28 civiles que participaron en el acto castrense estaba tambi\u00e9n <strong>Mat\u00edas Rubio<\/strong>, jefe de la <strong>Obra Social de la Caja de Extremadura<\/strong>.<\/p>\n<p>Esa fue la \u00faltima jura en la que intervino el <strong>coronel Jes\u00fas Antol\u00edn Melgar<\/strong> como jefe del CIMOV. Dej\u00f3 el mando el 26 de mayo.<\/p>\n<p>&nbsp;<\/p>\n<div id=\"attachment_1601\" style=\"width: 655px\" class=\"wp-caption aligncenter\"><a href=\"\/dicestudemili\/wp-content\/uploads\/sites\/57\/2013\/10\/1999b.jpg\"><img aria-describedby=\"caption-attachment-1601\" loading=\"lazy\" class=\" wp-image-1601 \" title=\"Coronel Antol\u00edn Melgar en la jura del 15 de mayo de 1999.\" src=\"\/dicestudemili\/wp-content\/uploads\/sites\/57\/2013\/10\/1999b.jpg\" alt=\"Coronel Antol\u00edn Melgar en la jura del 15 de mayo de 1999.\" width=\"645\" height=\"387\" srcset=\"https:\/\/static-blogs.hoy.es\/wp-content\/uploads\/sites\/57\/2013\/10\/1999b.jpg 717w, https:\/\/static-blogs.hoy.es\/wp-content\/uploads\/sites\/57\/2013\/10\/1999b-300x180.jpg 300w\" sizes=\"(max-width: 645px) 100vw, 645px\" \/><\/a><p id=\"caption-attachment-1601\" class=\"wp-caption-text\">Coronel Antol\u00edn Melgar en la jura del 15 de mayo de 1999.<\/p><\/div>\n<p>&nbsp;<\/p>\n<p>El otro motivo por el que fue recordada esta jura de bandera fue porque algunos de los soldados mostraban las huellas visibles de unos<strong> &#8216;entrenamientos&#8217; especiales<\/strong>. Algunos juraron apoyados en muletas, con alguna escayola y vendajes en zonas mordidas por perros. Esa imagen ten\u00eda su origen en que un grupo de alumnos de soldados lucharon contra otro formado por <strong>violentos &#8216;okupas&#8217;<\/strong> que llevaban varios d\u00edas causando problemas en la ciudad de C\u00e1ceres en donde se celebrarba el <strong>Festival Womad<\/strong>.<\/p>\n<p>El grupo violento estaba formado por unos 35 j\u00f3venes, algunos de ellos acompa\u00f1ados por perros, que el <strong>5 de mayo<\/strong> fueron desalojados por la polic\u00eda de un inmueble que ocuparon en la <strong>calle Margallo<\/strong>. Al d\u00eda siguiente, por la noche, se enfrentaron en la <strong>Plaza Mayor<\/strong> con un grupo de alumnos de soldados profesionales. Seg\u00fan testigos presenciales la multitudianaria pelea, que calificaron de &#8216;batalla campal&#8217;, comenz\u00f3 pasadas las 20.30 horas, arroj\u00e1ndose entre los dos grupos gran cantidad de botellas de cristal, piedras y vallas de control de tr\u00e1fico. Tambi\u00e9n aparecieron bates de beisbol y cadenas. El resultado fue de varios heridos de car\u00e1cter leve y numerosos desperfectos. La Polic\u00eda detuvo, al menos, a tres personas.<\/p>\n<p>El grupo de okupas luego tuvo otro enfrentamiento con miembros de la <strong>Polic\u00eda Nacional<\/strong> y la <strong>Policia Local<\/strong>.<\/p>\n<p>&nbsp;<\/p>\n<div id=\"attachment_1602\" style=\"width: 696px\" class=\"wp-caption aligncenter\"><a href=\"\/dicestudemili\/wp-content\/uploads\/sites\/57\/2013\/10\/1999C.jpg\"><img aria-describedby=\"caption-attachment-1602\" loading=\"lazy\" class=\"size-full wp-image-1602\" title=\"La Plaza Mayor en la tarde del 7 de mayo, en pleno Womad.\" src=\"\/dicestudemili\/wp-content\/uploads\/sites\/57\/2013\/10\/1999C.jpg\" alt=\"La Plaza Mayor en la tarde del 7 de mayo, en pleno Womad.\" width=\"686\" height=\"438\" srcset=\"https:\/\/static-blogs.hoy.es\/wp-content\/uploads\/sites\/57\/2013\/10\/1999C.jpg 686w, https:\/\/static-blogs.hoy.es\/wp-content\/uploads\/sites\/57\/2013\/10\/1999C-300x192.jpg 300w\" sizes=\"(max-width: 686px) 100vw, 686px\" \/><\/a><p id=\"caption-attachment-1602\" class=\"wp-caption-text\">La Plaza Mayor en la tarde del 7 de mayo de 1999, en pleno Womad.<\/p><\/div>\n<p>&nbsp;<\/p>\n<p>A principios del a\u00f1o 1999, el <strong>4 de febrero<\/strong>, un grupo de reclutas que se licenciaban realizaron una marcha desde el Campamento Santa Ana hasta el <strong>santuario de la Virgen de la Monta\u00f1a<\/strong> para despedirse de la patrona de C\u00e1ceres. Fueron recibidos por <strong>Larrazabal Murillo<\/strong>, mayordomo de la <strong>Cofrad\u00eda de la Virgen de la Monta\u00f1a<\/strong>.<\/p>\n<p>&nbsp;<\/p>\n<div id=\"attachment_1603\" style=\"width: 683px\" class=\"wp-caption aligncenter\"><a href=\"\/dicestudemili\/wp-content\/uploads\/sites\/57\/2013\/10\/1999D.jpg\"><img aria-describedby=\"caption-attachment-1603\" loading=\"lazy\" class=\" wp-image-1603     \" title=\"Soldados y mandos del CIMOV cuando llegaron al Santuario de la Virgen de la  Monta\u00f1a.\" src=\"\/dicestudemili\/wp-content\/uploads\/sites\/57\/2013\/10\/1999D.jpg\" alt=\"Soldados y mandos del CIMOV cuando llegaron al Santuario de la Virgen de la  Monta\u00f1a.\" width=\"673\" height=\"397\" srcset=\"https:\/\/static-blogs.hoy.es\/wp-content\/uploads\/sites\/57\/2013\/10\/1999D.jpg 932w, https:\/\/static-blogs.hoy.es\/wp-content\/uploads\/sites\/57\/2013\/10\/1999D-300x177.jpg 300w, https:\/\/static-blogs.hoy.es\/wp-content\/uploads\/sites\/57\/2013\/10\/1999D-768x452.jpg 768w\" sizes=\"(max-width: 673px) 100vw, 673px\" \/><\/a><p id=\"caption-attachment-1603\" class=\"wp-caption-text\">Soldados y mandos del CIMOV cuando llegaron al Santuario de la Virgen de la Monta\u00f1a.<\/p><\/div>\n<p>&nbsp;<\/p>\n<p>La imagen siguiente fue tomada el <strong>25 de mayo de 1999<\/strong> y es del recibimiento, en el <strong>sal\u00f3n de Plenos del Ayuntamiento<\/strong>, al nuevo reemplazo de soldados del CIMOV de C\u00e1ceres.<\/p>\n<p>&nbsp;<\/p>\n<div id=\"attachment_1604\" style=\"width: 691px\" class=\"wp-caption aligncenter\"><a href=\"\/dicestudemili\/wp-content\/uploads\/sites\/57\/2013\/10\/1999E.jpg\"><img aria-describedby=\"caption-attachment-1604\" loading=\"lazy\" class=\"size-full wp-image-1604\" title=\"Brindando en el sal\u00f3n de Plenos del Ayuntamiento.\" src=\"\/dicestudemili\/wp-content\/uploads\/sites\/57\/2013\/10\/1999E.jpg\" alt=\"Brindando en el sal\u00f3n de Plenos del Ayuntamiento.\" width=\"681\" height=\"458\" srcset=\"https:\/\/static-blogs.hoy.es\/wp-content\/uploads\/sites\/57\/2013\/10\/1999E.jpg 681w, https:\/\/static-blogs.hoy.es\/wp-content\/uploads\/sites\/57\/2013\/10\/1999E-300x202.jpg 300w\" sizes=\"(max-width: 681px) 100vw, 681px\" \/><\/a><p id=\"caption-attachment-1604\" class=\"wp-caption-text\">Brindando en el sal\u00f3n de Plenos del Ayuntamiento.<\/p><\/div>\n<!-- AddThis Advanced Settings generic via filter on the_content --><!-- AddThis Share Buttons generic via filter on the_content -->","protected":false},"excerpt":{"rendered":"<p>&nbsp; La jura de bandera del 15 de mayo de 1999 fue recordada especialmente por dos motivos. Uno de ellos es que junto a los 1.080 soldados que participaron en el acto, seis concejales del Partido Popular juraron o renovaron su compromiso de fidelidad a Espa\u00f1a besando la Bandera. En la Corporaci\u00f3n Municipal hab\u00eda 15 [&hellip;]<!-- AddThis Advanced Settings generic via filter on get_the_excerpt --><!-- AddThis Share Buttons generic via filter on get_the_excerpt --><\/p>\n","protected":false},"author":52,"featured_media":0,"comment_status":"open","ping_status":"closed","sticky":false,"template":"","format":"standard","meta":[],"categories":[3],"tags":[204,208,383,608,660,702,811,823,878,897,927,1134,1137,1170,1187],"_links":{"self":[{"href":"https:\/\/blogs.hoy.es\/dicestudemili\/wp-json\/wp\/v2\/posts\/1598"}],"collection":[{"href":"https:\/\/blogs.hoy.es\/dicestudemili\/wp-json\/wp\/v2\/posts"}],"about":[{"href":"https:\/\/blogs.hoy.es\/dicestudemili\/wp-json\/wp\/v2\/types\/post"}],"author":[{"embeddable":true,"href":"https:\/\/blogs.hoy.es\/dicestudemili\/wp-json\/wp\/v2\/users\/52"}],"replies":[{"embeddable":true,"href":"https:\/\/blogs.hoy.es\/dicestudemili\/wp-json\/wp\/v2\/comments?post=1598"}],"version-history":[{"count":0,"href":"https:\/\/blogs.hoy.es\/dicestudemili\/wp-json\/wp\/v2\/posts\/1598\/revisions"}],"wp:attachment":[{"href":"https:\/\/blogs.hoy.es\/dicestudemili\/wp-json\/wp\/v2\/media?parent=1598"}],"wp:term":[{"taxonomy":"category","embeddable":true,"href":"https:\/\/blogs.hoy.es\/dicestudemili\/wp-json\/wp\/v2\/categories?post=1598"},{"taxonomy":"post_tag","embeddable":true,"href":"https:\/\/blogs.hoy.es\/dicestudemili\/wp-json\/wp\/v2\/tags?post=1598"}],"curies":[{"name":"wp","href":"https:\/\/api.w.org\/{rel}","templated":true}]}}