{"id":1613,"date":"2013-10-18T08:33:34","date_gmt":"2013-10-18T08:33:34","guid":{"rendered":"http:\/\/blogs.hoy.es\/dicestudemili\/?p=1613"},"modified":"2013-10-18T08:33:34","modified_gmt":"2013-10-18T08:33:34","slug":"1999-2-llega-el-coronel-vicente-gonzalvo-con-el-que-se-terminara-la-mili-en-caceres","status":"publish","type":"post","link":"https:\/\/blogs.hoy.es\/dicestudemili\/2013\/10\/18\/1999-2-llega-el-coronel-vicente-gonzalvo-con-el-que-se-terminara-la-mili-en-caceres\/","title":{"rendered":"1999 (2): Llega el coronel Vicente Gonzalvo con el que se terminar\u00e1 la mili en C\u00e1ceres"},"content":{"rendered":"<p>En el a\u00f1o 1999 hay cambio de coronel jefe en el Centro de Instrucci\u00f3n y Movilizaci\u00f3n (CIMOV) de C\u00e1ceres. El <strong>coronel Jes\u00fas Antol\u00edn Melgar<\/strong> dej\u00f3 el mando el <strong>26 de mayo<\/strong>, entreg\u00e1ndoselo a <strong>Vicente Gonzalvo S\u00e1nchez<\/strong>. El coronel Gonzalvo, natural de Arag\u00f3n, dirigi\u00f3 el centro cacere\u00f1o tres a\u00f1os. Con \u00e9l se termin\u00f3 la mili en C\u00e1ceres.<\/p>\n<p>&nbsp;<\/p>\n<div id=\"attachment_1616\" style=\"width: 617px\" class=\"wp-caption alignright\"><a href=\"\/dicestudemili\/wp-content\/uploads\/sites\/57\/2013\/10\/199911.jpg\"><img aria-describedby=\"caption-attachment-1616\" loading=\"lazy\" class=\" wp-image-1616 \" title=\"El coronel Jes\u00fas Antol\u00edn Melgar en la jura del 20 de febrero de 1999.\" src=\"\/dicestudemili\/wp-content\/uploads\/sites\/57\/2013\/10\/199911.jpg\" alt=\"El coronel Jes\u00fas Antol\u00edn Melgar en la jura del 20 de febrero de 1999.\" width=\"607\" height=\"377\" srcset=\"https:\/\/static-blogs.hoy.es\/wp-content\/uploads\/sites\/57\/2013\/10\/199911.jpg 759w, https:\/\/static-blogs.hoy.es\/wp-content\/uploads\/sites\/57\/2013\/10\/199911-300x186.jpg 300w\" sizes=\"(max-width: 607px) 100vw, 607px\" \/><\/a><p id=\"caption-attachment-1616\" class=\"wp-caption-text\">El coronel Jes\u00fas Antol\u00edn Melgar en la jura del 20 de febrero de 1999.<\/p><\/div>\n<p>&nbsp;<\/p>\n<p>&nbsp;<\/p>\n<p>&nbsp;<\/p>\n<p>&nbsp;<\/p>\n<p>&nbsp;<\/p>\n<p>&nbsp;<\/p>\n<p>&nbsp;<\/p>\n<p>&nbsp;<\/p>\n<p>&nbsp;<\/p>\n<p>&nbsp;<\/p>\n<p>&nbsp;<\/p>\n<p>&nbsp;<\/p>\n<p>&nbsp;<\/p>\n<p>&nbsp;<\/p>\n<div id=\"attachment_1617\" style=\"width: 275px\" class=\"wp-caption alignleft\"><a href=\"\/dicestudemili\/wp-content\/uploads\/sites\/57\/2013\/10\/19992.jpg\"><img aria-describedby=\"caption-attachment-1617\" loading=\"lazy\" class=\" wp-image-1617     \" title=\"El coronel Vicente Gonzalvo.\" src=\"\/dicestudemili\/wp-content\/uploads\/sites\/57\/2013\/10\/19992.jpg\" alt=\"El coronel Vicente Gonzalvo.\" width=\"265\" height=\"248\" srcset=\"https:\/\/static-blogs.hoy.es\/wp-content\/uploads\/sites\/57\/2013\/10\/19992.jpg 576w, https:\/\/static-blogs.hoy.es\/wp-content\/uploads\/sites\/57\/2013\/10\/19992-300x280.jpg 300w\" sizes=\"(max-width: 265px) 100vw, 265px\" \/><\/a><p id=\"caption-attachment-1617\" class=\"wp-caption-text\">El coronel Vicente Gonzalvo.<\/p><\/div>\n<p>&nbsp;<\/p>\n<div id=\"attachment_1618\" style=\"width: 331px\" class=\"wp-caption alignright\"><a href=\"\/dicestudemili\/wp-content\/uploads\/sites\/57\/2013\/10\/19993.jpg\"><img aria-describedby=\"caption-attachment-1618\" loading=\"lazy\" class=\" wp-image-1618     \" title=\"El alcalde Saponi recibiendo al nuevo coronel jefe del CIMOV.\" src=\"\/dicestudemili\/wp-content\/uploads\/sites\/57\/2013\/10\/19993.jpg\" alt=\"El alcalde Saponi recibiendo al nuevo coronel jefe del CIMOV.\" width=\"321\" height=\"297\" srcset=\"https:\/\/static-blogs.hoy.es\/wp-content\/uploads\/sites\/57\/2013\/10\/19993.jpg 612w, https:\/\/static-blogs.hoy.es\/wp-content\/uploads\/sites\/57\/2013\/10\/19993-300x277.jpg 300w\" sizes=\"(max-width: 321px) 100vw, 321px\" \/><\/a>Saponi recibiendo al nuevo coronel jefe del CIMOV.<\/dt>\n<\/dl>\n<\/div>\n<p>&nbsp;<\/p>\n<p>&nbsp;<\/p>\n<p>&nbsp;<\/p>\n<p>&nbsp;<\/p>\n<p>&nbsp;<\/p>\n<p>&nbsp;<\/p>\n<p>&nbsp;<\/p>\n<p>&nbsp;<\/p>\n<p>&nbsp;<\/p>\n<p>&nbsp;<\/p>\n<p>&nbsp;<\/p>\n<p>&nbsp;<\/p>\n<p>&nbsp;<\/p>\n<p>El <strong>17 de junio de 1999<\/strong> el nuevo coronel jefe del CIMOV, Vicente Gonzalvo, se present\u00f3 al alcalde <strong>Jos\u00e9 Mar\u00eda Saponi<\/strong>, y el <strong>21 de junio<\/strong> al presidente de la Junta de Extremadura <strong>Juan Carlos Rodr\u00edguez Ibarra<\/strong>. El coronel Gonzalvo se\u00f1al\u00f3 al presidente de Extremadura que durante este a\u00f1o el CIMOV iba a formar a 5.000 soldados profesionales, &#8220;<em>en su mayor\u00eda extreme\u00f1os, aunque tambi\u00e9n hay andaluces y madrile\u00f1os<\/em>&#8220;. Explic\u00f3 que el Ministerio de Defensa hab\u00eda previsto un plan de actuaci\u00f3n para conseguir\u00a0 que a finales del a\u00f1o 2002 el Ej\u00e9rcito fuera completamente profesional.<\/p>\n<p>El <strong>7 de agosto<\/strong>, en la jura de bandera que tuvo lugar en C\u00e1ceres,\u00a0 el coronel recibi\u00f3 la Cruz del M\u00e9rito Militar con distintivo blanco de manos del general jefe del Estado Mayor del Mando Regi\u00f3n Centro, <strong>Samuel Pellicer Berg\u00f3s<\/strong>. Juraron bandera 1.144 soldados profesionales, de los que 199 eran extreme\u00f1os.<\/p>\n<p>&nbsp;<\/p>\n<div class=\"mceTemp mceIEcenter\">\n<dl id=\"attachment_1619\" class=\"wp-caption aligncenter\" style=\"width: 644px;\">\n<dt class=\"wp-caption-dt\"><a href=\"\/dicestudemili\/wp-content\/uploads\/sites\/57\/2013\/10\/19994.jpg\"><img aria-describedby=\"caption-attachment-1618\" loading=\"lazy\" class=\" wp-image-1619 \" title=\"El coronel Gonzalvo tras recibir la Cruz del M\u00e9rito Militar.\" src=\"\/dicestudemili\/wp-content\/uploads\/sites\/57\/2013\/10\/19994.jpg\" alt=\"El coronel Gonzalvo tras recibir la Cruz del M\u00e9rito Militar.\" width=\"634\" height=\"354\" srcset=\"https:\/\/static-blogs.hoy.es\/wp-content\/uploads\/sites\/57\/2013\/10\/19994.jpg 704w, https:\/\/static-blogs.hoy.es\/wp-content\/uploads\/sites\/57\/2013\/10\/19994-300x167.jpg 300w\" sizes=\"(max-width: 634px) 100vw, 634px\" \/><\/a><p id=\"caption-attachment-1618\" class=\"wp-caption-text\">El coronel Gonzalvo tras recibir la Cruz del M\u00e9rito Militar.<\/p><\/div>\n<p>&nbsp;<\/p>\n<p>Cada vez eran menos los j\u00f3venes que llegaban a C\u00e1ceres a hacer la mili, el servicio militar obligatorio. <strong>Si en el a\u00f1o 1998 Defensa llam\u00f3 a filas a 165.342 j\u00f3venes, en 1999 fueron 136.969<\/strong>. Hubo casi 30.000 j\u00f3venes menos haciendo la mili. Se aseguraba que hab\u00eda descendido el n\u00famero de reclutas por la ca\u00edda de la natalidad, el aumento del n\u00famero de pr\u00f3rrogas para incorporarse al servicio militar, y tambi\u00e9n al dispararse las peticiones de <strong>exenci\u00f3n por objeci\u00f3n de conciencia<\/strong>, sobre todo tras anunciarse que<strong> la mili desaparecer\u00eda el 31 de diciembre del 2002<\/strong>.<\/p>\n<p>En 1999 estaba previsto que el proceso de profesionalizaci\u00f3n del Ej\u00e9rcito alcanzara el 50% de la tropa y mariner\u00eda, con un total de <strong>65.000 hombres y mujeres en filas<\/strong>.<\/p>\n<p>&nbsp;<\/p>\n<div id=\"attachment_1620\" style=\"width: 525px\" class=\"wp-caption aligncenter\"><a href=\"\/dicestudemili\/wp-content\/uploads\/sites\/57\/2013\/10\/19995.jpg\"><img aria-describedby=\"caption-attachment-1620\" loading=\"lazy\" class=\"size-full wp-image-1620\" title=\"Soldados en la jura de bandera en C\u00e1ceres el 20 de febrero de 1999.\" src=\"\/dicestudemili\/wp-content\/uploads\/sites\/57\/2013\/10\/19995.jpg\" alt=\"Soldados en la jura de bandera en C\u00e1ceres el 20 de febrero de 1999.\" width=\"515\" height=\"593\" srcset=\"https:\/\/static-blogs.hoy.es\/wp-content\/uploads\/sites\/57\/2013\/10\/19995.jpg 515w, https:\/\/static-blogs.hoy.es\/wp-content\/uploads\/sites\/57\/2013\/10\/19995-261x300.jpg 261w\" sizes=\"(max-width: 515px) 100vw, 515px\" \/><\/a><p id=\"caption-attachment-1620\" class=\"wp-caption-text\">Soldados en la jura de bandera en C\u00e1ceres el 20 de febrero de 1999.<\/p><\/div>\n<p>&nbsp;<\/p>\n<p>&nbsp;<\/p>\n<p>&nbsp;<\/p>\n<p>&nbsp;<\/p>\n<p>&nbsp;<\/p>\n<p>&nbsp;<\/p>\n<p>&nbsp;<\/p>\n<p>&nbsp;<\/p>\n<p>&nbsp;<\/p>\n<p>&nbsp;<\/p>\n<p>&nbsp;<\/p>\n<p>&nbsp;<\/p>\n<p>&nbsp;<\/p>\n<p>&nbsp;<\/p>\n<p>&nbsp;<\/p>\n<p>&nbsp;<\/p>\n<p>&nbsp;<\/p>\n<p>&nbsp;<\/p>\n<p>&nbsp;<\/p>\n<p>&nbsp;<\/p>\n<p>&nbsp;<\/p>\n<p>&nbsp;<\/p>\n<p>&nbsp;<\/p>\n<p>&nbsp;<\/p>\n<p>&nbsp;<\/p>\n<!-- AddThis Advanced Settings generic via filter on the_content --><!-- AddThis Share Buttons generic via filter on the_content -->","protected":false},"excerpt":{"rendered":"<p>En el a\u00f1o 1999 hay cambio de coronel jefe en el Centro de Instrucci\u00f3n y Movilizaci\u00f3n (CIMOV) de C\u00e1ceres. El coronel Jes\u00fas Antol\u00edn Melgar dej\u00f3 el mando el 26 de mayo, entreg\u00e1ndoselo a Vicente Gonzalvo S\u00e1nchez. El coronel Gonzalvo, natural de Arag\u00f3n, dirigi\u00f3 el centro cacere\u00f1o tres a\u00f1os. Con \u00e9l se termin\u00f3 la mili en [&hellip;]<!-- AddThis Advanced Settings generic via filter on get_the_excerpt --><!-- AddThis Share Buttons generic via filter on get_the_excerpt --><\/p>\n","protected":false},"author":52,"featured_media":0,"comment_status":"open","ping_status":"closed","sticky":false,"template":"","format":"standard","meta":[],"categories":[3],"tags":[195,383,406,567,702,723,842],"_links":{"self":[{"href":"https:\/\/blogs.hoy.es\/dicestudemili\/wp-json\/wp\/v2\/posts\/1613"}],"collection":[{"href":"https:\/\/blogs.hoy.es\/dicestudemili\/wp-json\/wp\/v2\/posts"}],"about":[{"href":"https:\/\/blogs.hoy.es\/dicestudemili\/wp-json\/wp\/v2\/types\/post"}],"author":[{"embeddable":true,"href":"https:\/\/blogs.hoy.es\/dicestudemili\/wp-json\/wp\/v2\/users\/52"}],"replies":[{"embeddable":true,"href":"https:\/\/blogs.hoy.es\/dicestudemili\/wp-json\/wp\/v2\/comments?post=1613"}],"version-history":[{"count":0,"href":"https:\/\/blogs.hoy.es\/dicestudemili\/wp-json\/wp\/v2\/posts\/1613\/revisions"}],"wp:attachment":[{"href":"https:\/\/blogs.hoy.es\/dicestudemili\/wp-json\/wp\/v2\/media?parent=1613"}],"wp:term":[{"taxonomy":"category","embeddable":true,"href":"https:\/\/blogs.hoy.es\/dicestudemili\/wp-json\/wp\/v2\/categories?post=1613"},{"taxonomy":"post_tag","embeddable":true,"href":"https:\/\/blogs.hoy.es\/dicestudemili\/wp-json\/wp\/v2\/tags?post=1613"}],"curies":[{"name":"wp","href":"https:\/\/api.w.org\/{rel}","templated":true}]}}