{"id":1622,"date":"2013-10-25T06:19:15","date_gmt":"2013-10-25T06:19:15","guid":{"rendered":"http:\/\/blogs.hoy.es\/dicestudemili\/?p=1622"},"modified":"2013-10-25T06:19:15","modified_gmt":"2013-10-25T06:19:15","slug":"el-gran-wyoming-tambien-hizo-la-mili-en-caceres","status":"publish","type":"post","link":"https:\/\/blogs.hoy.es\/dicestudemili\/2013\/10\/25\/el-gran-wyoming-tambien-hizo-la-mili-en-caceres\/","title":{"rendered":"El Gran Wyoming tambi\u00e9n hizo la mili en C\u00e1ceres"},"content":{"rendered":"<div id=\"attachment_1623\" style=\"width: 533px\" class=\"wp-caption aligncenter\"><a href=\"\/dicestudemili\/wp-content\/uploads\/sites\/57\/2013\/10\/1260825025983El-Gran-Wyoming.jpg\"><img aria-describedby=\"caption-attachment-1623\" loading=\"lazy\" class=\"size-full wp-image-1623\" title=\"Jos\u00e9 Miguel Monz\u00f3n Navarro, m\u00e1s conocido por el Gran Wyoming.\" src=\"\/dicestudemili\/wp-content\/uploads\/sites\/57\/2013\/10\/1260825025983El-Gran-Wyoming.jpg\" alt=\"Jos\u00e9 Miguel Monz\u00f3n Navarro, m\u00e1s conocido por el Gran Wyoming.\" width=\"523\" height=\"526\" srcset=\"https:\/\/static-blogs.hoy.es\/wp-content\/uploads\/sites\/57\/2013\/10\/1260825025983El-Gran-Wyoming.jpg 523w, https:\/\/static-blogs.hoy.es\/wp-content\/uploads\/sites\/57\/2013\/10\/1260825025983El-Gran-Wyoming-150x150.jpg 150w, https:\/\/static-blogs.hoy.es\/wp-content\/uploads\/sites\/57\/2013\/10\/1260825025983El-Gran-Wyoming-298x300.jpg 298w\" sizes=\"(max-width: 523px) 100vw, 523px\" \/><\/a><p id=\"caption-attachment-1623\" class=\"wp-caption-text\">Jos\u00e9 Miguel Monz\u00f3n Navarro, m\u00e1s conocido por el Gran Wyoming.<\/p><\/div>\n<p>&nbsp;<\/p>\n<p>Como muchos madrile\u00f1os, <strong>Jos\u00e9 Miguel Monz\u00f3n Navarro<\/strong>, el <strong>Gran Wyoming<\/strong>, hizo el servicio militar en C\u00e1ceres. Lo ha comentado recientemente en una entrevista en el <strong>Diario de Almer\u00eda<\/strong>. As\u00ed contestaba al periodista <strong>Francisco Correal<\/strong> cuando le pregunt\u00f3 si dej\u00f3 la medicina: &#8220;<em>H<\/em><span style=\"font-size: 13px;\"><em>ice la mili entre Madrid y C\u00e1ceres, el <strong>centro de instrucci\u00f3n de reclutas de Santa Ana<\/strong>. Termin\u00e9 la carrera de Medicina y estuve pidiendo pr\u00f3rrogas. Al final, estuve de soldado y de m\u00e9dico. Haciendo trasplantes en un hospital. Dej\u00e9 la medicina un par de a\u00f1os despu\u00e9s. Hice suplencias de ambulatorio<\/em>&#8220;.\u00a0<\/span><\/p>\n<p>Jos\u00e9 Miguel Monz\u00f3n naci\u00f3 en Madrid el <strong>15 de mayo de 1955<\/strong>, seg\u00fan una de sus biograf\u00edas, &#8220;<em>en el seno de una familia de farmac\u00e9uticos de origen aragon\u00e9s<\/em>&#8220;. \u00c9l y un hermano se dedicaron a la m\u00fasica, compaginando el Gran Wyoming su afici\u00f3n al rock con los estudios de Medicina.<\/p>\n<p><span style=\"font-size: 13px;\">En el blog &#8216;<strong>Nuevaola 80<\/strong>&#8216; se cuenta as\u00ed su incursi\u00f3n en el mundo de las actuaciones musicales con el grupo <strong>Paracelso<\/strong>: &#8220;<em>Se conocieron en 1975, <strong>Reverendo<\/strong> tocaba con un hermano de Wyoming en un grupo que se llamaba <strong>Desmadre 75<\/strong> los de &#8216;Saca el g\u00fcisqui cheli&#8217;. Tambi\u00e9n tocaba en otro grupo que se llamaba Paracelso y all\u00ed se meti\u00f3 Wyoming, o lo que es lo mismo, Jos\u00e9 Miguel Monz\u00f3n, Chechu para los amigos.\u00a0<\/em><\/span><em><span style=\"font-size: 13px;\">Paracelso, banda de melenudos en pleno Madrid post-franquista, solo lleg\u00f3 a grabar un single y otra canci\u00f3n &#8216;El Rock del trapichero&#8217; en un recopilatorio, y Monz\u00f3n cambi\u00f3 la medicina que hab\u00eda estudiado por la mala vida. De aquella \u00e9poca de Paracelso guardan un sinf\u00edn de recuerdos , aunque seg\u00fan ellos otros muchos se les han olvidado por culpa de las intoxicaciones et\u00edlicas y de todo tipo, porque lo que si recuerdan es que eran un grupo do Rock and Roll con todas sus consecuencias.\u00a0<\/span><\/em><span style=\"font-size: 13px;\"><em>Disuelto el grupo a principios de los 80, Wyoming y Reverendo estuvieron ocho a\u00f1os recorriendo los garitos de <strong>Huertas<\/strong> y <strong>Malasa\u00f1a<\/strong> donde perdieron el respeto al escenario pero nunca al p\u00fablico<\/em>&#8220;.<\/span><\/p>\n<p>La siguiente imagen es del grupo Paracelso, pudiendo comprobar el gran parecido de Wyoming con su hermano.<\/p>\n<p>&nbsp;<\/p>\n<div id=\"attachment_1627\" style=\"width: 527px\" class=\"wp-caption aligncenter\"><a href=\"\/dicestudemili\/wp-content\/uploads\/sites\/57\/2013\/10\/Paracelso.jpg.jpg\"><img aria-describedby=\"caption-attachment-1627\" loading=\"lazy\" class=\" wp-image-1627   \" title=\"El grupo Paracelso.\" src=\"\/dicestudemili\/wp-content\/uploads\/sites\/57\/2013\/10\/Paracelso.jpg.jpg\" alt=\"El grupo Paracelso.\" width=\"517\" height=\"382\" srcset=\"https:\/\/static-blogs.hoy.es\/wp-content\/uploads\/sites\/57\/2013\/10\/Paracelso.jpg.jpg 1088w, https:\/\/static-blogs.hoy.es\/wp-content\/uploads\/sites\/57\/2013\/10\/Paracelso.jpg-300x222.jpg 300w, https:\/\/static-blogs.hoy.es\/wp-content\/uploads\/sites\/57\/2013\/10\/Paracelso.jpg-768x568.jpg 768w, https:\/\/static-blogs.hoy.es\/wp-content\/uploads\/sites\/57\/2013\/10\/Paracelso.jpg-1024x758.jpg 1024w\" sizes=\"(max-width: 517px) 100vw, 517px\" \/><\/a><p id=\"caption-attachment-1627\" class=\"wp-caption-text\">El grupo Paracelso.<\/p><\/div>\n<p>&nbsp;<\/p>\n<p>La siguiente imagen es de 1978, en la que se asegura que fue su primera intervenci\u00f3n en la televisi\u00f3n. Contaba con 23 a\u00f1os y a\u00fan no ten\u00eda miedo a la maquinilla del peluquero del CIR de C\u00e1ceres.<\/p>\n<p>&nbsp;<\/p>\n<div id=\"attachment_1628\" style=\"width: 580px\" class=\"wp-caption aligncenter\"><a href=\"\/dicestudemili\/wp-content\/uploads\/sites\/57\/2013\/10\/1978.jpg\"><img aria-describedby=\"caption-attachment-1628\" loading=\"lazy\" class=\" wp-image-1628 \" title=\"Imagen de Jos\u00e9 Miguel Monz\u00f3n en La 2 de Televisi\u00f3n Espa\u00f1ola.\" src=\"\/dicestudemili\/wp-content\/uploads\/sites\/57\/2013\/10\/1978.jpg\" alt=\"Imagen de Jos\u00e9 Miguel Monz\u00f3n en La 2 de Televisi\u00f3n Espa\u00f1ola.\" width=\"570\" height=\"364\" srcset=\"https:\/\/static-blogs.hoy.es\/wp-content\/uploads\/sites\/57\/2013\/10\/1978.jpg 633w, https:\/\/static-blogs.hoy.es\/wp-content\/uploads\/sites\/57\/2013\/10\/1978-300x191.jpg 300w\" sizes=\"(max-width: 570px) 100vw, 570px\" \/><\/a><p id=\"caption-attachment-1628\" class=\"wp-caption-text\">Imagen de Jos\u00e9 Miguel Monz\u00f3n en La 1 de Televisi\u00f3n Espa\u00f1ola.<\/p><\/div>\n<p>&nbsp;<\/p>\n<p>Despu\u00e9s de muchas pr\u00f3rrogas tuvo que hacer el servicio militar cuando ya andaba por la treintena. En C\u00e1ceres se calcula que estuvo por los garitos de<strong> La Madrila<\/strong> en el a\u00f1o 1987 \u00f3 en el 1988. En los tiempos muertos de la mili, que tanto favorec\u00edan a pensar en lo de, &#8216;\u00bfde d\u00f3nde venimos? \u00bfa d\u00f3nde vamos?&#8217;, fue cuando decidi\u00f3 dedicarse al espect\u00e1culo, comenzando entonces una carrera de m\u00fasico, humorista, actor, escritor y presentador de televisi\u00f3n con muchos altibajos. Ahora el Gran Wyoming se encuentra en un buen momento con su programa de televisi\u00f3n <strong>El Intermedio<\/strong> que comenz\u00f3 a presentar en el a\u00f1o 2006.<\/p>\n<p>Su paso por el servicio militar obligatorio le debi\u00f3 servir como inspiraci\u00f3n para ser el guionista de la pel\u00edcula &#8216;<strong>Historias de la puta mili<\/strong>&#8216; (1994), basada en la serie del dibujante <strong>Iv\u00e0<\/strong> que comenz\u00f3 a publicar en la revista <strong>El Jueves<\/strong> en 1986. Dirigida por <strong>Manuel Esteban<\/strong>, en la pel\u00edcula trabajaron los actores <strong>Juan Echanove<\/strong>, <strong>Jordi Moll\u00e0<\/strong>, <strong>Achero Ma\u00f1as<\/strong>, <strong>Jos\u00e9 Sazatornil<\/strong> y <strong>Agust\u00edn Gonz\u00e1lez<\/strong>.<\/p>\n<p>En la pel\u00edcula, bastante mediocre, destacaba la interpretaci\u00f3n de Echanove.<\/p>\n<p><a href=\"http:\/\/www.youtube.com\/watch?v=u9Du32hobeI\">http:\/\/www.youtube.com\/watch?v=u9Du32hobeI<\/a><\/p>\n<p>&nbsp;<\/p>\n<p>&nbsp;<\/p>\n<p>&nbsp;<\/p>\n<p>&nbsp;<\/p>\n<p>&nbsp;<\/p>\n<p>&nbsp;<\/p>\n<p>&nbsp;<\/p>\n<!-- AddThis Advanced Settings generic via filter on the_content --><!-- AddThis Share Buttons generic via filter on the_content -->","protected":false},"excerpt":{"rendered":"<p>&nbsp; Como muchos madrile\u00f1os, Jos\u00e9 Miguel Monz\u00f3n Navarro, el Gran Wyoming, hizo el servicio militar en C\u00e1ceres. Lo ha comentado recientemente en una entrevista en el Diario de Almer\u00eda. As\u00ed contestaba al periodista Francisco Correal cuando le pregunt\u00f3 si dej\u00f3 la medicina: &#8220;Hice la mili entre Madrid y C\u00e1ceres, el centro de instrucci\u00f3n de reclutas [&hellip;]<!-- AddThis Advanced Settings generic via filter on get_the_excerpt --><!-- AddThis Share Buttons generic via filter on get_the_excerpt --><\/p>\n","protected":false},"author":52,"featured_media":0,"comment_status":"open","ping_status":"closed","sticky":false,"template":"","format":"standard","meta":[],"categories":[2],"tags":[17,29,195,424,455,523,578,598,663,704,711,724,776,789,894,978],"_links":{"self":[{"href":"https:\/\/blogs.hoy.es\/dicestudemili\/wp-json\/wp\/v2\/posts\/1622"}],"collection":[{"href":"https:\/\/blogs.hoy.es\/dicestudemili\/wp-json\/wp\/v2\/posts"}],"about":[{"href":"https:\/\/blogs.hoy.es\/dicestudemili\/wp-json\/wp\/v2\/types\/post"}],"author":[{"embeddable":true,"href":"https:\/\/blogs.hoy.es\/dicestudemili\/wp-json\/wp\/v2\/users\/52"}],"replies":[{"embeddable":true,"href":"https:\/\/blogs.hoy.es\/dicestudemili\/wp-json\/wp\/v2\/comments?post=1622"}],"version-history":[{"count":0,"href":"https:\/\/blogs.hoy.es\/dicestudemili\/wp-json\/wp\/v2\/posts\/1622\/revisions"}],"wp:attachment":[{"href":"https:\/\/blogs.hoy.es\/dicestudemili\/wp-json\/wp\/v2\/media?parent=1622"}],"wp:term":[{"taxonomy":"category","embeddable":true,"href":"https:\/\/blogs.hoy.es\/dicestudemili\/wp-json\/wp\/v2\/categories?post=1622"},{"taxonomy":"post_tag","embeddable":true,"href":"https:\/\/blogs.hoy.es\/dicestudemili\/wp-json\/wp\/v2\/tags?post=1622"}],"curies":[{"name":"wp","href":"https:\/\/api.w.org\/{rel}","templated":true}]}}