{"id":1631,"date":"2013-11-01T10:09:51","date_gmt":"2013-11-01T10:09:51","guid":{"rendered":"http:\/\/blogs.hoy.es\/dicestudemili\/?p=1631"},"modified":"2013-11-01T10:09:51","modified_gmt":"2013-11-01T10:09:51","slug":"jose-luis-perez-molano-chewui-la-polleria-era-una-evasion-para-los-reclutas","status":"publish","type":"post","link":"https:\/\/blogs.hoy.es\/dicestudemili\/2013\/11\/01\/jose-luis-perez-molano-chewui-la-polleria-era-una-evasion-para-los-reclutas\/","title":{"rendered":"Jos\u00e9 Luis P\u00e9rez, &#039;Chewui&#039;: &#8220;La Poller\u00eda era una evasi\u00f3n para los reclutas y los pollos estaban ricos&#8221;"},"content":{"rendered":"<div id=\"attachment_1632\" style=\"width: 647px\" class=\"wp-caption aligncenter\"><a href=\"\/dicestudemili\/wp-content\/uploads\/sites\/57\/2013\/11\/Armando_Cocinero-del-Cefot.jpg\"><img aria-describedby=\"caption-attachment-1632\" loading=\"lazy\" class=\" wp-image-1632  \" title=\"Jos\u00e9 Luis P\u00e9rez Molano.\" src=\"\/dicestudemili\/wp-content\/uploads\/sites\/57\/2013\/11\/Armando_Cocinero-del-Cefot.jpg\" alt=\"Jos\u00e9 Luis P\u00e9rez Molano.\" width=\"637\" height=\"450\" srcset=\"https:\/\/static-blogs.hoy.es\/wp-content\/uploads\/sites\/57\/2013\/11\/Armando_Cocinero-del-Cefot.jpg 787w, https:\/\/static-blogs.hoy.es\/wp-content\/uploads\/sites\/57\/2013\/11\/Armando_Cocinero-del-Cefot-300x212.jpg 300w, https:\/\/static-blogs.hoy.es\/wp-content\/uploads\/sites\/57\/2013\/11\/Armando_Cocinero-del-Cefot-768x543.jpg 768w\" sizes=\"(max-width: 637px) 100vw, 637px\" \/><\/a><p id=\"caption-attachment-1632\" class=\"wp-caption-text\">Jos\u00e9 Luis P\u00e9rez Molano.<\/p><\/div>\n<p>&nbsp;<\/p>\n<p>Se llama <strong>Jos\u00e9 Luis P\u00e9rez Molano<\/strong>, pero en el acuartelamiento Santa Ana de C\u00e1ceres le conocen m\u00e1s como <strong>&#8216;Chewui&#8217;<\/strong>. Aqu\u00ed lleva d\u00e9cadas alimentando a j\u00f3venes vestidos de militar, primero a reclutas en la mili y luego a soldados profesionales. En la actualidad (en noviembre de 2013), trabaja en la empresa <strong>Masenga S. L.<\/strong>, dirigiendo a unas cuarenta personas que se encargan de dar el desayuno, la comida y la cena en el CEFOT (antiguo CIMOV y CIR) de C\u00e1ceres.<\/p>\n<p>&nbsp;<\/p>\n<p>&#8211;<strong>\u00bfDe d\u00f3nde es?<\/strong><\/p>\n<p>&#8211;<em>Soy natural de C\u00e1ceres<\/em>.<\/p>\n<p>&#8211;<strong>\u00bfCu\u00e1nto tiempo lleva trabajando en el Campamento Santa Ana?<\/strong><\/p>\n<p>&#8211;<em>Ya se me ha olvidado un poco cuando empec\u00e9, porque fue hace mucho. Creo que fue en 1974 \u00f3 en 1975. Comenc\u00e9 a trabajar en la cantina, con La Poller\u00eda famosa; luego he trabajado en la limpieza y despu\u00e9s en el c\u00e1tering, dando las comidas, en donde llevo seis a\u00f1os<\/em>.<\/p>\n<p>&#8211;<strong>Muchos antiguos reclutas hablan de La Poller\u00eda, diciendo algunos que les ha quitado mucha hambre.<\/strong><\/p>\n<p>&#8211;<em>La Poller\u00eda era muy conocida. Yo creo que les gustaba porque era una evasi\u00f3n para los reclutas, era una evasi\u00f3n psicol\u00f3gica. Estaban como encerrados haciendo el servicio militar y La Poller\u00eda estaba fuera del recinto militar, fuera de la alambrada. Parec\u00eda como un bar de carretera y trabaj\u00e1bamos civiles<\/em>.<\/p>\n<p>&#8211;<strong>\u00bfD\u00f3nde estaba La Poller\u00eda?<\/strong><\/p>\n<p>&#8211;<em>En donde se encuentra ahora el gimnasio, ya dentro del recinto militar.<\/em><\/p>\n<p>&#8211;<strong>\u00bfC\u00f3mo se llamaba de verdad La Poller\u00eda, porque no creo que tuviera ese nombre?<\/strong><\/p>\n<p>&#8211;<em>Se llamaba Bar Familiar, pero se le conoc\u00eda por La Poller\u00eda porque hac\u00edamos much\u00edsimos pollos asados, adem\u00e1s de bocadillos y de todo.<\/em><\/p>\n<p>&#8211;<strong>\u00bfEstaban buenos los pollos que hac\u00edan?<\/strong><\/p>\n<p>&#8211;<em>S\u00ed. Paraban hasta los camioneros a comer los pollos asados. Ven\u00eda mucha gente&#8230; hasta de C\u00e1ceres. Estaban muy bien de precio y estaban muy buenos. La verdad es que estaban muy ricos.<\/em><\/p>\n<p>&nbsp;<\/p>\n<div id=\"attachment_1634\" style=\"width: 673px\" class=\"wp-caption aligncenter\"><a href=\"\/dicestudemili\/wp-content\/uploads\/sites\/57\/2013\/11\/Cheeuijpg.jpg\"><img aria-describedby=\"caption-attachment-1634\" loading=\"lazy\" class=\" wp-image-1634   \" title=\"Jos\u00e9 Luis P\u00e9rez, con algunos miembros de su equipo, en la cocina del CEFOT.\" src=\"\/dicestudemili\/wp-content\/uploads\/sites\/57\/2013\/11\/Cheeuijpg.jpg\" alt=\"Jos\u00e9 Luis P\u00e9rez, con algunos miembros de su equipo, en la cocina del CEFOT.\" width=\"663\" height=\"364\" srcset=\"https:\/\/static-blogs.hoy.es\/wp-content\/uploads\/sites\/57\/2013\/11\/Cheeuijpg.jpg 2362w, https:\/\/static-blogs.hoy.es\/wp-content\/uploads\/sites\/57\/2013\/11\/Cheeuijpg-300x165.jpg 300w, https:\/\/static-blogs.hoy.es\/wp-content\/uploads\/sites\/57\/2013\/11\/Cheeuijpg-768x421.jpg 768w, https:\/\/static-blogs.hoy.es\/wp-content\/uploads\/sites\/57\/2013\/11\/Cheeuijpg-1024x562.jpg 1024w\" sizes=\"(max-width: 663px) 100vw, 663px\" \/><\/a><p id=\"caption-attachment-1634\" class=\"wp-caption-text\">Jos\u00e9 Luis P\u00e9rez, con algunos miembros de su equipo, en la cocina del CEFOT.<\/p><\/div>\n<p>&nbsp;<\/p>\n<!-- AddThis Advanced Settings generic via filter on the_content --><!-- AddThis Share Buttons generic via filter on the_content -->","protected":false},"excerpt":{"rendered":"<p>&nbsp; Se llama Jos\u00e9 Luis P\u00e9rez Molano, pero en el acuartelamiento Santa Ana de C\u00e1ceres le conocen m\u00e1s como &#8216;Chewui&#8217;. Aqu\u00ed lleva d\u00e9cadas alimentando a j\u00f3venes vestidos de militar, primero a reclutas en la mili y luego a soldados profesionales. En la actualidad (en noviembre de 2013), trabaja en la empresa Masenga S. L., dirigiendo [&hellip;]<!-- AddThis Advanced Settings generic via filter on get_the_excerpt --><!-- AddThis Share Buttons generic via filter on get_the_excerpt --><\/p>\n","protected":false},"author":52,"featured_media":0,"comment_status":"open","ping_status":"closed","sticky":false,"template":"","format":"standard","meta":[],"categories":[6],"tags":[127,195,314,570,693,757,821,842],"_links":{"self":[{"href":"https:\/\/blogs.hoy.es\/dicestudemili\/wp-json\/wp\/v2\/posts\/1631"}],"collection":[{"href":"https:\/\/blogs.hoy.es\/dicestudemili\/wp-json\/wp\/v2\/posts"}],"about":[{"href":"https:\/\/blogs.hoy.es\/dicestudemili\/wp-json\/wp\/v2\/types\/post"}],"author":[{"embeddable":true,"href":"https:\/\/blogs.hoy.es\/dicestudemili\/wp-json\/wp\/v2\/users\/52"}],"replies":[{"embeddable":true,"href":"https:\/\/blogs.hoy.es\/dicestudemili\/wp-json\/wp\/v2\/comments?post=1631"}],"version-history":[{"count":0,"href":"https:\/\/blogs.hoy.es\/dicestudemili\/wp-json\/wp\/v2\/posts\/1631\/revisions"}],"wp:attachment":[{"href":"https:\/\/blogs.hoy.es\/dicestudemili\/wp-json\/wp\/v2\/media?parent=1631"}],"wp:term":[{"taxonomy":"category","embeddable":true,"href":"https:\/\/blogs.hoy.es\/dicestudemili\/wp-json\/wp\/v2\/categories?post=1631"},{"taxonomy":"post_tag","embeddable":true,"href":"https:\/\/blogs.hoy.es\/dicestudemili\/wp-json\/wp\/v2\/tags?post=1631"}],"curies":[{"name":"wp","href":"https:\/\/api.w.org\/{rel}","templated":true}]}}