{"id":1636,"date":"2013-11-08T14:38:38","date_gmt":"2013-11-08T14:38:38","guid":{"rendered":"http:\/\/blogs.hoy.es\/dicestudemili\/?p=1636"},"modified":"2013-11-08T14:38:38","modified_gmt":"2013-11-08T14:38:38","slug":"los-viejos-barracones-de-madera-siguen-en-pie","status":"publish","type":"post","link":"https:\/\/blogs.hoy.es\/dicestudemili\/2013\/11\/08\/los-viejos-barracones-de-madera-siguen-en-pie\/","title":{"rendered":"Los viejos barracones de madera siguen en pie"},"content":{"rendered":"<div id=\"attachment_1637\" style=\"width: 631px\" class=\"wp-caption aligncenter\"><a href=\"\/dicestudemili\/wp-content\/uploads\/sites\/57\/2013\/11\/IMG_1906.jpg\"><img aria-describedby=\"caption-attachment-1637\" loading=\"lazy\" class=\" wp-image-1637   \" title=\"Imagen actual de uno de los barracones utilizado como estudio fotogr\u00e1fico.\" src=\"\/dicestudemili\/wp-content\/uploads\/sites\/57\/2013\/11\/IMG_1906.jpg\" alt=\"Imagen actual de uno de los barracones utilizado como estudio fotogr\u00e1fico.\" width=\"621\" height=\"365\" srcset=\"https:\/\/static-blogs.hoy.es\/wp-content\/uploads\/sites\/57\/2013\/11\/IMG_1906.jpg 852w, https:\/\/static-blogs.hoy.es\/wp-content\/uploads\/sites\/57\/2013\/11\/IMG_1906-300x176.jpg 300w, https:\/\/static-blogs.hoy.es\/wp-content\/uploads\/sites\/57\/2013\/11\/IMG_1906-768x452.jpg 768w\" sizes=\"(max-width: 621px) 100vw, 621px\" \/><\/a><p id=\"caption-attachment-1637\" class=\"wp-caption-text\">Imagen actual de uno de los barracones utilizado como estudio fotogr\u00e1fico.<\/p><\/div>\n<p>&nbsp;<\/p>\n<p>El <strong>21 de octubre de 2013<\/strong> llegaron al <strong>Centro de Formaci\u00f3n de Tropa (CEFOT) n\u00famero 1 de C\u00e1ceres<\/strong>, 611 alumnos que se preparar\u00e1n durante cuatro meses en el Campamento Santa Ana. Al d\u00eda siguiente de su ingreso a los j\u00f3venes se les tom\u00f3 medidas para los uniformes, les cortaron el pel\u00f3 y se sometieron a diversas pruebas. Una de las cosas que tuvieron que hacer fue una sesi\u00f3n fotogr\u00e1fica que se realiz\u00f3 en un barrac\u00f3n de madera con tejado de uralita, que es un vestigio de los or\u00edgenes de la mili en C\u00e1ceres.<\/p>\n<p>Son <strong>casi cincuenta a\u00f1os los que tienen estos barracones<\/strong> que si antes se utilizaba para alojamiento de los reclutas, ahora suelen ser usados de almac\u00e9n. En la siguiente fotograf\u00eda tomada en <strong>1964<\/strong> se puede ver a los oficiales del Centro de Instrucci\u00f3n de C\u00e1ceres posando delante del <strong>primer barrac\u00f3n<\/strong> que se construy\u00f3.<\/p>\n<p>&nbsp;<\/p>\n<div id=\"attachment_1639\" style=\"width: 697px\" class=\"wp-caption aligncenter\"><a href=\"\/dicestudemili\/wp-content\/uploads\/sites\/57\/2013\/11\/1964.-oficiales-posando-delante-del-primer-barrac\u00f3n.jpg\"><img aria-describedby=\"caption-attachment-1639\" loading=\"lazy\" class=\" wp-image-1639  \" title=\"Oficiales posando delante del primer barrac\u00f3n. Es el a\u00f1o 1964.\" src=\"\/dicestudemili\/wp-content\/uploads\/sites\/57\/2013\/11\/1964.-oficiales-posando-delante-del-primer-barrac\u00f3n.jpg\" alt=\"Oficiales posando delante del primer barrac\u00f3n. Es el a\u00f1o 1964.\" width=\"687\" height=\"454\" srcset=\"https:\/\/static-blogs.hoy.es\/wp-content\/uploads\/sites\/57\/2013\/11\/1964.-oficiales-posando-delante-del-primer-barrac\u00f3n.jpg 954w, https:\/\/static-blogs.hoy.es\/wp-content\/uploads\/sites\/57\/2013\/11\/1964.-oficiales-posando-delante-del-primer-barrac\u00f3n-300x198.jpg 300w, https:\/\/static-blogs.hoy.es\/wp-content\/uploads\/sites\/57\/2013\/11\/1964.-oficiales-posando-delante-del-primer-barrac\u00f3n-768x507.jpg 768w\" sizes=\"(max-width: 687px) 100vw, 687px\" \/><\/a><p id=\"caption-attachment-1639\" class=\"wp-caption-text\">Oficiales posando delante del primer barrac\u00f3n. Es el a\u00f1o 1964.<\/p><\/div>\n<p>&nbsp;<\/p>\n<p>La siguiente imagen, tomada de la p\u00e1gina www.amigosdelamili.com es de reclutas <strong>a finales de los a\u00f1os setenta<\/strong>, posando junto a los edificios en los que pasaban gran parte de su vida.<\/p>\n<p>&nbsp;<\/p>\n<div id=\"attachment_1640\" style=\"width: 597px\" class=\"wp-caption alignright\"><a href=\"\/dicestudemili\/wp-content\/uploads\/sites\/57\/2013\/11\/1980-de-la-p\u00e1gina-www.amigosdelamili.com_.jpg\"><img aria-describedby=\"caption-attachment-1640\" loading=\"lazy\" class=\" wp-image-1640  \" title=\"A finales de los a\u00f1os setenta, cuando a\u00fan eran utilizados por los reclutas.\" src=\"\/dicestudemili\/wp-content\/uploads\/sites\/57\/2013\/11\/1980-de-la-p\u00e1gina-www.amigosdelamili.com_.jpg\" alt=\"A finales de los a\u00f1os setenta, cuando a\u00fan eran utilizados por los reclutas.\" width=\"587\" height=\"428\" srcset=\"https:\/\/static-blogs.hoy.es\/wp-content\/uploads\/sites\/57\/2013\/11\/1980-de-la-p\u00e1gina-www.amigosdelamili.com_.jpg 815w, https:\/\/static-blogs.hoy.es\/wp-content\/uploads\/sites\/57\/2013\/11\/1980-de-la-p\u00e1gina-www.amigosdelamili.com_-300x219.jpg 300w, https:\/\/static-blogs.hoy.es\/wp-content\/uploads\/sites\/57\/2013\/11\/1980-de-la-p\u00e1gina-www.amigosdelamili.com_-768x561.jpg 768w\" sizes=\"(max-width: 587px) 100vw, 587px\" \/><\/a><p id=\"caption-attachment-1640\" class=\"wp-caption-text\">A finales de los a\u00f1os setenta, cuando a\u00fan eran utilizados por los reclutas.<\/p><\/div>\n<p>&nbsp;<\/p>\n<p>&nbsp;<\/p>\n<p>&nbsp;<\/p>\n<p>&nbsp;<\/p>\n<p>&nbsp;<\/p>\n<p>&nbsp;<\/p>\n<p>&nbsp;<\/p>\n<p>&nbsp;<\/p>\n<p>&nbsp;<\/p>\n<p>&nbsp;<\/p>\n<p>&nbsp;<\/p>\n<p>&nbsp;<\/p>\n<p>&nbsp;<\/p>\n<p>&nbsp;<\/p>\n<p>&nbsp;<\/p>\n<p>&nbsp;<\/p>\n<p>&nbsp;<\/p>\n<p>&nbsp;<\/p>\n<p><span style=\"font-size: 13px;\">En esta postal del CIR de C\u00e1ceres se pueden ver a los barracones en primer t\u00e9rmino. Se calcula que <strong>dejaron de ser la vivienda de los reclutas alrededor de 1979<\/strong>. Hab\u00eda, al menos, 19.<\/span><\/p>\n<p>&nbsp;<\/p>\n<div id=\"attachment_1641\" style=\"width: 672px\" class=\"wp-caption aligncenter\"><a href=\"\/dicestudemili\/wp-content\/uploads\/sites\/57\/2013\/11\/cirhubo-19-barracones.jpg\"><img aria-describedby=\"caption-attachment-1641\" loading=\"lazy\" class=\" wp-image-1641   \" title=\"En la imagen se aprecia que hab\u00eda 19 barracones.\" src=\"\/dicestudemili\/wp-content\/uploads\/sites\/57\/2013\/11\/cirhubo-19-barracones.jpg\" alt=\"En la imagen se aprecia que hab\u00eda 19 barracones.\" width=\"662\" height=\"443\" srcset=\"https:\/\/static-blogs.hoy.es\/wp-content\/uploads\/sites\/57\/2013\/11\/cirhubo-19-barracones.jpg 908w, https:\/\/static-blogs.hoy.es\/wp-content\/uploads\/sites\/57\/2013\/11\/cirhubo-19-barracones-300x201.jpg 300w, https:\/\/static-blogs.hoy.es\/wp-content\/uploads\/sites\/57\/2013\/11\/cirhubo-19-barracones-768x514.jpg 768w\" sizes=\"(max-width: 662px) 100vw, 662px\" \/><\/a><p id=\"caption-attachment-1641\" class=\"wp-caption-text\">En la imagen se aprecia que hay una especie de dep\u00f3sito de agua junto a uno de los edificios de madera.<\/p><\/div>\n<p>&nbsp;<\/p>\n<p>Esta es la imagen actual que tienen los edificios en los que han vivido miles de reclutas cuando hicieron el servicio militar obligatorio.<\/p>\n<p>&nbsp;<\/p>\n<div id=\"attachment_1642\" style=\"width: 680px\" class=\"wp-caption aligncenter\"><a href=\"\/dicestudemili\/wp-content\/uploads\/sites\/57\/2013\/11\/IMG_1907.jpg\"><img aria-describedby=\"caption-attachment-1642\" loading=\"lazy\" class=\" wp-image-1642  \" title=\"Imagen tomada el 21 de octubre de 2013.\" src=\"\/dicestudemili\/wp-content\/uploads\/sites\/57\/2013\/11\/IMG_1907.jpg\" alt=\"Imagen tomada el 21 de octubre de 2013.\" width=\"670\" height=\"393\" srcset=\"https:\/\/static-blogs.hoy.es\/wp-content\/uploads\/sites\/57\/2013\/11\/IMG_1907.jpg 827w, https:\/\/static-blogs.hoy.es\/wp-content\/uploads\/sites\/57\/2013\/11\/IMG_1907-300x176.jpg 300w, https:\/\/static-blogs.hoy.es\/wp-content\/uploads\/sites\/57\/2013\/11\/IMG_1907-768x451.jpg 768w\" sizes=\"(max-width: 670px) 100vw, 670px\" \/><\/a><p id=\"caption-attachment-1642\" class=\"wp-caption-text\">Imagen tomada el 21 de octubre de 2013.<\/p><\/div>\n<p>&nbsp;<\/p>\n<p>&nbsp;<\/p>\n<!-- AddThis Advanced Settings generic via filter on the_content --><!-- AddThis Share Buttons generic via filter on the_content -->","protected":false},"excerpt":{"rendered":"<p>&nbsp; El 21 de octubre de 2013 llegaron al Centro de Formaci\u00f3n de Tropa (CEFOT) n\u00famero 1 de C\u00e1ceres, 611 alumnos que se preparar\u00e1n durante cuatro meses en el Campamento Santa Ana. Al d\u00eda siguiente de su ingreso a los j\u00f3venes se les tom\u00f3 medidas para los uniformes, les cortaron el pel\u00f3 y se sometieron [&hellip;]<!-- AddThis Advanced Settings generic via filter on get_the_excerpt --><!-- AddThis Share Buttons generic via filter on get_the_excerpt --><\/p>\n","protected":false},"author":52,"featured_media":0,"comment_status":"open","ping_status":"closed","sticky":false,"template":"","format":"standard","meta":[],"categories":[2],"tags":[128,195,303,842,1053],"_links":{"self":[{"href":"https:\/\/blogs.hoy.es\/dicestudemili\/wp-json\/wp\/v2\/posts\/1636"}],"collection":[{"href":"https:\/\/blogs.hoy.es\/dicestudemili\/wp-json\/wp\/v2\/posts"}],"about":[{"href":"https:\/\/blogs.hoy.es\/dicestudemili\/wp-json\/wp\/v2\/types\/post"}],"author":[{"embeddable":true,"href":"https:\/\/blogs.hoy.es\/dicestudemili\/wp-json\/wp\/v2\/users\/52"}],"replies":[{"embeddable":true,"href":"https:\/\/blogs.hoy.es\/dicestudemili\/wp-json\/wp\/v2\/comments?post=1636"}],"version-history":[{"count":0,"href":"https:\/\/blogs.hoy.es\/dicestudemili\/wp-json\/wp\/v2\/posts\/1636\/revisions"}],"wp:attachment":[{"href":"https:\/\/blogs.hoy.es\/dicestudemili\/wp-json\/wp\/v2\/media?parent=1636"}],"wp:term":[{"taxonomy":"category","embeddable":true,"href":"https:\/\/blogs.hoy.es\/dicestudemili\/wp-json\/wp\/v2\/categories?post=1636"},{"taxonomy":"post_tag","embeddable":true,"href":"https:\/\/blogs.hoy.es\/dicestudemili\/wp-json\/wp\/v2\/tags?post=1636"}],"curies":[{"name":"wp","href":"https:\/\/api.w.org\/{rel}","templated":true}]}}