{"id":1647,"date":"2013-11-21T08:11:21","date_gmt":"2013-11-21T08:11:21","guid":{"rendered":"http:\/\/blogs.hoy.es\/dicestudemili\/?p=1647"},"modified":"2013-11-21T08:11:21","modified_gmt":"2013-11-21T08:11:21","slug":"1999-y-3-el-cabo-primero-de-senores-no-me-toquen-los-kinder","status":"publish","type":"post","link":"https:\/\/blogs.hoy.es\/dicestudemili\/2013\/11\/21\/1999-y-3-el-cabo-primero-de-senores-no-me-toquen-los-kinder\/","title":{"rendered":"1999 (y 3): El cabo primero de &#8220;\u00a1Se\u00f1ores, no me toquen los kinder!&#8221;"},"content":{"rendered":"<div id=\"attachment_1648\" style=\"width: 654px\" class=\"wp-caption aligncenter\"><a href=\"\/dicestudemili\/wp-content\/uploads\/sites\/57\/2013\/11\/UNO.jpg\"><img aria-describedby=\"caption-attachment-1648\" loading=\"lazy\" class=\" wp-image-1648  \" title=\"Imagen de una jura de bandera en el a\u00f1o 1999 en el CIMOV de C\u00e1ceres.\" src=\"\/dicestudemili\/wp-content\/uploads\/sites\/57\/2013\/11\/UNO.jpg\" alt=\"Imagen de una jura de bandera en el a\u00f1o 1999 en el CIMOV de C\u00e1ceres.\" width=\"644\" height=\"416\" srcset=\"https:\/\/static-blogs.hoy.es\/wp-content\/uploads\/sites\/57\/2013\/11\/UNO.jpg 894w, https:\/\/static-blogs.hoy.es\/wp-content\/uploads\/sites\/57\/2013\/11\/UNO-300x194.jpg 300w, https:\/\/static-blogs.hoy.es\/wp-content\/uploads\/sites\/57\/2013\/11\/UNO-768x497.jpg 768w\" sizes=\"(max-width: 644px) 100vw, 644px\" \/><\/a><p id=\"caption-attachment-1648\" class=\"wp-caption-text\">Imagen de una jura de bandera en el a\u00f1o 1999 en el CIMOV de C\u00e1ceres.<\/p><\/div>\n<p>&nbsp;<\/p>\n<p>En el grupo de facebook &#8216;Yo hice la mili en el CIR de C\u00e1ceres o el CIMOV&#8217;, hay los siguientes comentarios de personas que aprendieron la instrucci\u00f3n militar en el a\u00f1o 1999 en el <strong>Campamento Santa Ana de C\u00e1ceres<\/strong>.<\/p>\n<p><strong>Ra\u00fal Salamanca Ortega<\/strong> comenta: &#8220;<em>\u00bfHay alguien del tercer reemplazo del 99, de la 8\u00aa Compa\u00f1\u00eda, que estuviera con el <strong>primero Tejada<\/strong> y el <strong>alf\u00e9rez Herr\u00e1ez<\/strong>, con &#8216;<strong>el Chuche<\/strong>&#8216;, <strong>Arenas<\/strong>, <strong>Cuenca<\/strong>, <strong>Ja\u00e9n<\/strong>, <strong>Monz\u00f3n<\/strong>, <strong>Sahag\u00fan<\/strong>&#8230;? Joer, que risas pas\u00e1bamos<\/em>&#8220;.<\/p>\n<p><strong>Alfonso Centeno Cachazo<\/strong>, que pertenec\u00eda a la 7\u00aa Compa\u00f1\u00eda del segundo reemplazo de 1999, escribe: &#8220;<em>\u00a1Qu\u00e9 recuerdos! Nuestro grito de guerra era, &#8216;\u00a1abre la boca le\u00f3n auuuuu!&#8217;. Jaja. Vaya tela<\/em>&#8220;.<\/p>\n<p><strong>Jaime Mu\u00f1oz Moyano<\/strong> tiene un recuerdo curioso, &#8220;<em>soy del cuarto reemplazo del 99, de la 8\u00aa Compa\u00f1\u00eda. Me acuerdo de un cabo primero que dec\u00eda, &#8216;\u00a1Se\u00f1ores, no me toquen los kinder!&#8217; Lo pas\u00e1bamos bien y eso que hac\u00eda un fr\u00edo de cojones, pero los buenos momentos no faltaron<\/em>&#8220;.<\/p>\n<p>El \u00faltimo comentario es de <strong>Roc\u00edo Valeriano Collado<\/strong>: &#8220;<em>Hola, yo estuve en la 5\u00aa Compa\u00f1\u00eda, en la tercera secci\u00f3n. El capit\u00e1n de la Compa\u00f1\u00eda era <strong>Merch\u00e1n<\/strong> y estaba el <strong>cabo Moreno<\/strong>, el <strong>brigada Bonilla<\/strong>, el <strong>teniente Luque<\/strong>, el <strong>brigada S\u00e1nchez<\/strong> y el <strong>cabo primero Mamut<\/strong>, como le dec\u00edamos nosotros. Me acuerdo que en mi secci\u00f3n s\u00f3lo \u00e9ramos tres chicas. Me acuerdo de algunos como <strong>Marroyo<\/strong>, <strong>Rold\u00e1n<\/strong>, <strong>Urbano<\/strong>, <strong>Varela<\/strong>, <strong>Vaca<\/strong>&#8230; \u00c9ramos del primer reemplazo de 1999. \u00a1Qu\u00e9 tiempos aquellos! Si alguien tiene fotos de este reemplazo me gustar\u00eda que las pusiese, porque no tengo ninguna de este gran momento de mi vida<\/em>&#8220;.<\/p>\n<p>La siguiente imagen es de una jura de bandera de este a\u00f1o en C\u00e1ceres.<\/p>\n<p>&nbsp;<\/p>\n<div id=\"attachment_1650\" style=\"width: 649px\" class=\"wp-caption aligncenter\"><a href=\"\/dicestudemili\/wp-content\/uploads\/sites\/57\/2013\/11\/DOsagosto.jpg\"><img aria-describedby=\"caption-attachment-1650\" loading=\"lazy\" class=\" wp-image-1650  \" title=\"Jura de bandera en el mes de agosto de 1999.\" src=\"\/dicestudemili\/wp-content\/uploads\/sites\/57\/2013\/11\/DOsagosto.jpg\" alt=\"Jura de bandera en el mes de agosto de 1999.\" width=\"639\" height=\"436\" srcset=\"https:\/\/static-blogs.hoy.es\/wp-content\/uploads\/sites\/57\/2013\/11\/DOsagosto.jpg 887w, https:\/\/static-blogs.hoy.es\/wp-content\/uploads\/sites\/57\/2013\/11\/DOsagosto-300x205.jpg 300w, https:\/\/static-blogs.hoy.es\/wp-content\/uploads\/sites\/57\/2013\/11\/DOsagosto-768x524.jpg 768w\" sizes=\"(max-width: 639px) 100vw, 639px\" \/><\/a><p id=\"caption-attachment-1650\" class=\"wp-caption-text\">Jura de bandera en el mes de agosto de 1999.<\/p><\/div>\n<p>&nbsp;<\/p>\n<p>El <strong>29 de mayo<\/strong> el Centro de Instrucci\u00f3n y Movilizaci\u00f3n (CIMOV) de C\u00e1ceres realiz\u00f3 una jornada de puertas abiertas en la que los ciudadanos pudieron conocer las instalaciones militares por dentro.<\/p>\n<p>&nbsp;<\/p>\n<div id=\"attachment_1651\" style=\"width: 661px\" class=\"wp-caption aligncenter\"><a href=\"\/dicestudemili\/wp-content\/uploads\/sites\/57\/2013\/11\/TRESMayo.jpg\"><img aria-describedby=\"caption-attachment-1651\" loading=\"lazy\" class=\" wp-image-1651  \" title=\"Jornada de puertas abiertas en el CIMOV de C\u00e1ceres.\" src=\"\/dicestudemili\/wp-content\/uploads\/sites\/57\/2013\/11\/TRESMayo.jpg\" alt=\"Jornada de puertas abiertas en el CIMOV de C\u00e1ceres.\" width=\"651\" height=\"395\" srcset=\"https:\/\/static-blogs.hoy.es\/wp-content\/uploads\/sites\/57\/2013\/11\/TRESMayo.jpg 803w, https:\/\/static-blogs.hoy.es\/wp-content\/uploads\/sites\/57\/2013\/11\/TRESMayo-300x182.jpg 300w, https:\/\/static-blogs.hoy.es\/wp-content\/uploads\/sites\/57\/2013\/11\/TRESMayo-768x467.jpg 768w\" sizes=\"(max-width: 651px) 100vw, 651px\" \/><\/a><p id=\"caption-attachment-1651\" class=\"wp-caption-text\">Jornada de puertas abiertas en el CIMOV de C\u00e1ceres.<\/p><\/div>\n<p>&nbsp;<\/p>\n<p>Las siguientes fotograf\u00edas son de recibimientos en el Ayuntamiento de C\u00e1ceres a nuevos reemplazos de j\u00f3venes que se formaron en el a\u00f1o 1999.<\/p>\n<p>&nbsp;<\/p>\n<div id=\"attachment_1652\" style=\"width: 638px\" class=\"wp-caption aligncenter\"><a href=\"\/dicestudemili\/wp-content\/uploads\/sites\/57\/2013\/11\/Cuatromarzo.jpg\"><img aria-describedby=\"caption-attachment-1652\" loading=\"lazy\" class=\" wp-image-1652  \" title=\"Recibimiento en el sal\u00f3n de plenos del Ayuntamiento en el mes de marzo de 1999.\" src=\"\/dicestudemili\/wp-content\/uploads\/sites\/57\/2013\/11\/Cuatromarzo.jpg\" alt=\"Recibimiento en el sal\u00f3n de plenos del Ayuntamiento en el mes de marzo de 1999.\" width=\"628\" height=\"346\" srcset=\"https:\/\/static-blogs.hoy.es\/wp-content\/uploads\/sites\/57\/2013\/11\/Cuatromarzo.jpg 776w, https:\/\/static-blogs.hoy.es\/wp-content\/uploads\/sites\/57\/2013\/11\/Cuatromarzo-300x165.jpg 300w, https:\/\/static-blogs.hoy.es\/wp-content\/uploads\/sites\/57\/2013\/11\/Cuatromarzo-768x423.jpg 768w\" sizes=\"(max-width: 628px) 100vw, 628px\" \/><\/a><p id=\"caption-attachment-1652\" class=\"wp-caption-text\">Recibimiento en el sal\u00f3n de plenos del Ayuntamiento en el mes de marzo de 1999.<\/p><\/div>\n<p>&nbsp;<\/p>\n<div id=\"attachment_1653\" style=\"width: 654px\" class=\"wp-caption aligncenter\"><a href=\"\/dicestudemili\/wp-content\/uploads\/sites\/57\/2013\/11\/Cincosep-99.jpg\"><img aria-describedby=\"caption-attachment-1653\" loading=\"lazy\" class=\" wp-image-1653 \" title=\"J\u00f3venes militares a los que se les da la bienvenida en el Ayuntamiento en septiembre de 1999.\" src=\"\/dicestudemili\/wp-content\/uploads\/sites\/57\/2013\/11\/Cincosep-99.jpg\" alt=\"J\u00f3venes militares a los que se les da la bienvenida en el Ayuntamiento en septiembre de 1999.\" width=\"644\" height=\"445\" srcset=\"https:\/\/static-blogs.hoy.es\/wp-content\/uploads\/sites\/57\/2013\/11\/Cincosep-99.jpg 716w, https:\/\/static-blogs.hoy.es\/wp-content\/uploads\/sites\/57\/2013\/11\/Cincosep-99-300x207.jpg 300w\" sizes=\"(max-width: 644px) 100vw, 644px\" \/><\/a><p id=\"caption-attachment-1653\" class=\"wp-caption-text\">J\u00f3venes militares a los que se les da la bienvenida en el Ayuntamiento en septiembre de 1999.<\/p><\/div>\n<p>&nbsp;<\/p>\n<p>&nbsp;<\/p>\n<p>&nbsp;<\/p>\n<p>&nbsp;<\/p>\n<!-- AddThis Advanced Settings generic via filter on the_content --><!-- AddThis Share Buttons generic via filter on the_content -->","protected":false},"excerpt":{"rendered":"<p>&nbsp; En el grupo de facebook &#8216;Yo hice la mili en el CIR de C\u00e1ceres o el CIMOV&#8217;, hay los siguientes comentarios de personas que aprendieron la instrucci\u00f3n militar en el a\u00f1o 1999 en el Campamento Santa Ana de C\u00e1ceres. Ra\u00fal Salamanca Ortega comenta: &#8220;\u00bfHay alguien del tercer reemplazo del 99, de la 8\u00aa Compa\u00f1\u00eda, [&hellip;]<!-- AddThis Advanced Settings generic via filter on get_the_excerpt --><!-- AddThis Share Buttons generic via filter on get_the_excerpt --><\/p>\n","protected":false},"author":52,"featured_media":0,"comment_status":"open","ping_status":"closed","sticky":false,"template":"","format":"standard","meta":[],"categories":[3],"tags":[47,58,146,156,172,188,195,254,633,842,963,988,1119],"_links":{"self":[{"href":"https:\/\/blogs.hoy.es\/dicestudemili\/wp-json\/wp\/v2\/posts\/1647"}],"collection":[{"href":"https:\/\/blogs.hoy.es\/dicestudemili\/wp-json\/wp\/v2\/posts"}],"about":[{"href":"https:\/\/blogs.hoy.es\/dicestudemili\/wp-json\/wp\/v2\/types\/post"}],"author":[{"embeddable":true,"href":"https:\/\/blogs.hoy.es\/dicestudemili\/wp-json\/wp\/v2\/users\/52"}],"replies":[{"embeddable":true,"href":"https:\/\/blogs.hoy.es\/dicestudemili\/wp-json\/wp\/v2\/comments?post=1647"}],"version-history":[{"count":0,"href":"https:\/\/blogs.hoy.es\/dicestudemili\/wp-json\/wp\/v2\/posts\/1647\/revisions"}],"wp:attachment":[{"href":"https:\/\/blogs.hoy.es\/dicestudemili\/wp-json\/wp\/v2\/media?parent=1647"}],"wp:term":[{"taxonomy":"category","embeddable":true,"href":"https:\/\/blogs.hoy.es\/dicestudemili\/wp-json\/wp\/v2\/categories?post=1647"},{"taxonomy":"post_tag","embeddable":true,"href":"https:\/\/blogs.hoy.es\/dicestudemili\/wp-json\/wp\/v2\/tags?post=1647"}],"curies":[{"name":"wp","href":"https:\/\/api.w.org\/{rel}","templated":true}]}}