{"id":1657,"date":"2013-11-29T08:05:30","date_gmt":"2013-11-29T08:05:30","guid":{"rendered":"http:\/\/blogs.hoy.es\/dicestudemili\/?p=1657"},"modified":"2013-11-29T08:05:30","modified_gmt":"2013-11-29T08:05:30","slug":"los-reclutas-bomberos","status":"publish","type":"post","link":"https:\/\/blogs.hoy.es\/dicestudemili\/2013\/11\/29\/los-reclutas-bomberos\/","title":{"rendered":"Los reclutas que tambi\u00e9n aprendieron a ser bomberos"},"content":{"rendered":"<div id=\"attachment_1658\" style=\"width: 673px\" class=\"wp-caption aligncenter\"><a href=\"\/dicestudemili\/wp-content\/uploads\/sites\/57\/2013\/11\/2005a-dos-kil\u00f3metros-del-cimov.jpg\"><img aria-describedby=\"caption-attachment-1658\" loading=\"lazy\" class=\" wp-image-1658   \" title=\"Incendio a dos kil\u00f3metros del Campamento Santa Ana, en el a\u00f1o 2005.\" src=\"\/dicestudemili\/wp-content\/uploads\/sites\/57\/2013\/11\/2005a-dos-kil\u00f3metros-del-cimov.jpg\" alt=\"Incendio a dos kil\u00f3metros del Campamento Santa Ana, en el a\u00f1o 2005.\" width=\"663\" height=\"441\" srcset=\"https:\/\/static-blogs.hoy.es\/wp-content\/uploads\/sites\/57\/2013\/11\/2005a-dos-kil\u00f3metros-del-cimov.jpg 1181w, https:\/\/static-blogs.hoy.es\/wp-content\/uploads\/sites\/57\/2013\/11\/2005a-dos-kil\u00f3metros-del-cimov-300x199.jpg 300w, https:\/\/static-blogs.hoy.es\/wp-content\/uploads\/sites\/57\/2013\/11\/2005a-dos-kil\u00f3metros-del-cimov-768x510.jpg 768w, https:\/\/static-blogs.hoy.es\/wp-content\/uploads\/sites\/57\/2013\/11\/2005a-dos-kil\u00f3metros-del-cimov-1024x681.jpg 1024w\" sizes=\"(max-width: 663px) 100vw, 663px\" \/><\/a><p id=\"caption-attachment-1658\" class=\"wp-caption-text\">Incendio a dos kil\u00f3metros del Campamento Santa Ana, en el a\u00f1o 2005.<\/p><\/div>\n<p>&nbsp;<\/p>\n<p>&#8220;<strong>C\u00e1ceres: pavoroso incendio en La Monta\u00f1a<\/strong>&#8216;. Este es uno de los titulares de la primera p\u00e1gina del <strong>Diario HOY<\/strong> del <strong>4 de agosto de 1984<\/strong>. El texto de la noticia comenzaba as\u00ed:<\/p>\n<p>&#8220;<em>A la una de la madrugada continuaba el violento incendio que poco despu\u00e9s de las cuatro treinta de la tarde de ayer se inici\u00f3 en la zona de la Umbr\u00eda de la sierra de la Mosca, emplazamiento del santuario de la patrona de C\u00e1ceres. El siniestro, que enseguida alcanz\u00f3 grandes proporciones, afecta a cientos de hect\u00e1reas con diversas especies arb\u00f3reas y amplias zonas de pastizales y monte bajo. Los esfuerzos de los bomberos de C\u00e1ceres, fuerzas de la Guardia Civil y <strong>soldados del CIR 3 que a \u00faltima hora se sumaron a los trabajos de extinci\u00f3n<\/strong>, no hab\u00edan dado el resultado apetecido a primeras horas de la madrugada de hoy pues el incendio, aunque controlado, no hab\u00eda podido ser sofocado todav\u00eda<\/em>&#8220;.<\/p>\n<p>Al d\u00eda siguiente se informaba en este mismo medio de que el incendio dur\u00f3 12 horas, destacando la intervenci\u00f3n del industrial <strong>Pedro Rodr\u00edguez Santano<\/strong>, que desplaz\u00f3 al lugar su maquinar\u00eda para hacer un cortafuegos de 300 metros de longitud, destacando tambi\u00e9n la actitud de los reclutas que tuvieron que trabajar duro de madrugada para evitar que el fuego avanzara.<\/p>\n<p>En las d\u00e9cadas de los setenta y ochenta era muy normal que los j\u00f3venes que hac\u00edan el servicio militar obligatorio en C\u00e1ceres ayudaran a los bomberos en grandes incendios que afectaban a los alrededores de C\u00e1ceres. Incluso en una noticia del Diario HOY del <strong>4 de julio de 1998<\/strong>, se indica que militares del entonces <strong>CIMOV<\/strong> participaron en la extinci\u00f3n de un incendio que amenazaba las casas de la<strong> urbanizaci\u00f3n Ceres Golf<\/strong>, adosada al acuartelamiento.<\/p>\n<p>&nbsp;<\/p>\n<div id=\"attachment_1659\" style=\"width: 648px\" class=\"wp-caption aligncenter\"><a href=\"\/dicestudemili\/wp-content\/uploads\/sites\/57\/2013\/11\/1983.-CACERES.-REALIZANDO-EJERCICIOS-DE-TIRO-EN-EL-CIR-3-A\u00d1O.jpg\"><img aria-describedby=\"caption-attachment-1659\" loading=\"lazy\" class=\" wp-image-1659   \" title=\"Reclutas de 1983 en ejercicios de tiro, seguro que alguno tambi\u00e9n hizo ejercicios de bombero.\" src=\"\/dicestudemili\/wp-content\/uploads\/sites\/57\/2013\/11\/1983.-CACERES.-REALIZANDO-EJERCICIOS-DE-TIRO-EN-EL-CIR-3-A\u00d1O.jpg\" alt=\"Reclutas de 1983 en ejercicios de tiro, seguro que alguno tambi\u00e9n hizo ejercicios de bombero.\" width=\"638\" height=\"356\" srcset=\"https:\/\/static-blogs.hoy.es\/wp-content\/uploads\/sites\/57\/2013\/11\/1983.-CACERES.-REALIZANDO-EJERCICIOS-DE-TIRO-EN-EL-CIR-3-A\u00d1O.jpg 875w, https:\/\/static-blogs.hoy.es\/wp-content\/uploads\/sites\/57\/2013\/11\/1983.-CACERES.-REALIZANDO-EJERCICIOS-DE-TIRO-EN-EL-CIR-3-A\u00d1O-300x167.jpg 300w, https:\/\/static-blogs.hoy.es\/wp-content\/uploads\/sites\/57\/2013\/11\/1983.-CACERES.-REALIZANDO-EJERCICIOS-DE-TIRO-EN-EL-CIR-3-A\u00d1O-768x428.jpg 768w\" sizes=\"(max-width: 638px) 100vw, 638px\" \/><\/a><p id=\"caption-attachment-1659\" class=\"wp-caption-text\">Reclutas de 1983 en los ejercicios de tiro; seguro que algunos tambi\u00e9n hicieron ejercicios de bombero.<\/p><\/div>\n<p>&nbsp;<\/p>\n<p>En la jura de bandera que tuvo lugar en Santa Ana el <strong>15 de agosto de 1981<\/strong>, el entonces coronel jefe del CIR, <strong>Manuel Rodr\u00edguez de la Pe\u00f1a<\/strong>, en su alocuci\u00f3n a los nuevos soldados les habl\u00f3 de su intervenci\u00f3n para apagar uno de esos pavorosos incendios. El Diario HOY public\u00f3 este texto cont\u00e1ndolo, del que no quitamos ni a\u00f1adimos una coma:<\/p>\n<p>&#8220;<em>Los aplausos comenzaron a sonar m\u00e1s fuertes cuando el coronel jefe hizo referencia a la an\u00e9cdota ocurrida hace unos d\u00edas, cuando los soldados fueron llamados para apagar el fuego en unos montes pr\u00f3ximos<\/em>.\u00a0<span style=\"font-size: 13px;\">&#8220;<\/span><em style=\"font-size: 13px;\"><strong>En esa operaci\u00f3n<\/strong> -dijo &#8211; <strong>uno de vosotros se lesion\u00f3 y a \u00e9l se le acerc\u00f3 una se\u00f1ora y le dijo: &#8220;Tu madre no puede darte un beso, por eso lo hago yo<\/strong>&#8220;. En este momento la emoci\u00f3n embarg\u00f3 las palabras del coronel, quien se mostr\u00f3 orgulloso de &#8220;<strong>esta raza de hombres y mujeres que posee nuestra naci\u00f3n<\/strong><\/em><span style=\"font-size: 13px;\">&#8220;.<\/span><\/p>\n<p>&nbsp;<\/p>\n<div id=\"attachment_1661\" style=\"width: 546px\" class=\"wp-caption aligncenter\"><a href=\"\/dicestudemili\/wp-content\/uploads\/sites\/57\/2013\/11\/1981agosto-copia.jpg\"><img aria-describedby=\"caption-attachment-1661\" loading=\"lazy\" class=\" wp-image-1661  \" title=\"El coronel De la Pe\u00f1a en su alocuci\u00f3n a los soldados el 15 de agosto de 1981.\" src=\"\/dicestudemili\/wp-content\/uploads\/sites\/57\/2013\/11\/1981agosto-copia.jpg\" alt=\"El coronel De la Pe\u00f1a en su alocuci\u00f3n a los soldados el 15 de agosto de 1981.\" width=\"536\" height=\"342\" srcset=\"https:\/\/static-blogs.hoy.es\/wp-content\/uploads\/sites\/57\/2013\/11\/1981agosto-copia.jpg 850w, https:\/\/static-blogs.hoy.es\/wp-content\/uploads\/sites\/57\/2013\/11\/1981agosto-copia-300x192.jpg 300w, https:\/\/static-blogs.hoy.es\/wp-content\/uploads\/sites\/57\/2013\/11\/1981agosto-copia-768x491.jpg 768w\" sizes=\"(max-width: 536px) 100vw, 536px\" \/><\/a><p id=\"caption-attachment-1661\" class=\"wp-caption-text\">El coronel De la Pe\u00f1a en su alocuci\u00f3n a los soldados el 15 de agosto de 1981.<\/p><\/div>\n<!-- AddThis Advanced Settings generic via filter on the_content --><!-- AddThis Share Buttons generic via filter on the_content -->","protected":false},"excerpt":{"rendered":"<p>&nbsp; &#8220;C\u00e1ceres: pavoroso incendio en La Monta\u00f1a&#8216;. Este es uno de los titulares de la primera p\u00e1gina del Diario HOY del 4 de agosto de 1984. El texto de la noticia comenzaba as\u00ed: &#8220;A la una de la madrugada continuaba el violento incendio que poco despu\u00e9s de las cuatro treinta de la tarde de ayer [&hellip;]<!-- AddThis Advanced Settings generic via filter on get_the_excerpt --><!-- AddThis Share Buttons generic via filter on get_the_excerpt --><\/p>\n","protected":false},"author":52,"featured_media":0,"comment_status":"open","ping_status":"closed","sticky":false,"template":"","format":"standard","meta":[],"categories":[2],"tags":[141,195,395,613,842,908,1165],"_links":{"self":[{"href":"https:\/\/blogs.hoy.es\/dicestudemili\/wp-json\/wp\/v2\/posts\/1657"}],"collection":[{"href":"https:\/\/blogs.hoy.es\/dicestudemili\/wp-json\/wp\/v2\/posts"}],"about":[{"href":"https:\/\/blogs.hoy.es\/dicestudemili\/wp-json\/wp\/v2\/types\/post"}],"author":[{"embeddable":true,"href":"https:\/\/blogs.hoy.es\/dicestudemili\/wp-json\/wp\/v2\/users\/52"}],"replies":[{"embeddable":true,"href":"https:\/\/blogs.hoy.es\/dicestudemili\/wp-json\/wp\/v2\/comments?post=1657"}],"version-history":[{"count":0,"href":"https:\/\/blogs.hoy.es\/dicestudemili\/wp-json\/wp\/v2\/posts\/1657\/revisions"}],"wp:attachment":[{"href":"https:\/\/blogs.hoy.es\/dicestudemili\/wp-json\/wp\/v2\/media?parent=1657"}],"wp:term":[{"taxonomy":"category","embeddable":true,"href":"https:\/\/blogs.hoy.es\/dicestudemili\/wp-json\/wp\/v2\/categories?post=1657"},{"taxonomy":"post_tag","embeddable":true,"href":"https:\/\/blogs.hoy.es\/dicestudemili\/wp-json\/wp\/v2\/tags?post=1657"}],"curies":[{"name":"wp","href":"https:\/\/api.w.org\/{rel}","templated":true}]}}