{"id":166,"date":"2012-11-29T07:48:55","date_gmt":"2012-11-29T07:48:55","guid":{"rendered":"http:\/\/blogs.hoy.es\/dicestudemili\/?p=166"},"modified":"2012-11-29T07:48:55","modified_gmt":"2012-11-29T07:48:55","slug":"1967-soldados-en-la-terraza-del-avenida","status":"publish","type":"post","link":"https:\/\/blogs.hoy.es\/dicestudemili\/2012\/11\/29\/1967-soldados-en-la-terraza-del-avenida\/","title":{"rendered":"1967: Soldados en la terraza del Avenida"},"content":{"rendered":"<div id=\"attachment_168\" style=\"width: 655px\" class=\"wp-caption aligncenter\"><a href=\"\/dicestudemili\/wp-content\/uploads\/sites\/57\/2012\/11\/1972antes1.jpg\"><img aria-describedby=\"caption-attachment-168\" loading=\"lazy\" class=\" wp-image-168  \" title=\"Reclutas tomando cerveza en la famosa terraza del Caf\u00e9 Avenida.\" src=\"\/dicestudemili\/wp-content\/uploads\/sites\/57\/2012\/11\/1972antes1.jpg\" alt=\"Reclutas tomando cerveza en la famosa terraza del Caf\u00e9 Avenida.\" width=\"645\" height=\"637\" srcset=\"https:\/\/static-blogs.hoy.es\/wp-content\/uploads\/sites\/57\/2012\/11\/1972antes1.jpg 1207w, https:\/\/static-blogs.hoy.es\/wp-content\/uploads\/sites\/57\/2012\/11\/1972antes1-300x297.jpg 300w, https:\/\/static-blogs.hoy.es\/wp-content\/uploads\/sites\/57\/2012\/11\/1972antes1-768x760.jpg 768w, https:\/\/static-blogs.hoy.es\/wp-content\/uploads\/sites\/57\/2012\/11\/1972antes1-1024x1013.jpg 1024w\" sizes=\"(max-width: 645px) 100vw, 645px\" \/><\/a><p id=\"caption-attachment-168\" class=\"wp-caption-text\">Reclutas tomando cerveza y leyendo un peri\u00f3dico en la famosa terraza del Caf\u00e9 Avenida.<\/p><\/div>\n<p>Los j\u00f3venes reclutas, con su uniforme militar, comenzaron a formar parte de la imagen de la ciudad de C\u00e1ceres, sobre todo los fines de semana. Uno de los lugares m\u00e1s frecuentados en C\u00e1ceres era la terraza del <strong>Caf\u00e9 Avenida<\/strong>, que estaba en el n\u00famero 7 de la <strong>avenida de Espa\u00f1a<\/strong> (entre la esquina de la avenida Virgen de la Monta\u00f1a y la calle San Ant\u00f3n), en esta imagen del archivo de <strong>Juan Ram\u00f3n Marchena<\/strong>, vemos la terraza llena de soldados.<\/p>\n<p><strong>Germ\u00e1n Sellers<\/strong>, en su libro &#8216;C\u00e1ceres visto por un periodista&#8217;, dej\u00f3 escrito que el Caf\u00e9 Avenida se abri\u00f3 en 1940 y se cerr\u00f3 en julio de 1972. Lo regentaron, primero <strong>Virgilio Alejandre<\/strong> y al final <strong>Carlos Alonso Paniagua<\/strong>. Ten\u00eda orquesta y animadoras y aqu\u00ed hac\u00edan el baile de gala los militares el d\u00eda de su patrona, la Inmaculada Concepci\u00f3n. Su terraza era la m\u00e1s grande de C\u00e1ceres y la \u00faltima en cerrar las noches de verano.<\/p>\n<p>En las siguientes im\u00e1genes se puede ver una fotograf\u00eda de soldados en el interior del CIR, publicada en el libro &#8216;C\u00e1ceres en fotos&#8217; de <strong>Jos\u00e9 Antonio Ramos Rubio<\/strong>, y un recorte del Diario HOY del 8 de agosto de 1967 de la jura de bandera del d\u00eda anterior en la que participaron 2.750 reclutas.<\/p>\n<div id=\"attachment_169\" style=\"width: 548px\" class=\"wp-caption aligncenter\"><a href=\"\/dicestudemili\/wp-content\/uploads\/sites\/57\/2012\/11\/1967-ci.jpg\"><img aria-describedby=\"caption-attachment-169\" loading=\"lazy\" class=\" wp-image-169 \" title=\"En el interior del CIR.\" src=\"\/dicestudemili\/wp-content\/uploads\/sites\/57\/2012\/11\/1967-ci.jpg\" alt=\"En el interior del CIR.\" width=\"538\" height=\"358\" srcset=\"https:\/\/static-blogs.hoy.es\/wp-content\/uploads\/sites\/57\/2012\/11\/1967-ci.jpg 768w, https:\/\/static-blogs.hoy.es\/wp-content\/uploads\/sites\/57\/2012\/11\/1967-ci-300x200.jpg 300w\" sizes=\"(max-width: 538px) 100vw, 538px\" \/><\/a><p id=\"caption-attachment-169\" class=\"wp-caption-text\">En el interior del CIR.<\/p><\/div>\n<p>&nbsp;<\/p>\n<div id=\"attachment_170\" style=\"width: 486px\" class=\"wp-caption aligncenter\"><a href=\"\/dicestudemili\/wp-content\/uploads\/sites\/57\/2012\/11\/1967-8-8-67.jpg\"><img aria-describedby=\"caption-attachment-170\" loading=\"lazy\" class=\" wp-image-170  \" title=\"Recorte del diario HOY de la jura de 2.750 reclutas.\" src=\"\/dicestudemili\/wp-content\/uploads\/sites\/57\/2012\/11\/1967-8-8-67.jpg\" alt=\"Recorte del diario HOY de la jura de 2.750 reclutas.\" width=\"476\" height=\"394\" srcset=\"https:\/\/static-blogs.hoy.es\/wp-content\/uploads\/sites\/57\/2012\/11\/1967-8-8-67.jpg 850w, https:\/\/static-blogs.hoy.es\/wp-content\/uploads\/sites\/57\/2012\/11\/1967-8-8-67-300x248.jpg 300w, https:\/\/static-blogs.hoy.es\/wp-content\/uploads\/sites\/57\/2012\/11\/1967-8-8-67-768x636.jpg 768w\" sizes=\"(max-width: 476px) 100vw, 476px\" \/><\/a><p id=\"caption-attachment-170\" class=\"wp-caption-text\">Recorte del diario HOY de la jura de 2.750 reclutas.<\/p><\/div>\n<!-- AddThis Advanced Settings generic via filter on the_content --><!-- AddThis Share Buttons generic via filter on the_content -->","protected":false},"excerpt":{"rendered":"<p>Los j\u00f3venes reclutas, con su uniforme militar, comenzaron a formar parte de la imagen de la ciudad de C\u00e1ceres, sobre todo los fines de semana. Uno de los lugares m\u00e1s frecuentados en C\u00e1ceres era la terraza del Caf\u00e9 Avenida, que estaba en el n\u00famero 7 de la avenida de Espa\u00f1a (entre la esquina de la [&hellip;]<!-- AddThis Advanced Settings generic via filter on get_the_excerpt --><!-- AddThis Share Buttons generic via filter on get_the_excerpt --><\/p>\n","protected":false},"author":52,"featured_media":0,"comment_status":"open","ping_status":"closed","sticky":false,"template":"","format":"standard","meta":[],"categories":[3],"tags":[198,274,738,1182],"_links":{"self":[{"href":"https:\/\/blogs.hoy.es\/dicestudemili\/wp-json\/wp\/v2\/posts\/166"}],"collection":[{"href":"https:\/\/blogs.hoy.es\/dicestudemili\/wp-json\/wp\/v2\/posts"}],"about":[{"href":"https:\/\/blogs.hoy.es\/dicestudemili\/wp-json\/wp\/v2\/types\/post"}],"author":[{"embeddable":true,"href":"https:\/\/blogs.hoy.es\/dicestudemili\/wp-json\/wp\/v2\/users\/52"}],"replies":[{"embeddable":true,"href":"https:\/\/blogs.hoy.es\/dicestudemili\/wp-json\/wp\/v2\/comments?post=166"}],"version-history":[{"count":0,"href":"https:\/\/blogs.hoy.es\/dicestudemili\/wp-json\/wp\/v2\/posts\/166\/revisions"}],"wp:attachment":[{"href":"https:\/\/blogs.hoy.es\/dicestudemili\/wp-json\/wp\/v2\/media?parent=166"}],"wp:term":[{"taxonomy":"category","embeddable":true,"href":"https:\/\/blogs.hoy.es\/dicestudemili\/wp-json\/wp\/v2\/categories?post=166"},{"taxonomy":"post_tag","embeddable":true,"href":"https:\/\/blogs.hoy.es\/dicestudemili\/wp-json\/wp\/v2\/tags?post=166"}],"curies":[{"name":"wp","href":"https:\/\/api.w.org\/{rel}","templated":true}]}}