{"id":1663,"date":"2013-12-05T07:37:33","date_gmt":"2013-12-05T07:37:33","guid":{"rendered":"http:\/\/blogs.hoy.es\/dicestudemili\/?p=1663"},"modified":"2013-12-05T07:37:33","modified_gmt":"2013-12-05T07:37:33","slug":"2000-siguen-viniendo-reclutas-entre-rumores-sobre-la-desaparicion-de-la-mili","status":"publish","type":"post","link":"https:\/\/blogs.hoy.es\/dicestudemili\/2013\/12\/05\/2000-siguen-viniendo-reclutas-entre-rumores-sobre-la-desaparicion-de-la-mili\/","title":{"rendered":"2000: Siguen viniendo reclutas entre rumores sobre la desaparici\u00f3n de la mili"},"content":{"rendered":"<div id=\"attachment_1664\" style=\"width: 680px\" class=\"wp-caption aligncenter\"><a href=\"\/dicestudemili\/wp-content\/uploads\/sites\/57\/2013\/12\/agos00.jpg\"><img aria-describedby=\"caption-attachment-1664\" loading=\"lazy\" class=\" wp-image-1664 \" title=\"Jura de bandera en C\u00e1ceres en el mes de agosto del 2000.\" src=\"\/dicestudemili\/wp-content\/uploads\/sites\/57\/2013\/12\/agos00.jpg\" alt=\"Jura de bandera en C\u00e1ceres en el mes de agosto del 2000.\" width=\"670\" height=\"449\" srcset=\"https:\/\/static-blogs.hoy.es\/wp-content\/uploads\/sites\/57\/2013\/12\/agos00.jpg 744w, https:\/\/static-blogs.hoy.es\/wp-content\/uploads\/sites\/57\/2013\/12\/agos00-300x201.jpg 300w\" sizes=\"(max-width: 670px) 100vw, 670px\" \/><\/a><p id=\"caption-attachment-1664\" class=\"wp-caption-text\">Jura de bandera en C\u00e1ceres en el mes de agosto del a\u00f1o 2000.<\/p><\/div>\n<p>&nbsp;<\/p>\n<p>En el a\u00f1o 2000 segu\u00edan viniendo al <strong>Campamento Santa Ana<\/strong> de C\u00e1ceres j\u00f3venes para hacer el servicio militar obligatorio, compartiendo las instalaciones del <strong>CIMOV<\/strong> con cada vez m\u00e1s hombres y mujeres que se formaban para ser soldados profesionales.<\/p>\n<p>En las juras de bandera predominaban los soldados profesionales. En la del <strong>19 de febrero de 2000<\/strong>\u00a0prometieron defender a Espa\u00f1a y a los espa\u00f1oles 1.110 soldados profesionales, en la del <strong>18 de marzo<\/strong> lo hicieron 890 de reemplazo; en la jura del <strong>3 de junio<\/strong>\u00a0participaron 1.465 soldados profesionales, el <strong>12 de agosto<\/strong> fueron 663 militares profesionales, y el <strong>11 de noviembre<\/strong> participaron en la jura 489 los soldados tambi\u00e9n profesionales.<\/p>\n<p>Los reclutas llegaban este a\u00f1o a C\u00e1ceres cuando arreciaban los rumores de la desaparici\u00f3n de la mili. En el mes de marzo, en plena campa\u00f1a electoral, el <strong>PSOE<\/strong> prometi\u00f3 acabar con la mili el <strong>31 de diciembre del 2000<\/strong>, propuesta a la que se uni\u00f3 <strong>Izquierda Unida<\/strong> y <strong>Convergencia i Uni\u00f3<\/strong>. El <strong>PP<\/strong> hab\u00eda puesto como fecha para terminar el servicio militar obligatorio el <strong>31 de diciembre de 2002<\/strong>. Al final, las elecciones las gan\u00f3 <strong>Jos\u00e9 Mar\u00eda Aznar<\/strong>, y su gobierno del PP suspendi\u00f3 la prestaci\u00f3n del servicio militar el <strong>31 de diciembre de 2001<\/strong>.<\/p>\n<p>Las siguientes im\u00e1genes del <strong>Diario HOY<\/strong> son de la jura de bandera del <strong>3 de junio del 2000<\/strong>. Participaron en el acto militar 1.465 soldados profesionales. De ellos, 399 proced\u00edan de <strong>Madrid<\/strong>, 327 de <strong>Castilla y Le\u00f3n<\/strong>, 316 de<strong> Extremadura<\/strong>, 150 de <strong>Castilla-La Mancha<\/strong>, 132 de <strong>Andaluc\u00eda<\/strong>, 38 de <strong>Valencia<\/strong>, 22 de <strong>Asturias<\/strong> y 20 de<strong> Galic\u00eda<\/strong>. Fueron destinados a unidades ubicadas en <strong>Badajoz<\/strong>, <strong>Salamanca<\/strong>, <strong>Le\u00f3n<\/strong> y <strong>Madrid<\/strong>.<\/p>\n<p>&nbsp;<\/p>\n<div id=\"attachment_1666\" style=\"width: 683px\" class=\"wp-caption aligncenter\"><a href=\"\/dicestudemili\/wp-content\/uploads\/sites\/57\/2013\/12\/jun00.jpg\"><img aria-describedby=\"caption-attachment-1666\" loading=\"lazy\" class=\" wp-image-1666 \" title=\"La de junio del 2000 fue una de las juras con m\u00e1s soldados de este a\u00f1o.\" src=\"\/dicestudemili\/wp-content\/uploads\/sites\/57\/2013\/12\/jun00.jpg\" alt=\"La de junio del 2000 fue una de las juras con m\u00e1s soldados de este a\u00f1o.\" width=\"673\" height=\"464\" srcset=\"https:\/\/static-blogs.hoy.es\/wp-content\/uploads\/sites\/57\/2013\/12\/jun00.jpg 748w, https:\/\/static-blogs.hoy.es\/wp-content\/uploads\/sites\/57\/2013\/12\/jun00-300x207.jpg 300w\" sizes=\"(max-width: 673px) 100vw, 673px\" \/><\/a><p id=\"caption-attachment-1666\" class=\"wp-caption-text\">La de junio del 2000 fue una de las juras con m\u00e1s soldados de ese a\u00f1o.<\/p><\/div>\n<p>&nbsp;<\/p>\n<div id=\"attachment_1667\" style=\"width: 641px\" class=\"wp-caption aligncenter\"><a href=\"\/dicestudemili\/wp-content\/uploads\/sites\/57\/2013\/12\/junio100.jpg\"><img aria-describedby=\"caption-attachment-1667\" loading=\"lazy\" class=\" wp-image-1667  \" title=\"La mayor\u00eda eran de las comunidades aut\u00f3nomas de Madrid y Castilla y Le\u00f3n.\" src=\"\/dicestudemili\/wp-content\/uploads\/sites\/57\/2013\/12\/junio100.jpg\" alt=\"La mayor\u00eda eran de las comunidades aut\u00f3nomas de Madrid y Castilla y Le\u00f3n.\" width=\"631\" height=\"438\" srcset=\"https:\/\/static-blogs.hoy.es\/wp-content\/uploads\/sites\/57\/2013\/12\/junio100.jpg 779w, https:\/\/static-blogs.hoy.es\/wp-content\/uploads\/sites\/57\/2013\/12\/junio100-300x208.jpg 300w, https:\/\/static-blogs.hoy.es\/wp-content\/uploads\/sites\/57\/2013\/12\/junio100-768x533.jpg 768w\" sizes=\"(max-width: 631px) 100vw, 631px\" \/><\/a><p id=\"caption-attachment-1667\" class=\"wp-caption-text\">La mayor\u00eda eran de las comunidades aut\u00f3nomas de Madrid y Castilla y Le\u00f3n.<\/p><\/div>\n<p>&nbsp;<\/p>\n<div id=\"attachment_1668\" style=\"width: 640px\" class=\"wp-caption aligncenter\"><a href=\"\/dicestudemili\/wp-content\/uploads\/sites\/57\/2013\/12\/junio200.jpg\"><img aria-describedby=\"caption-attachment-1668\" loading=\"lazy\" class=\" wp-image-1668  \" title=\"Fueron destinados a Badajoz, Salamanca, Le\u00f3n y Madrid.\" src=\"\/dicestudemili\/wp-content\/uploads\/sites\/57\/2013\/12\/junio200.jpg\" alt=\"Fueron destinados a Badajoz, Salamanca, Le\u00f3n y Madrid.\" width=\"630\" height=\"416\" srcset=\"https:\/\/static-blogs.hoy.es\/wp-content\/uploads\/sites\/57\/2013\/12\/junio200.jpg 778w, https:\/\/static-blogs.hoy.es\/wp-content\/uploads\/sites\/57\/2013\/12\/junio200-300x198.jpg 300w, https:\/\/static-blogs.hoy.es\/wp-content\/uploads\/sites\/57\/2013\/12\/junio200-768x506.jpg 768w\" sizes=\"(max-width: 630px) 100vw, 630px\" \/><\/a><p id=\"caption-attachment-1668\" class=\"wp-caption-text\">Fueron destinados a Badajoz, Salamanca, Le\u00f3n y Madrid.<\/p><\/div>\n<p>&nbsp;<\/p>\n<div id=\"attachment_1669\" style=\"width: 598px\" class=\"wp-caption aligncenter\"><a href=\"\/dicestudemili\/wp-content\/uploads\/sites\/57\/2013\/12\/junio400.jpg\"><img aria-describedby=\"caption-attachment-1669\" loading=\"lazy\" class=\"size-full wp-image-1669\" title=\"Una de las nuevas mujeres soldado que participaron en el acto militar.\" src=\"\/dicestudemili\/wp-content\/uploads\/sites\/57\/2013\/12\/junio400.jpg\" alt=\"Una de las nuevas mujeres soldado que participaron en el acto militar.\" width=\"588\" height=\"895\" srcset=\"https:\/\/static-blogs.hoy.es\/wp-content\/uploads\/sites\/57\/2013\/12\/junio400.jpg 588w, https:\/\/static-blogs.hoy.es\/wp-content\/uploads\/sites\/57\/2013\/12\/junio400-197x300.jpg 197w\" sizes=\"(max-width: 588px) 100vw, 588px\" \/><\/a><p id=\"caption-attachment-1669\" class=\"wp-caption-text\">Una de las nuevas mujeres soldado que participaron en el acto militar.<\/p><\/div>\n<p>&nbsp;<\/p>\n<div id=\"attachment_1670\" style=\"width: 555px\" class=\"wp-caption aligncenter\"><a href=\"\/dicestudemili\/wp-content\/uploads\/sites\/57\/2013\/12\/junio500.jpg\"><img aria-describedby=\"caption-attachment-1670\" loading=\"lazy\" class=\"size-full wp-image-1670\" title=\"Las im\u00e1genes de esta jura son del fot\u00f3grafo del Diario HOY Lorenzo Cordero.\" src=\"\/dicestudemili\/wp-content\/uploads\/sites\/57\/2013\/12\/junio500.jpg\" alt=\"Las im\u00e1genes de esta jura son del fot\u00f3grafo del Diario HOY Lorenzo Cordero.\" width=\"545\" height=\"852\" srcset=\"https:\/\/static-blogs.hoy.es\/wp-content\/uploads\/sites\/57\/2013\/12\/junio500.jpg 545w, https:\/\/static-blogs.hoy.es\/wp-content\/uploads\/sites\/57\/2013\/12\/junio500-192x300.jpg 192w\" sizes=\"(max-width: 545px) 100vw, 545px\" \/><\/a><p id=\"caption-attachment-1670\" class=\"wp-caption-text\">Las im\u00e1genes de esta jura de bandera son del fot\u00f3grafo del Diario HOY Lorenzo Cordero.<\/p><\/div>\n<p>&nbsp;<\/p>\n<!-- AddThis Advanced Settings generic via filter on the_content --><!-- AddThis Share Buttons generic via filter on the_content -->","protected":false},"excerpt":{"rendered":"<p>&nbsp; En el a\u00f1o 2000 segu\u00edan viniendo al Campamento Santa Ana de C\u00e1ceres j\u00f3venes para hacer el servicio militar obligatorio, compartiendo las instalaciones del CIMOV con cada vez m\u00e1s hombres y mujeres que se formaban para ser soldados profesionales. En las juras de bandera predominaban los soldados profesionales. En la del 19 de febrero de [&hellip;]<!-- AddThis Advanced Settings generic via filter on get_the_excerpt --><!-- AddThis Share Buttons generic via filter on get_the_excerpt --><\/p>\n","protected":false},"author":52,"featured_media":0,"comment_status":"open","ping_status":"closed","sticky":false,"template":"","format":"standard","meta":[],"categories":[3],"tags":[195,698,747,767,842],"_links":{"self":[{"href":"https:\/\/blogs.hoy.es\/dicestudemili\/wp-json\/wp\/v2\/posts\/1663"}],"collection":[{"href":"https:\/\/blogs.hoy.es\/dicestudemili\/wp-json\/wp\/v2\/posts"}],"about":[{"href":"https:\/\/blogs.hoy.es\/dicestudemili\/wp-json\/wp\/v2\/types\/post"}],"author":[{"embeddable":true,"href":"https:\/\/blogs.hoy.es\/dicestudemili\/wp-json\/wp\/v2\/users\/52"}],"replies":[{"embeddable":true,"href":"https:\/\/blogs.hoy.es\/dicestudemili\/wp-json\/wp\/v2\/comments?post=1663"}],"version-history":[{"count":0,"href":"https:\/\/blogs.hoy.es\/dicestudemili\/wp-json\/wp\/v2\/posts\/1663\/revisions"}],"wp:attachment":[{"href":"https:\/\/blogs.hoy.es\/dicestudemili\/wp-json\/wp\/v2\/media?parent=1663"}],"wp:term":[{"taxonomy":"category","embeddable":true,"href":"https:\/\/blogs.hoy.es\/dicestudemili\/wp-json\/wp\/v2\/categories?post=1663"},{"taxonomy":"post_tag","embeddable":true,"href":"https:\/\/blogs.hoy.es\/dicestudemili\/wp-json\/wp\/v2\/tags?post=1663"}],"curies":[{"name":"wp","href":"https:\/\/api.w.org\/{rel}","templated":true}]}}