{"id":1672,"date":"2013-12-13T08:13:08","date_gmt":"2013-12-13T08:13:08","guid":{"rendered":"http:\/\/blogs.hoy.es\/dicestudemili\/?p=1672"},"modified":"2013-12-13T08:13:08","modified_gmt":"2013-12-13T08:13:08","slug":"2000-2-una-jura-emotiva-y-los-uniformes-robados","status":"publish","type":"post","link":"https:\/\/blogs.hoy.es\/dicestudemili\/2013\/12\/13\/2000-2-una-jura-emotiva-y-los-uniformes-robados\/","title":{"rendered":"2000 (2): Una jura emotiva y los uniformes robados"},"content":{"rendered":"<p>En la jura de bandera del <strong>19 de febrero del a\u00f1o 2000<\/strong> se vivi\u00f3 un momento de especial emoci\u00f3n cuando el coronel jefe del CIMOV, <strong>Vicente Gonzalvo<\/strong>, entreg\u00f3 a la madre del <strong>cabo primero Juan Blas Garc\u00eda Redondo<\/strong>, la Cruz al M\u00e9rito Militar con distintivo amarillo, concedida a t\u00edtulo p\u00f3stumo a su hijo.<\/p>\n<p>&nbsp;<\/p>\n<div id=\"attachment_1673\" style=\"width: 554px\" class=\"wp-caption alignright\"><a href=\"\/dicestudemili\/wp-content\/uploads\/sites\/57\/2013\/12\/dos.jpg\"><img aria-describedby=\"caption-attachment-1673\" loading=\"lazy\" class=\" wp-image-1673 \" title=\"La madre de Blas Garc\u00eda recibiendo la medalla concedida a su hijo.\" src=\"\/dicestudemili\/wp-content\/uploads\/sites\/57\/2013\/12\/dos.jpg\" alt=\"La madre de Blas Garc\u00eda recibiendo la medalla concedida a su hijo.\" width=\"544\" height=\"378\" srcset=\"https:\/\/static-blogs.hoy.es\/wp-content\/uploads\/sites\/57\/2013\/12\/dos.jpg 680w, https:\/\/static-blogs.hoy.es\/wp-content\/uploads\/sites\/57\/2013\/12\/dos-300x208.jpg 300w\" sizes=\"(max-width: 544px) 100vw, 544px\" \/><\/a><p id=\"caption-attachment-1673\" class=\"wp-caption-text\">La madre de Blas Garc\u00eda recibiendo la medalla concedida a su hijo.<\/p><\/div>\n<p>&nbsp;<\/p>\n<p>&nbsp;<\/p>\n<p>&nbsp;<\/p>\n<p>&nbsp;<\/p>\n<p>&nbsp;<\/p>\n<p>&nbsp;<\/p>\n<p>&nbsp;<\/p>\n<p>&nbsp;<\/p>\n<p>&nbsp;<\/p>\n<p>&nbsp;<\/p>\n<p>&nbsp;<\/p>\n<p>&nbsp;<\/p>\n<p>&nbsp;<\/p>\n<p>&nbsp;<\/p>\n<p>&nbsp;<\/p>\n<p>&nbsp;<\/p>\n<p>Juan Blas Garc\u00eda, que hab\u00eda comenzado su carrera militar en el CIMOV de C\u00e1ceres, <strong>hab\u00eda fallecido a finales de enero de 1999 en los Pirineos<\/strong>, en unas pr\u00e1cticas militares que estaba haciendo con la secci\u00f3n de Monta\u00f1a a la que pertenec\u00eda. Estaba destinado en el <strong>cuartel de Alzo\u00e1in<\/strong>, a pocos kil\u00f3metros de Pamplona. El cabo primero pas\u00f3 por una sima (cavidad profunda en la tierra) que estaba cubierta por la nieve. El suelo cedi\u00f3 a sus pies y se precipit\u00f3 en el vac\u00edo, a una profundidad de 170 metros. Era natural de <strong>Miajadas<\/strong> y un mes antes de su muerte hab\u00eda estado en el CIMOV cacere\u00f1o presenciando la jura de bandera de su hermano peque\u00f1o que estaba haciendo el servicio militar.<\/p>\n<p>En la jura de bandera en la que entregaron la medalla a la madre del cabo Blas Garc\u00eda, participaron 1.118 soldados profesionales, adem\u00e1s de 9 civiles. Se entreg\u00f3 un diploma al alumno que hab\u00eda obtenido el n\u00famero uno: <strong>Juan J. Pascual Garc\u00eda<\/strong>.<\/p>\n<p>&nbsp;<\/p>\n<div id=\"attachment_1674\" style=\"width: 521px\" class=\"wp-caption alignleft\"><a href=\"\/dicestudemili\/wp-content\/uploads\/sites\/57\/2013\/12\/uno.jpg\"><img aria-describedby=\"caption-attachment-1674\" loading=\"lazy\" class=\" wp-image-1674 \" title=\"Jura de bandera del 19 de febrero de 2000.\" src=\"\/dicestudemili\/wp-content\/uploads\/sites\/57\/2013\/12\/uno.jpg\" alt=\"Jura de bandera del 19 de febrero de 2000.\" width=\"511\" height=\"398\" srcset=\"https:\/\/static-blogs.hoy.es\/wp-content\/uploads\/sites\/57\/2013\/12\/uno.jpg 639w, https:\/\/static-blogs.hoy.es\/wp-content\/uploads\/sites\/57\/2013\/12\/uno-300x234.jpg 300w\" sizes=\"(max-width: 511px) 100vw, 511px\" \/><\/a><p id=\"caption-attachment-1674\" class=\"wp-caption-text\">Jura de bandera del 19 de febrero de 2000.<\/p><\/div>\n<p>&nbsp;<\/p>\n<p>&nbsp;<\/p>\n<p>&nbsp;<\/p>\n<p>&nbsp;<\/p>\n<p>&nbsp;<\/p>\n<p>&nbsp;<\/p>\n<p>&nbsp;<\/p>\n<p>&nbsp;<\/p>\n<p>&nbsp;<\/p>\n<p>&nbsp;<\/p>\n<p>&nbsp;<\/p>\n<p>&nbsp;<\/p>\n<p>&nbsp;<\/p>\n<p>&nbsp;<\/p>\n<p>&nbsp;<\/p>\n<p>&nbsp;<\/p>\n<p>&nbsp;<\/p>\n<p>En la jura de bandera del <strong>18 de marzo del 2000<\/strong>, llam\u00f3 la atenci\u00f3n que junto a los 890 militares de reemplazo, juraron bandera 28 alumnos y 8 profesores del <strong>centro de educaci\u00f3n especial PROA<\/strong> de C\u00e1ceres.<\/p>\n<p>La siguiente imagen fue tomada el <strong>27 de septiembre del 2000<\/strong>, con motivo de la bienvenida que realiz\u00f3 el Ayuntamiento a representantes de nuevos soldados que se hab\u00edan incorporado al CIMOV. Les recibi\u00f3 el entonces teniente de alcalde <strong>Teodoro Casado<\/strong> y el <strong>concejal Raimundo Holgado<\/strong>.<\/p>\n<p>&nbsp;<\/p>\n<div id=\"attachment_1676\" style=\"width: 700px\" class=\"wp-caption alignleft\"><a href=\"\/dicestudemili\/wp-content\/uploads\/sites\/57\/2013\/12\/Tres.jpg\"><img aria-describedby=\"caption-attachment-1676\" loading=\"lazy\" class=\" wp-image-1676  \" title=\"Bienvenida a soldados en el Ayuntamiento.\" src=\"\/dicestudemili\/wp-content\/uploads\/sites\/57\/2013\/12\/Tres.jpg\" alt=\"Bienvenida a soldados en el Ayuntamiento.\" width=\"690\" height=\"369\" srcset=\"https:\/\/static-blogs.hoy.es\/wp-content\/uploads\/sites\/57\/2013\/12\/Tres.jpg 852w, https:\/\/static-blogs.hoy.es\/wp-content\/uploads\/sites\/57\/2013\/12\/Tres-300x161.jpg 300w, https:\/\/static-blogs.hoy.es\/wp-content\/uploads\/sites\/57\/2013\/12\/Tres-768x411.jpg 768w\" sizes=\"(max-width: 690px) 100vw, 690px\" \/><\/a><p id=\"caption-attachment-1676\" class=\"wp-caption-text\">Bienvenida a soldados en el Ayuntamiento.<\/p><\/div>\n<p><span style=\"font-size: 13px;\">A finales de octubre fue noticia en los medios de comunicaci\u00f3n de Extremadura que se hab\u00eda condenado a un exsoldado que hab\u00eda comprado por menos de 5.000 pesetas (30 euros) un uniforme robado a un teniente. Se supo que en las navidades del a\u00f1o 1999, entre el 23 de diciembre \u00a0de 1999 y el 4 de enero del 2000, un individuo o varios hab\u00edan forzado varias taquillas de personal militar de CIMOV de C\u00e1ceres y <strong>hab\u00edan robado varias prendas de vestir valoradas en 300.000 pesetas (1.800 euros)<\/strong>. Una de las prendas robadas era un uniforme completo de paseo que pertenec\u00eda a un teniente de Artiller\u00eda destinado en el CIMOV. El uniforme ten\u00eda camisa blanca, corbata negra y un ce\u00f1idor de gala. Este uniforme fue encontrado en poder de un joven de 22 a\u00f1os, exsoldado. Declar\u00f3 que \u00e9l no hab\u00eda robado el uniforme pero s\u00ed hab\u00eda pagado por el mismo menos de 5.000 pesetas. Fue condenado a seis meses de prisi\u00f3n por cometer un delito de receptaci\u00f3n, comprar algo sabiendo que es robado.<\/span><\/p>\n<p>La siguiente imagen es de la entrada del CIMOV en el a\u00f1o 2000.<\/p>\n<p>&nbsp;<\/p>\n<div id=\"attachment_1677\" style=\"width: 664px\" class=\"wp-caption aligncenter\"><a href=\"\/dicestudemili\/wp-content\/uploads\/sites\/57\/2013\/12\/Cuatro.jpg\"><img aria-describedby=\"caption-attachment-1677\" loading=\"lazy\" class=\"wp-image-1677 \" title=\"Entrada del CIMOV.\" src=\"\/dicestudemili\/wp-content\/uploads\/sites\/57\/2013\/12\/Cuatro.jpg\" alt=\"Entrada del CIMOV.\" width=\"654\" height=\"443\" srcset=\"https:\/\/static-blogs.hoy.es\/wp-content\/uploads\/sites\/57\/2013\/12\/Cuatro.jpg 727w, https:\/\/static-blogs.hoy.es\/wp-content\/uploads\/sites\/57\/2013\/12\/Cuatro-300x203.jpg 300w\" sizes=\"(max-width: 654px) 100vw, 654px\" \/><\/a><p id=\"caption-attachment-1677\" class=\"wp-caption-text\">Entrada del CIMOV (Centro de Instrucci\u00f3n y Movilizaci\u00f3n)<\/p><\/div>\n<p>&nbsp;<\/p>\n<p>Las siguientes tres im\u00e1genes fueron tomadas en la fiesta de la Inmaculada, el <strong>8 de diciembre del 2000<\/strong>.<\/p>\n<p>&nbsp;<\/p>\n<div id=\"attachment_1678\" style=\"width: 743px\" class=\"wp-caption alignleft\"><a href=\"\/dicestudemili\/wp-content\/uploads\/sites\/57\/2013\/12\/cincoinma00.jpg\"><img aria-describedby=\"caption-attachment-1678\" loading=\"lazy\" class=\" wp-image-1678 \" title=\"Intervenci\u00f3n del coronel Vicente Gonzalvo.\" src=\"\/dicestudemili\/wp-content\/uploads\/sites\/57\/2013\/12\/cincoinma00.jpg\" alt=\"Intervenci\u00f3n del coronel Vicente Gonzalvo.\" width=\"733\" height=\"484\" srcset=\"https:\/\/static-blogs.hoy.es\/wp-content\/uploads\/sites\/57\/2013\/12\/cincoinma00.jpg 814w, https:\/\/static-blogs.hoy.es\/wp-content\/uploads\/sites\/57\/2013\/12\/cincoinma00-300x198.jpg 300w, https:\/\/static-blogs.hoy.es\/wp-content\/uploads\/sites\/57\/2013\/12\/cincoinma00-768x508.jpg 768w\" sizes=\"(max-width: 733px) 100vw, 733px\" \/><\/a><p id=\"caption-attachment-1678\" class=\"wp-caption-text\">Intervenci\u00f3n del coronel Vicente Gonzalvo.<\/p><\/div>\n<p>&nbsp;<\/p>\n<p>&nbsp;<\/p>\n<div id=\"attachment_1679\" style=\"width: 799px\" class=\"wp-caption aligncenter\"><a href=\"\/dicestudemili\/wp-content\/uploads\/sites\/57\/2013\/12\/seisinma3.jpg\"><img aria-describedby=\"caption-attachment-1679\" loading=\"lazy\" class=\"size-full wp-image-1679\" title=\"Desfile en el interior del CIMOV.\" src=\"\/dicestudemili\/wp-content\/uploads\/sites\/57\/2013\/12\/seisinma3.jpg\" alt=\"Desfile en el interior del CIMOV.\" width=\"789\" height=\"522\" srcset=\"https:\/\/static-blogs.hoy.es\/wp-content\/uploads\/sites\/57\/2013\/12\/seisinma3.jpg 789w, https:\/\/static-blogs.hoy.es\/wp-content\/uploads\/sites\/57\/2013\/12\/seisinma3-300x198.jpg 300w, https:\/\/static-blogs.hoy.es\/wp-content\/uploads\/sites\/57\/2013\/12\/seisinma3-768x508.jpg 768w\" sizes=\"(max-width: 789px) 100vw, 789px\" \/><\/a><p id=\"caption-attachment-1679\" class=\"wp-caption-text\">Desfile en el interior del CIMOV.<\/p><\/div>\n<p>&nbsp;<\/p>\n<div id=\"attachment_1680\" style=\"width: 781px\" class=\"wp-caption aligncenter\"><a href=\"\/dicestudemili\/wp-content\/uploads\/sites\/57\/2013\/12\/sieteinmaculada00.jpg\"><img aria-describedby=\"caption-attachment-1680\" loading=\"lazy\" class=\"size-full wp-image-1680\" title=\"Homenaje a los ca\u00eddos.\" src=\"\/dicestudemili\/wp-content\/uploads\/sites\/57\/2013\/12\/sieteinmaculada00.jpg\" alt=\"Homenaje a los ca\u00eddos.\" width=\"771\" height=\"477\" srcset=\"https:\/\/static-blogs.hoy.es\/wp-content\/uploads\/sites\/57\/2013\/12\/sieteinmaculada00.jpg 771w, https:\/\/static-blogs.hoy.es\/wp-content\/uploads\/sites\/57\/2013\/12\/sieteinmaculada00-300x186.jpg 300w, https:\/\/static-blogs.hoy.es\/wp-content\/uploads\/sites\/57\/2013\/12\/sieteinmaculada00-768x475.jpg 768w\" sizes=\"(max-width: 771px) 100vw, 771px\" \/><\/a><p id=\"caption-attachment-1680\" class=\"wp-caption-text\">Homenaje a los ca\u00eddos.<\/p><\/div>\n<p>&nbsp;<\/p>\n<!-- AddThis Advanced Settings generic via filter on the_content --><!-- AddThis Share Buttons generic via filter on the_content -->","protected":false},"excerpt":{"rendered":"<p>En la jura de bandera del 19 de febrero del a\u00f1o 2000 se vivi\u00f3 un momento de especial emoci\u00f3n cuando el coronel jefe del CIMOV, Vicente Gonzalvo, entreg\u00f3 a la madre del cabo primero Juan Blas Garc\u00eda Redondo, la Cruz al M\u00e9rito Militar con distintivo amarillo, concedida a t\u00edtulo p\u00f3stumo a su hijo. &nbsp; &nbsp; [&hellip;]<!-- AddThis Advanced Settings generic via filter on get_the_excerpt --><!-- AddThis Share Buttons generic via filter on get_the_excerpt --><\/p>\n","protected":false},"author":52,"featured_media":0,"comment_status":"open","ping_status":"closed","sticky":false,"template":"","format":"standard","meta":[],"categories":[3],"tags":[181,195,405,618,737,832,842,940,952,987,1134,1161],"_links":{"self":[{"href":"https:\/\/blogs.hoy.es\/dicestudemili\/wp-json\/wp\/v2\/posts\/1672"}],"collection":[{"href":"https:\/\/blogs.hoy.es\/dicestudemili\/wp-json\/wp\/v2\/posts"}],"about":[{"href":"https:\/\/blogs.hoy.es\/dicestudemili\/wp-json\/wp\/v2\/types\/post"}],"author":[{"embeddable":true,"href":"https:\/\/blogs.hoy.es\/dicestudemili\/wp-json\/wp\/v2\/users\/52"}],"replies":[{"embeddable":true,"href":"https:\/\/blogs.hoy.es\/dicestudemili\/wp-json\/wp\/v2\/comments?post=1672"}],"version-history":[{"count":0,"href":"https:\/\/blogs.hoy.es\/dicestudemili\/wp-json\/wp\/v2\/posts\/1672\/revisions"}],"wp:attachment":[{"href":"https:\/\/blogs.hoy.es\/dicestudemili\/wp-json\/wp\/v2\/media?parent=1672"}],"wp:term":[{"taxonomy":"category","embeddable":true,"href":"https:\/\/blogs.hoy.es\/dicestudemili\/wp-json\/wp\/v2\/categories?post=1672"},{"taxonomy":"post_tag","embeddable":true,"href":"https:\/\/blogs.hoy.es\/dicestudemili\/wp-json\/wp\/v2\/tags?post=1672"}],"curies":[{"name":"wp","href":"https:\/\/api.w.org\/{rel}","templated":true}]}}