{"id":1685,"date":"2013-12-20T12:08:42","date_gmt":"2013-12-20T12:08:42","guid":{"rendered":"http:\/\/blogs.hoy.es\/dicestudemili\/?p=1685"},"modified":"2013-12-20T12:08:42","modified_gmt":"2013-12-20T12:08:42","slug":"imagenes-cedidas-por-el-fotografo-juan-guerrero-a-dices-tu-de-mili","status":"publish","type":"post","link":"https:\/\/blogs.hoy.es\/dicestudemili\/2013\/12\/20\/imagenes-cedidas-por-el-fotografo-juan-guerrero-a-dices-tu-de-mili\/","title":{"rendered":"Im\u00e1genes cedidas por el fot\u00f3grafo Juan Guerrero a &#039;Dices t\u00fa de mili&#039;"},"content":{"rendered":"<div id=\"attachment_1686\" style=\"width: 464px\" class=\"wp-caption alignleft\"><a href=\"\/dicestudemili\/wp-content\/uploads\/sites\/57\/2013\/12\/img852.jpg\"><img aria-describedby=\"caption-attachment-1686\" loading=\"lazy\" class=\" wp-image-1686 \" title=\"Juan Guerrero.\" src=\"\/dicestudemili\/wp-content\/uploads\/sites\/57\/2013\/12\/img852.jpg\" alt=\"Juan Guerrero.\" width=\"454\" height=\"614\" srcset=\"https:\/\/static-blogs.hoy.es\/wp-content\/uploads\/sites\/57\/2013\/12\/img852.jpg 843w, https:\/\/static-blogs.hoy.es\/wp-content\/uploads\/sites\/57\/2013\/12\/img852-222x300.jpg 222w, https:\/\/static-blogs.hoy.es\/wp-content\/uploads\/sites\/57\/2013\/12\/img852-768x1039.jpg 768w, https:\/\/static-blogs.hoy.es\/wp-content\/uploads\/sites\/57\/2013\/12\/img852-757x1024.jpg 757w\" sizes=\"(max-width: 454px) 100vw, 454px\" \/><\/a><p id=\"caption-attachment-1686\" class=\"wp-caption-text\">Juan Guerrero.<\/p><\/div>\n<p><strong>El pasado 18 de diciembre falleci\u00f3 a los 79 a\u00f1os de edad Juan Guerrero<\/strong>, d\u00e9cano de los fot\u00f3grafos de prensa cacere\u00f1os, que durante casi seis d\u00e9cadas ha realizado fotos de casi todo cuanto ocurr\u00eda en C\u00e1ceres.<\/p>\n<p>\u00c9l aseguraba que estuvo haciendo fotograf\u00edas en el Centro de Instrucci\u00f3n de Reclutas de C\u00e1ceres durante 32 a\u00f1os, desde 1969 al a\u00f1o 2001. A Juan Guerrero le gustaba decir que el CIR, &#8220;<em>ha sido la mejor industria que hab\u00eda en C\u00e1ceres, s\u00f3lo hay que ver el dinero que dejaban los reclutas en los bares, en las discotecas, en los taxis, o en los resturantes cuando ven\u00edan sus familias a las juras de bandera<\/em>&#8220;.<\/p>\n<p>Cuando empezamos a realizar este blog, \u00e9l, con su reconocida amabilidad, nos envi\u00f3 varias fotograf\u00edas del CIR para publicarlas.<\/p>\n<p>&nbsp;<\/p>\n<p>&nbsp;<\/p>\n<p>&nbsp;<\/p>\n<p>&nbsp;<\/p>\n<p>&nbsp;<\/p>\n<p>&nbsp;<\/p>\n<p>&nbsp;<\/p>\n<p>&nbsp;<\/p>\n<p>Nos mand\u00f3 cinco im\u00e1genes de los <strong>paracaidistas<\/strong> que en el a\u00f1o <strong>1968<\/strong> ven\u00edan a realizar saltos a C\u00e1ceres, para intetar captar a reclutas. &#8220;<em>Las demostraciones de los saltos<\/em> &#8211; comentaba -, <em>se hac\u00edan los s\u00e1bados por la ma\u00f1ana y ven\u00eda mucha gente de C\u00e1ceres a verlos. Los paracaidistas eran de <strong>Murcia<\/strong>, de la base militar de <strong>Alcantarilla<\/strong>. En las fotos, el periodista que est\u00e1 tomando notas era <strong>Enrique Romero<\/strong>, reportero del <strong>Diario HOY<\/strong><\/em>&#8220;.<\/p>\n<p>&nbsp;<\/p>\n<div id=\"attachment_1688\" style=\"width: 652px\" class=\"wp-caption aligncenter\"><a href=\"\/dicestudemili\/wp-content\/uploads\/sites\/57\/2013\/12\/enrique.jpg\"><img aria-describedby=\"caption-attachment-1688\" loading=\"lazy\" class=\"wp-image-1688   \" title=\"Los saltos de paracaidistas se hac\u00edan los s\u00e1bados.\" src=\"\/dicestudemili\/wp-content\/uploads\/sites\/57\/2013\/12\/enrique.jpg\" alt=\"Los saltos de paracaidistas se hac\u00edan los s\u00e1bados.\" width=\"642\" height=\"435\" srcset=\"https:\/\/static-blogs.hoy.es\/wp-content\/uploads\/sites\/57\/2013\/12\/enrique.jpg 1000w, https:\/\/static-blogs.hoy.es\/wp-content\/uploads\/sites\/57\/2013\/12\/enrique-300x203.jpg 300w, https:\/\/static-blogs.hoy.es\/wp-content\/uploads\/sites\/57\/2013\/12\/enrique-768x520.jpg 768w\" sizes=\"(max-width: 642px) 100vw, 642px\" \/><\/a><p id=\"caption-attachment-1688\" class=\"wp-caption-text\">Los saltos de paracaidistas se hac\u00edan los s\u00e1bados.<\/p><\/div>\n<p>&nbsp;<\/p>\n<div id=\"attachment_1689\" style=\"width: 673px\" class=\"wp-caption aligncenter\"><a href=\"\/dicestudemili\/wp-content\/uploads\/sites\/57\/2013\/12\/enrique2.jpg\"><img aria-describedby=\"caption-attachment-1689\" loading=\"lazy\" class=\" wp-image-1689   \" title=\"Paracaidistas en formaci\u00f3n tras realizar los saltos.\" src=\"\/dicestudemili\/wp-content\/uploads\/sites\/57\/2013\/12\/enrique2.jpg\" alt=\"Paracaidistas en formaci\u00f3n tras realizar los saltos.\" width=\"663\" height=\"440\" srcset=\"https:\/\/static-blogs.hoy.es\/wp-content\/uploads\/sites\/57\/2013\/12\/enrique2.jpg 1228w, https:\/\/static-blogs.hoy.es\/wp-content\/uploads\/sites\/57\/2013\/12\/enrique2-300x199.jpg 300w, https:\/\/static-blogs.hoy.es\/wp-content\/uploads\/sites\/57\/2013\/12\/enrique2-768x510.jpg 768w, https:\/\/static-blogs.hoy.es\/wp-content\/uploads\/sites\/57\/2013\/12\/enrique2-1024x680.jpg 1024w\" sizes=\"(max-width: 663px) 100vw, 663px\" \/><\/a><p id=\"caption-attachment-1689\" class=\"wp-caption-text\">Paracaidistas en formaci\u00f3n tras realizar los saltos.<\/p><\/div>\n<p>&nbsp;<\/p>\n<div id=\"attachment_1690\" style=\"width: 673px\" class=\"wp-caption aligncenter\"><a href=\"\/dicestudemili\/wp-content\/uploads\/sites\/57\/2013\/12\/Enrique-Romero-entrevistando-al-Teniente-despues-del-Santo.jpg\"><img aria-describedby=\"caption-attachment-1690\" loading=\"lazy\" class=\" wp-image-1690   \" title=\"Enrique Romero entrevistando al teniente de los paracaidistas despu\u00e9s de los saltos.\" src=\"\/dicestudemili\/wp-content\/uploads\/sites\/57\/2013\/12\/Enrique-Romero-entrevistando-al-Teniente-despues-del-Santo.jpg\" alt=\"Enrique Romero entrevistando al teniente de los paracaidistas despu\u00e9s de los saltos.\" width=\"663\" height=\"462\" srcset=\"https:\/\/static-blogs.hoy.es\/wp-content\/uploads\/sites\/57\/2013\/12\/Enrique-Romero-entrevistando-al-Teniente-despues-del-Santo.jpg 1417w, https:\/\/static-blogs.hoy.es\/wp-content\/uploads\/sites\/57\/2013\/12\/Enrique-Romero-entrevistando-al-Teniente-despues-del-Santo-300x209.jpg 300w, https:\/\/static-blogs.hoy.es\/wp-content\/uploads\/sites\/57\/2013\/12\/Enrique-Romero-entrevistando-al-Teniente-despues-del-Santo-768x535.jpg 768w, https:\/\/static-blogs.hoy.es\/wp-content\/uploads\/sites\/57\/2013\/12\/Enrique-Romero-entrevistando-al-Teniente-despues-del-Santo-1024x713.jpg 1024w\" sizes=\"(max-width: 663px) 100vw, 663px\" \/><\/a><p id=\"caption-attachment-1690\" class=\"wp-caption-text\">Enrique Romero entrevistando al teniente de los paracaidistas despu\u00e9s de los saltos.<\/p><\/div>\n<p>&nbsp;<\/p>\n<div id=\"attachment_1691\" style=\"width: 626px\" class=\"wp-caption aligncenter\"><a href=\"\/dicestudemili\/wp-content\/uploads\/sites\/57\/2013\/12\/Enrique-Romero.jpg\"><img aria-describedby=\"caption-attachment-1691\" loading=\"lazy\" class=\" wp-image-1691  \" title=\"Enrique Romero, a la izquierda, fue periodista del Diario HOY.\" src=\"\/dicestudemili\/wp-content\/uploads\/sites\/57\/2013\/12\/Enrique-Romero.jpg\" alt=\"Enrique Romero, a la izquierda, fue periodista del Diario HOY.\" width=\"616\" height=\"655\" srcset=\"https:\/\/static-blogs.hoy.es\/wp-content\/uploads\/sites\/57\/2013\/12\/Enrique-Romero.jpg 992w, https:\/\/static-blogs.hoy.es\/wp-content\/uploads\/sites\/57\/2013\/12\/Enrique-Romero-282x300.jpg 282w, https:\/\/static-blogs.hoy.es\/wp-content\/uploads\/sites\/57\/2013\/12\/Enrique-Romero-768x816.jpg 768w, https:\/\/static-blogs.hoy.es\/wp-content\/uploads\/sites\/57\/2013\/12\/Enrique-Romero-964x1024.jpg 964w\" sizes=\"(max-width: 616px) 100vw, 616px\" \/><\/a><p id=\"caption-attachment-1691\" class=\"wp-caption-text\">Enrique Romero, a la izquierda, fue periodista del Diario HOY.<\/p><\/div>\n<p>&nbsp;<\/p>\n<div id=\"attachment_1692\" style=\"width: 690px\" class=\"wp-caption aligncenter\"><a href=\"\/dicestudemili\/wp-content\/uploads\/sites\/57\/2013\/12\/Enrique3.jpg\"><img aria-describedby=\"caption-attachment-1692\" loading=\"lazy\" class=\"size-full wp-image-1692\" title=\"Las im\u00e1genes son de 1968.\" src=\"\/dicestudemili\/wp-content\/uploads\/sites\/57\/2013\/12\/Enrique3.jpg\" alt=\"Las im\u00e1genes son de 1968.\" width=\"680\" height=\"976\" srcset=\"https:\/\/static-blogs.hoy.es\/wp-content\/uploads\/sites\/57\/2013\/12\/Enrique3.jpg 680w, https:\/\/static-blogs.hoy.es\/wp-content\/uploads\/sites\/57\/2013\/12\/Enrique3-209x300.jpg 209w\" sizes=\"(max-width: 680px) 100vw, 680px\" \/><\/a><p id=\"caption-attachment-1692\" class=\"wp-caption-text\">Las im\u00e1genes son de 1968.<\/p><\/div>\n<p>&nbsp;<\/p>\n<p>Juan Guerrero fotografi\u00f3 a una famosa mascota que hubo en el CIR, a la <strong>mona Susi<\/strong>, que atend\u00eda un soldado bastante castigado por el animal, seg\u00fan Juan Guerrero: &#8220;<em>El soldado que la atend\u00eda ten\u00eda los brazos con ara\u00f1azos y mordiscos de la mona, que era de aupa<\/em>&#8220;.<\/p>\n<p>&nbsp;<\/p>\n<div id=\"attachment_1693\" style=\"width: 680px\" class=\"wp-caption aligncenter\"><a href=\"\/dicestudemili\/wp-content\/uploads\/sites\/57\/2013\/12\/mono-susi1973.jpg\"><img aria-describedby=\"caption-attachment-1693\" loading=\"lazy\" class=\"size-large wp-image-1693\" title=\"Gastador con la mona Susi.\" src=\"\/dicestudemili\/wp-content\/uploads\/sites\/57\/2013\/12\/mono-susi1973.jpg\" alt=\"Gastador con la mona Susi.\" width=\"670\" height=\"1024\" srcset=\"https:\/\/static-blogs.hoy.es\/wp-content\/uploads\/sites\/57\/2013\/12\/mono-susi1973.jpg 2127w, https:\/\/static-blogs.hoy.es\/wp-content\/uploads\/sites\/57\/2013\/12\/mono-susi1973-196x300.jpg 196w, https:\/\/static-blogs.hoy.es\/wp-content\/uploads\/sites\/57\/2013\/12\/mono-susi1973-768x1173.jpg 768w, https:\/\/static-blogs.hoy.es\/wp-content\/uploads\/sites\/57\/2013\/12\/mono-susi1973-670x1024.jpg 670w\" sizes=\"(max-width: 670px) 100vw, 670px\" \/><\/a><p id=\"caption-attachment-1693\" class=\"wp-caption-text\">Gastador con la mona Susi.<\/p><\/div>\n<p>&nbsp;<\/p>\n<div id=\"attachment_1694\" style=\"width: 512px\" class=\"wp-caption aligncenter\"><a href=\"\/dicestudemili\/wp-content\/uploads\/sites\/57\/2013\/12\/MOno.jpg\"><img aria-describedby=\"caption-attachment-1694\" loading=\"lazy\" class=\"size-full wp-image-1694\" title=\"La imagen es de 1973.\" src=\"\/dicestudemili\/wp-content\/uploads\/sites\/57\/2013\/12\/MOno.jpg\" alt=\"La imagen es de 1973.\" width=\"502\" height=\"689\" srcset=\"https:\/\/static-blogs.hoy.es\/wp-content\/uploads\/sites\/57\/2013\/12\/MOno.jpg 502w, https:\/\/static-blogs.hoy.es\/wp-content\/uploads\/sites\/57\/2013\/12\/MOno-219x300.jpg 219w\" sizes=\"(max-width: 502px) 100vw, 502px\" \/><\/a><p id=\"caption-attachment-1694\" class=\"wp-caption-text\">La imagen es de 1973.<\/p><\/div>\n<p>&nbsp;<\/p>\n<p>Suya es la famosa fotograf\u00eda de un recluta al que le est\u00e1n cortando el pelo en el interior del CIR. Comentaba que era un peluquero veterano que est\u00e1 cortando el pelo al recluta &#8220;<em>en la hora de paseo<\/em>&#8220;.<\/p>\n<p>&nbsp;<\/p>\n<div id=\"attachment_1695\" style=\"width: 510px\" class=\"wp-caption aligncenter\"><a href=\"\/dicestudemili\/wp-content\/uploads\/sites\/57\/2013\/12\/l-Peluquero-Veterano-Pela-al-Recluta-durante-la-Hora-del-Paseo.jpg\"><img aria-describedby=\"caption-attachment-1695\" loading=\"lazy\" class=\"size-full wp-image-1695\" title=\"Peluquero veterano 'pelando' a un recluta.\" src=\"\/dicestudemili\/wp-content\/uploads\/sites\/57\/2013\/12\/l-Peluquero-Veterano-Pela-al-Recluta-durante-la-Hora-del-Paseo.jpg\" alt=\"Peluquero veterano 'pelando' a un recluta.\" width=\"500\" height=\"813\" srcset=\"https:\/\/static-blogs.hoy.es\/wp-content\/uploads\/sites\/57\/2013\/12\/l-Peluquero-Veterano-Pela-al-Recluta-durante-la-Hora-del-Paseo.jpg 500w, https:\/\/static-blogs.hoy.es\/wp-content\/uploads\/sites\/57\/2013\/12\/l-Peluquero-Veterano-Pela-al-Recluta-durante-la-Hora-del-Paseo-185x300.jpg 185w\" sizes=\"(max-width: 500px) 100vw, 500px\" \/><\/a><p id=\"caption-attachment-1695\" class=\"wp-caption-text\">Peluquero veterano &#39;pelando&#39; a un recluta.<\/p><\/div>\n<p>&nbsp;<\/p>\n<p>Las siguientes fotos son de jugadores de baloncesto profesionales que eran entrevistados por un &#8216;periodista local&#8217;, que era <strong>Teodoro Casado<\/strong>, el que fue durante muchos a\u00f1os concejal del Ayuntamiento de C\u00e1ceres por el PP.<\/p>\n<p>&nbsp;<\/p>\n<div id=\"attachment_1696\" style=\"width: 708px\" class=\"wp-caption aligncenter\"><a href=\"\/dicestudemili\/wp-content\/uploads\/sites\/57\/2013\/12\/1973.-ENTREVISTA.-PERIODISTA-LOCAL-ENTREVISTANDO-A-DOS-RECLUTA.jpg\"><img aria-describedby=\"caption-attachment-1696\" loading=\"lazy\" class=\" wp-image-1696 \" title=\"Teodoro Casado de periodista.\" src=\"\/dicestudemili\/wp-content\/uploads\/sites\/57\/2013\/12\/1973.-ENTREVISTA.-PERIODISTA-LOCAL-ENTREVISTANDO-A-DOS-RECLUTA.jpg\" alt=\"Teodoro Casado de periodista.\" width=\"698\" height=\"667\" srcset=\"https:\/\/static-blogs.hoy.es\/wp-content\/uploads\/sites\/57\/2013\/12\/1973.-ENTREVISTA.-PERIODISTA-LOCAL-ENTREVISTANDO-A-DOS-RECLUTA.jpg 775w, https:\/\/static-blogs.hoy.es\/wp-content\/uploads\/sites\/57\/2013\/12\/1973.-ENTREVISTA.-PERIODISTA-LOCAL-ENTREVISTANDO-A-DOS-RECLUTA-300x287.jpg 300w, https:\/\/static-blogs.hoy.es\/wp-content\/uploads\/sites\/57\/2013\/12\/1973.-ENTREVISTA.-PERIODISTA-LOCAL-ENTREVISTANDO-A-DOS-RECLUTA-768x734.jpg 768w\" sizes=\"(max-width: 698px) 100vw, 698px\" \/><\/a><p id=\"caption-attachment-1696\" class=\"wp-caption-text\">Teodoro Casado de &#39;periodista&#39;.<\/p><\/div>\n<p>&nbsp;<\/p>\n<div id=\"attachment_1698\" style=\"width: 577px\" class=\"wp-caption aligncenter\"><a href=\"\/dicestudemili\/wp-content\/uploads\/sites\/57\/2013\/12\/img2361.jpg\"><img aria-describedby=\"caption-attachment-1698\" loading=\"lazy\" class=\"size-full wp-image-1698\" title=\"La imagen es de primeros de los a\u00f1os setenta.\" src=\"\/dicestudemili\/wp-content\/uploads\/sites\/57\/2013\/12\/img2361.jpg\" alt=\"La imagen es de primeros de los a\u00f1os setenta.\" width=\"567\" height=\"291\" srcset=\"https:\/\/static-blogs.hoy.es\/wp-content\/uploads\/sites\/57\/2013\/12\/img2361.jpg 567w, https:\/\/static-blogs.hoy.es\/wp-content\/uploads\/sites\/57\/2013\/12\/img2361-300x154.jpg 300w\" sizes=\"(max-width: 567px) 100vw, 567px\" \/><\/a><p id=\"caption-attachment-1698\" class=\"wp-caption-text\">La imagen es de primeros de los a\u00f1os setenta.<\/p><\/div>\n<p>&nbsp;<\/p>\n<p>Recordaba Juan Guerrero que en las juras de bandera de los a\u00f1os setenta, se comenzaba con una misa de campa\u00f1a, pero en los a\u00f1os ochenta ya no hab\u00eda misa, por lo que las juras duraban menos y hab\u00eda menos desmayos por culpa del calor. La siguiente imagen es del <strong>General Campano<\/strong> saludando a mandos del CIR, seg\u00fan Guerrero.<\/p>\n<p>&nbsp;<\/p>\n<div id=\"attachment_1700\" style=\"width: 615px\" class=\"wp-caption aligncenter\"><a href=\"\/dicestudemili\/wp-content\/uploads\/sites\/57\/2013\/12\/El-General-Campano-saluda-a-los-mandos-antes-de-la-jura-copia1.jpg\"><img aria-describedby=\"caption-attachment-1700\" loading=\"lazy\" class=\"size-full wp-image-1700\" title=\"El General saluda a los mandos antes de la jura de bandera.\" src=\"\/dicestudemili\/wp-content\/uploads\/sites\/57\/2013\/12\/El-General-Campano-saluda-a-los-mandos-antes-de-la-jura-copia1.jpg\" alt=\"El General saluda a los mandos antes de la jura de bandera.\" width=\"605\" height=\"432\" srcset=\"https:\/\/static-blogs.hoy.es\/wp-content\/uploads\/sites\/57\/2013\/12\/El-General-Campano-saluda-a-los-mandos-antes-de-la-jura-copia1.jpg 605w, https:\/\/static-blogs.hoy.es\/wp-content\/uploads\/sites\/57\/2013\/12\/El-General-Campano-saluda-a-los-mandos-antes-de-la-jura-copia1-300x214.jpg 300w\" sizes=\"(max-width: 605px) 100vw, 605px\" \/><\/a><p id=\"caption-attachment-1700\" class=\"wp-caption-text\">El General saluda a los mandos antes de la jura de bandera.<\/p><\/div>\n<p>En la siguiente, las autoridades, entre las que se encuentra el <strong>alcalde Bustamante<\/strong>, ven como el general besa el anillo del <strong>obispo Llopis Ivorra<\/strong>. Es en los primeros a\u00f1os de la d\u00e9cada de los setenta.<\/p>\n<p>&nbsp;<\/p>\n<div id=\"attachment_1701\" style=\"width: 690px\" class=\"wp-caption aligncenter\"><a href=\"\/dicestudemili\/wp-content\/uploads\/sites\/57\/2013\/12\/img659.jpg\"><img aria-describedby=\"caption-attachment-1701\" loading=\"lazy\" class=\" wp-image-1701 \" title=\"El mando militar besando el anillo del obispo de Coria-C\u00e1ceres Llopis Ivorra.\" src=\"\/dicestudemili\/wp-content\/uploads\/sites\/57\/2013\/12\/img659.jpg\" alt=\"El mando militar besando el anillo del obispo de Coria-C\u00e1ceres Llopis Ivorra.\" width=\"680\" height=\"442\" srcset=\"https:\/\/static-blogs.hoy.es\/wp-content\/uploads\/sites\/57\/2013\/12\/img659.jpg 756w, https:\/\/static-blogs.hoy.es\/wp-content\/uploads\/sites\/57\/2013\/12\/img659-300x195.jpg 300w\" sizes=\"(max-width: 680px) 100vw, 680px\" \/><\/a><p id=\"caption-attachment-1701\" class=\"wp-caption-text\">El mando militar besando el anillo del obispo de Coria-C\u00e1ceres Llopis Ivorra.<\/p><\/div>\n<p>&nbsp;<\/p>\n<p>La siguiente imagen esta tomada durante los ejercicios f\u00edsicos que se hac\u00eda a primera hora de la ma\u00f1ana, antes de que castigara mucho el sol.<\/p>\n<p>&nbsp;<\/p>\n<div id=\"attachment_1702\" style=\"width: 815px\" class=\"wp-caption aligncenter\"><a href=\"\/dicestudemili\/wp-content\/uploads\/sites\/57\/2013\/12\/img231.jpg\"><img aria-describedby=\"caption-attachment-1702\" loading=\"lazy\" class=\" wp-image-1702 \" title=\"Ejercicios f\u00edsicos de los reclutas.\" src=\"\/dicestudemili\/wp-content\/uploads\/sites\/57\/2013\/12\/img231.jpg\" alt=\"Ejercicios f\u00edsicos de los reclutas.\" width=\"805\" height=\"472\" srcset=\"https:\/\/static-blogs.hoy.es\/wp-content\/uploads\/sites\/57\/2013\/12\/img231.jpg 1006w, https:\/\/static-blogs.hoy.es\/wp-content\/uploads\/sites\/57\/2013\/12\/img231-300x176.jpg 300w, https:\/\/static-blogs.hoy.es\/wp-content\/uploads\/sites\/57\/2013\/12\/img231-768x450.jpg 768w\" sizes=\"(max-width: 805px) 100vw, 805px\" \/><\/a><p id=\"caption-attachment-1702\" class=\"wp-caption-text\">Ejercicios f\u00edsicos de los reclutas.<\/p><\/div>\n<p>&nbsp;<\/p>\n<p>&nbsp;<\/p>\n<p>&nbsp;<\/p>\n<p>&nbsp;<\/p>\n<p>&nbsp;<\/p>\n<p>&nbsp;<\/p>\n<p>&nbsp;<\/p>\n<p>&nbsp;<\/p>\n<p>&nbsp;<\/p>\n<p>&nbsp;<\/p>\n<p>&nbsp;<\/p>\n<p>&nbsp;<\/p>\n<p>&nbsp;<\/p>\n<p>&nbsp;<\/p>\n<p>&nbsp;<\/p>\n<!-- AddThis Advanced Settings generic via filter on the_content --><!-- AddThis Share Buttons generic via filter on the_content -->","protected":false},"excerpt":{"rendered":"<p>El pasado 18 de diciembre falleci\u00f3 a los 79 a\u00f1os de edad Juan Guerrero, d\u00e9cano de los fot\u00f3grafos de prensa cacere\u00f1os, que durante casi seis d\u00e9cadas ha realizado fotos de casi todo cuanto ocurr\u00eda en C\u00e1ceres. \u00c9l aseguraba que estuvo haciendo fotograf\u00edas en el Centro de Instrucci\u00f3n de Reclutas de C\u00e1ceres durante 32 a\u00f1os, desde [&hellip;]<!-- AddThis Advanced Settings generic via filter on get_the_excerpt --><!-- AddThis Share Buttons generic via filter on get_the_excerpt --><\/p>\n","protected":false},"author":52,"featured_media":0,"comment_status":"open","ping_status":"closed","sticky":false,"template":"","format":"standard","meta":[],"categories":[2],"tags":[33,195,466,522,556,727,842,852,893,911,1134],"_links":{"self":[{"href":"https:\/\/blogs.hoy.es\/dicestudemili\/wp-json\/wp\/v2\/posts\/1685"}],"collection":[{"href":"https:\/\/blogs.hoy.es\/dicestudemili\/wp-json\/wp\/v2\/posts"}],"about":[{"href":"https:\/\/blogs.hoy.es\/dicestudemili\/wp-json\/wp\/v2\/types\/post"}],"author":[{"embeddable":true,"href":"https:\/\/blogs.hoy.es\/dicestudemili\/wp-json\/wp\/v2\/users\/52"}],"replies":[{"embeddable":true,"href":"https:\/\/blogs.hoy.es\/dicestudemili\/wp-json\/wp\/v2\/comments?post=1685"}],"version-history":[{"count":0,"href":"https:\/\/blogs.hoy.es\/dicestudemili\/wp-json\/wp\/v2\/posts\/1685\/revisions"}],"wp:attachment":[{"href":"https:\/\/blogs.hoy.es\/dicestudemili\/wp-json\/wp\/v2\/media?parent=1685"}],"wp:term":[{"taxonomy":"category","embeddable":true,"href":"https:\/\/blogs.hoy.es\/dicestudemili\/wp-json\/wp\/v2\/categories?post=1685"},{"taxonomy":"post_tag","embeddable":true,"href":"https:\/\/blogs.hoy.es\/dicestudemili\/wp-json\/wp\/v2\/tags?post=1685"}],"curies":[{"name":"wp","href":"https:\/\/api.w.org\/{rel}","templated":true}]}}