{"id":1707,"date":"2014-01-03T11:44:26","date_gmt":"2014-01-03T11:44:26","guid":{"rendered":"http:\/\/blogs.hoy.es\/dicestudemili\/?p=1707"},"modified":"2014-01-03T11:44:26","modified_gmt":"2014-01-03T11:44:26","slug":"el-viejo-tanque-de-la-republica","status":"publish","type":"post","link":"https:\/\/blogs.hoy.es\/dicestudemili\/2014\/01\/03\/el-viejo-tanque-de-la-republica\/","title":{"rendered":"El viejo tanque de la Rep\u00fablica"},"content":{"rendered":"<div id=\"attachment_1708\" style=\"width: 690px\" class=\"wp-caption aligncenter\"><a href=\"\/dicestudemili\/wp-content\/uploads\/sites\/57\/2014\/01\/Armando_Jura-de-Bandera-2.jpg\"><img aria-describedby=\"caption-attachment-1708\" loading=\"lazy\" class=\" wp-image-1708  \" title=\"Gente que asisti\u00f3 a la jura de diciembre de 2013 haci\u00e9ndose fotos con el tanque.\" src=\"\/dicestudemili\/wp-content\/uploads\/sites\/57\/2014\/01\/Armando_Jura-de-Bandera-2.jpg\" alt=\"Gente que asisti\u00f3 a la jura de diciembre de 2013 haci\u00e9ndose fotos con el tanque.\" width=\"680\" height=\"489\" srcset=\"https:\/\/static-blogs.hoy.es\/wp-content\/uploads\/sites\/57\/2014\/01\/Armando_Jura-de-Bandera-2.jpg 945w, https:\/\/static-blogs.hoy.es\/wp-content\/uploads\/sites\/57\/2014\/01\/Armando_Jura-de-Bandera-2-300x216.jpg 300w, https:\/\/static-blogs.hoy.es\/wp-content\/uploads\/sites\/57\/2014\/01\/Armando_Jura-de-Bandera-2-768x552.jpg 768w\" sizes=\"(max-width: 680px) 100vw, 680px\" \/><\/a><p id=\"caption-attachment-1708\" class=\"wp-caption-text\">Gente que asisti\u00f3 a la jura de diciembre de 2013 haci\u00e9ndose fotos con el tanque.<\/p><\/div>\n<p>&nbsp;<\/p>\n<p>Personas que han hecho la mili en C\u00e1ceres hace d\u00e9cadas, han preguntado en este blog si a\u00fan existe en las instalaciones militares del <strong>Campamento Santa Ana<\/strong>, un viejo tanque. Pues s\u00ed, el viejo tanque a\u00fan permanece en las instalaciones y prueba de ello son estas dos fotograf\u00edas que hicimos el pasado <strong>21 de diciembre de 2013<\/strong>, cuando personas que hab\u00edan asistido a la jura de bandera de 582 y 65 civiles, se paraban ante el tanque para fotografiarse con el.<\/p>\n<p>&nbsp;<\/p>\n<div id=\"attachment_1709\" style=\"width: 648px\" class=\"wp-caption aligncenter\"><a href=\"\/dicestudemili\/wp-content\/uploads\/sites\/57\/2014\/01\/la-foto.jpg\"><img aria-describedby=\"caption-attachment-1709\" loading=\"lazy\" class=\" wp-image-1709 \" title=\"El tanque fue fabricado en 1933.\" src=\"\/dicestudemili\/wp-content\/uploads\/sites\/57\/2014\/01\/la-foto.jpg\" alt=\"El tanque fue fabricado en 1933.\" width=\"638\" height=\"423\" srcset=\"https:\/\/static-blogs.hoy.es\/wp-content\/uploads\/sites\/57\/2014\/01\/la-foto.jpg 709w, https:\/\/static-blogs.hoy.es\/wp-content\/uploads\/sites\/57\/2014\/01\/la-foto-300x199.jpg 300w\" sizes=\"(max-width: 638px) 100vw, 638px\" \/><\/a><p id=\"caption-attachment-1709\" class=\"wp-caption-text\">El tanque fue fabricado en 1933.<\/p><\/div>\n<p>&nbsp;<\/p>\n<p>Junto al tanque se encuentra este cartel con las caracter\u00edsticas del carro de combate.<\/p>\n<p>&nbsp;<\/p>\n<div id=\"attachment_1710\" style=\"width: 577px\" class=\"wp-caption aligncenter\"><a href=\"\/dicestudemili\/wp-content\/uploads\/sites\/57\/2014\/01\/la-foto2.jpg\"><img aria-describedby=\"caption-attachment-1710\" loading=\"lazy\" class=\"size-full wp-image-1710\" title=\"Alcanzaba los 30 kil\u00f3metros por hora.\" src=\"\/dicestudemili\/wp-content\/uploads\/sites\/57\/2014\/01\/la-foto2.jpg\" alt=\"Alcanzaba los 30 kil\u00f3metros por hora.\" width=\"567\" height=\"398\" srcset=\"https:\/\/static-blogs.hoy.es\/wp-content\/uploads\/sites\/57\/2014\/01\/la-foto2.jpg 567w, https:\/\/static-blogs.hoy.es\/wp-content\/uploads\/sites\/57\/2014\/01\/la-foto2-300x211.jpg 300w\" sizes=\"(max-width: 567px) 100vw, 567px\" \/><\/a><p id=\"caption-attachment-1710\" class=\"wp-caption-text\">Alcanzaba los 30 kil\u00f3metros por hora.<\/p><\/div>\n<p>&nbsp;<\/p>\n<p>En la wikipedia se indica que el <strong>T-26<\/strong> fue un tanque ligero sovi\u00e9tico que particip\u00f3 en numerosos conflictos de los a\u00f1os 30 as\u00ed como en la <strong>Segunda Guerra Mundial<\/strong>. Fue desarrollado a partir de 1930, tomando como modelo al <strong>Vickers 6-ton brit\u00e1nico<\/strong>, siendo considerado por algunos como el dise\u00f1o de tanques m\u00e1s exitoso de los a\u00f1os 30. &#8220;Fue fabricado en mayor cantidad que cualquier otro tanque de su \u00e9poca &#8211; indica la wikipedia -, siendo producidos m\u00e1s de 11.000 unidades. Durante los a\u00f1os 30, la URSS desarroll\u00f3 un n\u00famero r\u00e9cord de 53 variantes del T-26, incluyendo diferentes veh\u00edculos de combate basados en su chasis como tanques lanzallamas, veh\u00edculos de ingenieros, artiller\u00eda autopropulsada o tractores de artiller\u00eda<sup>&#8220;.<\/sup><\/p>\n<p>&nbsp;<\/p>\n<p>Fue suministrado en grandes cantidades a las fuerzas armadas de la <strong>Segunda Rep\u00fablica espa\u00f1ola<\/strong> durante la Guerra Civil, y cuando esta finaliz\u00f3 en 1939 las unidades restantes fueron puestas de nuevo en servicio dentro del Ej\u00e9rcito de Franco. Posiblemente eso es lo que le pas\u00f3 al que est\u00e1 en C\u00e1ceres, <strong>junto a la explanada de las juras de bandera del CEFOT<\/strong>. Estos tanques participaron durante algunas de las primeras operaciones de la Segunda Guerra Mundial, como en el <strong>ataque a Polonia<\/strong> y la <strong>Guerra de Invierno con Finlandia<\/strong>,\u00a0 cesando su producci\u00f3n en 1941. Durante la <strong>invasi\u00f3n alemana de la URSS<\/strong> particip\u00f3 en gran n\u00famero dado que constitu\u00eda el grueso de las fuerzas acorazadas sovi\u00e9ticas, aunque fue paulatinamente sustituido por otras unidades m\u00e1s modernas<sup>.<\/sup><\/p>\n<p>&nbsp;<\/p>\n<!-- AddThis Advanced Settings generic via filter on the_content --><!-- AddThis Share Buttons generic via filter on the_content -->","protected":false},"excerpt":{"rendered":"<p>&nbsp; Personas que han hecho la mili en C\u00e1ceres hace d\u00e9cadas, han preguntado en este blog si a\u00fan existe en las instalaciones militares del Campamento Santa Ana, un viejo tanque. Pues s\u00ed, el viejo tanque a\u00fan permanece en las instalaciones y prueba de ello son estas dos fotograf\u00edas que hicimos el pasado 21 de diciembre [&hellip;]<!-- AddThis Advanced Settings generic via filter on get_the_excerpt --><!-- AddThis Share Buttons generic via filter on get_the_excerpt --><\/p>\n","protected":false},"author":52,"featured_media":0,"comment_status":"open","ping_status":"closed","sticky":false,"template":"","format":"standard","meta":[],"categories":[2],"tags":[195,581,842,1046,1047,1077,1177],"_links":{"self":[{"href":"https:\/\/blogs.hoy.es\/dicestudemili\/wp-json\/wp\/v2\/posts\/1707"}],"collection":[{"href":"https:\/\/blogs.hoy.es\/dicestudemili\/wp-json\/wp\/v2\/posts"}],"about":[{"href":"https:\/\/blogs.hoy.es\/dicestudemili\/wp-json\/wp\/v2\/types\/post"}],"author":[{"embeddable":true,"href":"https:\/\/blogs.hoy.es\/dicestudemili\/wp-json\/wp\/v2\/users\/52"}],"replies":[{"embeddable":true,"href":"https:\/\/blogs.hoy.es\/dicestudemili\/wp-json\/wp\/v2\/comments?post=1707"}],"version-history":[{"count":0,"href":"https:\/\/blogs.hoy.es\/dicestudemili\/wp-json\/wp\/v2\/posts\/1707\/revisions"}],"wp:attachment":[{"href":"https:\/\/blogs.hoy.es\/dicestudemili\/wp-json\/wp\/v2\/media?parent=1707"}],"wp:term":[{"taxonomy":"category","embeddable":true,"href":"https:\/\/blogs.hoy.es\/dicestudemili\/wp-json\/wp\/v2\/categories?post=1707"},{"taxonomy":"post_tag","embeddable":true,"href":"https:\/\/blogs.hoy.es\/dicestudemili\/wp-json\/wp\/v2\/tags?post=1707"}],"curies":[{"name":"wp","href":"https:\/\/api.w.org\/{rel}","templated":true}]}}