{"id":1713,"date":"2014-01-10T07:52:55","date_gmt":"2014-01-10T07:52:55","guid":{"rendered":"http:\/\/blogs.hoy.es\/dicestudemili\/?p=1713"},"modified":"2014-01-10T07:52:55","modified_gmt":"2014-01-10T07:52:55","slug":"2000-y-3-nosotros-si-que-fuimos-de-los-ultimos","status":"publish","type":"post","link":"https:\/\/blogs.hoy.es\/dicestudemili\/2014\/01\/10\/2000-y-3-nosotros-si-que-fuimos-de-los-ultimos\/","title":{"rendered":"2000 (y 3): &#8220;Nosotros s\u00ed que fuimos de los \u00faltimos&#8221;"},"content":{"rendered":"<p>&#8220;<em>Soy <strong>Mario Learte<\/strong> (el valenciano o el pulga, seg\u00fan pa quien jejeje). \u00bfHay alguien del tercer reemplazo del 2000 por ah\u00ed? Nosotros s\u00ed que fuimos de los \u00faltimos<\/em>&#8220;. Este comentario es del grupo de facebook &#8216;<strong>Yo tambi\u00e9n hice la mili en C\u00e1ceres<\/strong>&#8216;. Le responde\u00a0<strong>Cristian Alarc\u00f3n Aguilar<\/strong>, &#8220;<em>yo estuve en el tercero del 2000. \u00a1\u00a1\u00a1No me importar\u00eda volver atr\u00e1s y volver a revivir todo!!! Saludos<\/em>&#8220;.<\/p>\n<p>En otro grupo de facebook, &#8220;<strong>Yo hice la mili en el CIR de C\u00e1ceres o CIMOV<\/strong>&#8220;,\u00a0<strong>Alex Murillo<\/strong> comenta: &#8220;<em>Buenas desde Barcelona. Yo estuve en la 31 Compa\u00f1\u00eda del 2000, en la Unidad de Servicios, <strong>Vigilancia Militar<\/strong>. Me qued\u00e9 dos a\u00f1os m\u00e1s en C\u00e1ceres, de P.M. o V.M., depende de la dependencia. Me qued\u00e9 en C\u00e1ceres y disfrut\u00e9 como un ni\u00f1o. Ten\u00eda las llaves de todo y hac\u00eda de todo. En dos meses me gradu\u00e9 como soldado de primera; lo que pas\u00f3 es que me largu\u00e9 antes de ascender m\u00e1s. Lo que m\u00e1s me acuerdo es de un bar que se llamaba &#8216;<strong>Iguana<\/strong>&#8216;, que estaba al lado de &#8216;<strong>La Cueva<\/strong>&#8216;<\/em>&#8220;. <strong>Ra\u00fal de la Torre<\/strong> se\u00f1ala, &#8220;yo fui del cuarto reemplazo del a\u00f1o 2000, casi de los \u00faltimos de reemplazo. Estoy buscando a gente de esa \u00e9poca para juntarnos un d\u00eda y hacer una cenita. Un saludo&#8221;.<\/p>\n<p><span style=\"font-size: 13px;\">En el a\u00f1o 2000 eran cada vez menos los j\u00f3venes que ven\u00edan a C\u00e1ceres a cumplir el servicio militar obligatorio, prestaci\u00f3n que se suspendi\u00f3 el 31 de diciembre de 2001. <strong>La mayor\u00eda de los que juraban bandera ya no eran de reemplazo<\/strong>, sino soldados profesionales. En noviembre del a\u00f1o 2000 el objetivo del Ministerio de Defensa era cubrir entre 102.000 y 120.000 vacantes en los tres ej\u00e9rcitos. Por entonces iban por 85.000. <strong>En el a\u00f1o 2000 se convocaron 17.500 plazas<\/strong>. Por cierto, el sueldo de los nuevos soldados profesionales era de 1.358.000 pesetas \u00a0brutas al a\u00f1o (8.180 euros), lo que representaba sobre 89.000 pesetas netas al mes (536 euros).<\/span><\/p>\n<p>Las siguientes im\u00e1genes son de la jura de bandera en el CIMOV de C\u00e1ceres el 11 de noviembre del 2000.<\/p>\n<p>&nbsp;<\/p>\n<div id=\"attachment_1715\" style=\"width: 673px\" class=\"wp-caption aligncenter\"><a href=\"\/dicestudemili\/wp-content\/uploads\/sites\/57\/2014\/01\/IIsep00.jpg\"><img aria-describedby=\"caption-attachment-1715\" loading=\"lazy\" class=\" wp-image-1715   \" title=\"Juraron bandera 489 soldados profesionales.\" src=\"\/dicestudemili\/wp-content\/uploads\/sites\/57\/2014\/01\/IIsep00.jpg\" alt=\"Juraron bandera 489 soldados profesionales.\" width=\"663\" height=\"439\" srcset=\"https:\/\/static-blogs.hoy.es\/wp-content\/uploads\/sites\/57\/2014\/01\/IIsep00.jpg 1870w, https:\/\/static-blogs.hoy.es\/wp-content\/uploads\/sites\/57\/2014\/01\/IIsep00-300x198.jpg 300w, https:\/\/static-blogs.hoy.es\/wp-content\/uploads\/sites\/57\/2014\/01\/IIsep00-768x508.jpg 768w, https:\/\/static-blogs.hoy.es\/wp-content\/uploads\/sites\/57\/2014\/01\/IIsep00-1024x677.jpg 1024w\" sizes=\"(max-width: 663px) 100vw, 663px\" \/><\/a><p id=\"caption-attachment-1715\" class=\"wp-caption-text\">Juraron bandera 489 soldados profesionales.<\/p><\/div>\n<p>&nbsp;<\/p>\n<div id=\"attachment_1716\" style=\"width: 675px\" class=\"wp-caption aligncenter\"><a href=\"\/dicestudemili\/wp-content\/uploads\/sites\/57\/2014\/01\/IIIsep100.jpg\"><img aria-describedby=\"caption-attachment-1716\" loading=\"lazy\" class=\" wp-image-1716 \" title=\"Eran de la tercera incorporaci\u00f3n de la convocatoria del a\u00f1o 2000.\" src=\"\/dicestudemili\/wp-content\/uploads\/sites\/57\/2014\/01\/IIIsep100.jpg\" alt=\"Eran de la tercera incorporaci\u00f3n de la convocatoria del a\u00f1o 2000.\" width=\"665\" height=\"556\" srcset=\"https:\/\/static-blogs.hoy.es\/wp-content\/uploads\/sites\/57\/2014\/01\/IIIsep100.jpg 831w, https:\/\/static-blogs.hoy.es\/wp-content\/uploads\/sites\/57\/2014\/01\/IIIsep100-300x251.jpg 300w, https:\/\/static-blogs.hoy.es\/wp-content\/uploads\/sites\/57\/2014\/01\/IIIsep100-768x642.jpg 768w\" sizes=\"(max-width: 665px) 100vw, 665px\" \/><\/a><p id=\"caption-attachment-1716\" class=\"wp-caption-text\">Eran de la tercera incorporaci\u00f3n de la convocatoria del a\u00f1o 2000.<\/p><\/div>\n<p>&nbsp;<\/p>\n<div id=\"attachment_1717\" style=\"width: 673px\" class=\"wp-caption aligncenter\"><a href=\"\/dicestudemili\/wp-content\/uploads\/sites\/57\/2014\/01\/IIIIIIsep300.jpg\"><img aria-describedby=\"caption-attachment-1717\" loading=\"lazy\" class=\" wp-image-1717   \" title=\"Un instante del acto del homenaje a los ca\u00eddos.\" src=\"\/dicestudemili\/wp-content\/uploads\/sites\/57\/2014\/01\/IIIIIIsep300.jpg\" alt=\"Un instante del acto del homenaje a los ca\u00eddos.\" width=\"663\" height=\"442\" srcset=\"https:\/\/static-blogs.hoy.es\/wp-content\/uploads\/sites\/57\/2014\/01\/IIIIIIsep300.jpg 1864w, https:\/\/static-blogs.hoy.es\/wp-content\/uploads\/sites\/57\/2014\/01\/IIIIIIsep300-300x200.jpg 300w, https:\/\/static-blogs.hoy.es\/wp-content\/uploads\/sites\/57\/2014\/01\/IIIIIIsep300-768x512.jpg 768w, https:\/\/static-blogs.hoy.es\/wp-content\/uploads\/sites\/57\/2014\/01\/IIIIIIsep300-1024x683.jpg 1024w\" sizes=\"(max-width: 663px) 100vw, 663px\" \/><\/a><p id=\"caption-attachment-1717\" class=\"wp-caption-text\">Un instante del acto del homenaje a los ca\u00eddos.<\/p><\/div>\n<p>&nbsp;<\/p>\n<div id=\"attachment_1718\" style=\"width: 566px\" class=\"wp-caption aligncenter\"><a href=\"\/dicestudemili\/wp-content\/uploads\/sites\/57\/2014\/01\/Isep001.jpg\"><img aria-describedby=\"caption-attachment-1718\" loading=\"lazy\" class=\" wp-image-1718 \" title=\"El teniente coronel Antonio Dom\u00ednguez Valor, era entonces jefe accidental del CIMOV.\" src=\"\/dicestudemili\/wp-content\/uploads\/sites\/57\/2014\/01\/Isep001.jpg\" alt=\"El teniente coronel Antonio Dom\u00ednguez Valor, era entonces jefe accidental del CIMOV.\" width=\"556\" height=\"798\" srcset=\"https:\/\/static-blogs.hoy.es\/wp-content\/uploads\/sites\/57\/2014\/01\/Isep001.jpg 695w, https:\/\/static-blogs.hoy.es\/wp-content\/uploads\/sites\/57\/2014\/01\/Isep001-209x300.jpg 209w\" sizes=\"(max-width: 556px) 100vw, 556px\" \/><\/a><p id=\"caption-attachment-1718\" class=\"wp-caption-text\">El teniente coronel Antonio Dom\u00ednguez Valor, era entonces jefe accidental del CIMOV.<\/p><\/div>\n<p>&nbsp;<\/p>\n<div id=\"attachment_1719\" style=\"width: 673px\" class=\"wp-caption alignleft\"><a href=\"\/dicestudemili\/wp-content\/uploads\/sites\/57\/2014\/01\/IIIIIsep400.jpg\"><img aria-describedby=\"caption-attachment-1719\" loading=\"lazy\" class=\" wp-image-1719   \" title=\"Numerosas personas acudieron a ver la jura de bandera.\" src=\"\/dicestudemili\/wp-content\/uploads\/sites\/57\/2014\/01\/IIIIIsep400.jpg\" alt=\"Numerosas personas acudieron a ver la jura de bandera.\" width=\"663\" height=\"437\" srcset=\"https:\/\/static-blogs.hoy.es\/wp-content\/uploads\/sites\/57\/2014\/01\/IIIIIsep400.jpg 1879w, https:\/\/static-blogs.hoy.es\/wp-content\/uploads\/sites\/57\/2014\/01\/IIIIIsep400-300x197.jpg 300w, https:\/\/static-blogs.hoy.es\/wp-content\/uploads\/sites\/57\/2014\/01\/IIIIIsep400-768x506.jpg 768w, https:\/\/static-blogs.hoy.es\/wp-content\/uploads\/sites\/57\/2014\/01\/IIIIIsep400-1024x674.jpg 1024w\" sizes=\"(max-width: 663px) 100vw, 663px\" \/><\/a><p id=\"caption-attachment-1719\" class=\"wp-caption-text\">Numerosas personas acudieron a ver la jura de bandera.<\/p><\/div>\n<p><span style=\"font-size: 13px;\">\u00a0<\/span><span style=\"font-size: 13px;\">\u00a0<\/span><\/p>\n<div id=\"attachment_1720\" style=\"width: 673px\" class=\"wp-caption alignright\"><a href=\"\/dicestudemili\/wp-content\/uploads\/sites\/57\/2014\/01\/IIIIsep200.jpg\"><img aria-describedby=\"caption-attachment-1720\" loading=\"lazy\" class=\" wp-image-1720   \" title=\"Las im\u00e1genes son del fot\u00f3grafo del Diario HOY, Lorenzo Cordero.\" src=\"\/dicestudemili\/wp-content\/uploads\/sites\/57\/2014\/01\/IIIIsep200.jpg\" alt=\"Las im\u00e1genes son del fot\u00f3grafo del Diario HOY, Lorenzo Cordero.\" width=\"663\" height=\"437\" srcset=\"https:\/\/static-blogs.hoy.es\/wp-content\/uploads\/sites\/57\/2014\/01\/IIIIsep200.jpg 1870w, https:\/\/static-blogs.hoy.es\/wp-content\/uploads\/sites\/57\/2014\/01\/IIIIsep200-300x197.jpg 300w, https:\/\/static-blogs.hoy.es\/wp-content\/uploads\/sites\/57\/2014\/01\/IIIIsep200-768x506.jpg 768w, https:\/\/static-blogs.hoy.es\/wp-content\/uploads\/sites\/57\/2014\/01\/IIIIsep200-1024x674.jpg 1024w\" sizes=\"(max-width: 663px) 100vw, 663px\" \/><\/a><p id=\"caption-attachment-1720\" class=\"wp-caption-text\">Las im\u00e1genes son del fot\u00f3grafo del Diario HOY, L<\/p><\/div>\n<!-- AddThis Advanced Settings generic via filter on the_content --><!-- AddThis Share Buttons generic via filter on the_content -->","protected":false},"excerpt":{"rendered":"<p>&#8220;Soy Mario Learte (el valenciano o el pulga, seg\u00fan pa quien jejeje). \u00bfHay alguien del tercer reemplazo del 2000 por ah\u00ed? Nosotros s\u00ed que fuimos de los \u00faltimos&#8220;. Este comentario es del grupo de facebook &#8216;Yo tambi\u00e9n hice la mili en C\u00e1ceres&#8216;. Le responde\u00a0Cristian Alarc\u00f3n Aguilar, &#8220;yo estuve en el tercero del 2000. \u00a1\u00a1\u00a1No me [&hellip;]<!-- AddThis Advanced Settings generic via filter on get_the_excerpt --><!-- AddThis Share Buttons generic via filter on get_the_excerpt --><\/p>\n","protected":false},"author":62,"featured_media":0,"comment_status":"open","ping_status":"closed","sticky":false,"template":"","format":"standard","meta":[],"categories":[3],"tags":[42,195,408,610,753,767,814,842,960,1091],"_links":{"self":[{"href":"https:\/\/blogs.hoy.es\/dicestudemili\/wp-json\/wp\/v2\/posts\/1713"}],"collection":[{"href":"https:\/\/blogs.hoy.es\/dicestudemili\/wp-json\/wp\/v2\/posts"}],"about":[{"href":"https:\/\/blogs.hoy.es\/dicestudemili\/wp-json\/wp\/v2\/types\/post"}],"author":[{"embeddable":true,"href":"https:\/\/blogs.hoy.es\/dicestudemili\/wp-json\/wp\/v2\/users\/62"}],"replies":[{"embeddable":true,"href":"https:\/\/blogs.hoy.es\/dicestudemili\/wp-json\/wp\/v2\/comments?post=1713"}],"version-history":[{"count":0,"href":"https:\/\/blogs.hoy.es\/dicestudemili\/wp-json\/wp\/v2\/posts\/1713\/revisions"}],"wp:attachment":[{"href":"https:\/\/blogs.hoy.es\/dicestudemili\/wp-json\/wp\/v2\/media?parent=1713"}],"wp:term":[{"taxonomy":"category","embeddable":true,"href":"https:\/\/blogs.hoy.es\/dicestudemili\/wp-json\/wp\/v2\/categories?post=1713"},{"taxonomy":"post_tag","embeddable":true,"href":"https:\/\/blogs.hoy.es\/dicestudemili\/wp-json\/wp\/v2\/tags?post=1713"}],"curies":[{"name":"wp","href":"https:\/\/api.w.org\/{rel}","templated":true}]}}