{"id":1723,"date":"2014-01-16T08:37:39","date_gmt":"2014-01-16T08:37:39","guid":{"rendered":"http:\/\/blogs.hoy.es\/dicestudemili\/?p=1723"},"modified":"2014-01-16T08:37:39","modified_gmt":"2014-01-16T08:37:39","slug":"aquellas-postales-que-se-enviaban-a-casa-1","status":"publish","type":"post","link":"https:\/\/blogs.hoy.es\/dicestudemili\/2014\/01\/16\/aquellas-postales-que-se-enviaban-a-casa-1\/","title":{"rendered":"Aquellas postales que se enviaban a casa (1)"},"content":{"rendered":"<div id=\"attachment_1724\" style=\"width: 655px\" class=\"wp-caption aligncenter\"><a href=\"\/dicestudemili\/wp-content\/uploads\/sites\/57\/2014\/01\/1-Santa-Ana-2.jpeg\"><img aria-describedby=\"caption-attachment-1724\" loading=\"lazy\" class=\"wp-image-1724   \" title=\" Curiosa imagen del Campamento Santa Ana cedida por Jes\u00fas Mar\u00eda G\u00f3mez.\" src=\"\/dicestudemili\/wp-content\/uploads\/sites\/57\/2014\/01\/1-Santa-Ana-2.jpeg\" alt=\"Curiosa imagen del Campamento Santa Ana cedida por Jes\u00fas Mar\u00eda G\u00f3mez.\" width=\"645\" height=\"404\" srcset=\"https:\/\/static-blogs.hoy.es\/wp-content\/uploads\/sites\/57\/2014\/01\/1-Santa-Ana-2.jpeg 983w, https:\/\/static-blogs.hoy.es\/wp-content\/uploads\/sites\/57\/2014\/01\/1-Santa-Ana-2-300x188.jpeg 300w, https:\/\/static-blogs.hoy.es\/wp-content\/uploads\/sites\/57\/2014\/01\/1-Santa-Ana-2-768x481.jpeg 768w\" sizes=\"(max-width: 645px) 100vw, 645px\" \/><\/a><p id=\"caption-attachment-1724\" class=\"wp-caption-text\">Curiosa imagen del Campamento Santa Ana cedida por Jes\u00fas Mar\u00eda G\u00f3mez.<\/p><\/div>\n<p>&nbsp;<\/p>\n<p><span style=\"font-size: 13px;\">Una de las primeras cosas que hac\u00edan los reclutas que llegaban a C\u00e1ceres era enviar alguna postal de la ciudad o de las instalaciones del CIR a su casa, para que viera su familia d\u00f3nde le hab\u00eda tocado hacer el servicio militar. La de la imagen superior, enviada a este blog por el coleccionista <\/span><strong style=\"font-size: 13px;\">Jes\u00fas Mar\u00eda G\u00f3mez<\/strong><span style=\"font-size: 13px;\">, debe ser de las primeras que se hicieron del <\/span><strong style=\"font-size: 13px;\">Campamento Santa Ana;<\/strong><span style=\"font-size: 13px;\">\u00a0quiz\u00e1 alg\u00fan lector nos pueda dar alguna pista del a\u00f1o. Llama la atenci\u00f3n una <\/span><strong style=\"font-size: 13px;\">escultura de un \u00e1guila<\/strong><span style=\"font-size: 13px;\"> en la entrada y al fondo una mina de <\/span><strong style=\"font-size: 13px;\">Aldea Moret<\/strong><span style=\"font-size: 13px;\">. Amigos del blog a los que se la hemos ense\u00f1ado, nos han comentado que seguramente sea de antes de 1975, algunos dicen que es de la entrada principal y otros de la entrada superior, m\u00e1s cercana a la ciudad de C\u00e1ceres.<\/span><\/p>\n<p>La siguiente postal es de antes de 1980. Un recluta de ese a\u00f1o afirma que envi\u00f3 a su casa esta postal en enero de 1980.<\/p>\n<p>&nbsp;<\/p>\n<div id=\"attachment_1725\" style=\"width: 682px\" class=\"wp-caption aligncenter\"><a href=\"\/dicestudemili\/wp-content\/uploads\/sites\/57\/2014\/01\/2-enviada-en-enero-de-1980.jpeg\"><img aria-describedby=\"caption-attachment-1725\" loading=\"lazy\" class=\"wp-image-1725 \" title=\"Vista a\u00e9rea del Campamento.\" src=\"\/dicestudemili\/wp-content\/uploads\/sites\/57\/2014\/01\/2-enviada-en-enero-de-1980.jpg\" alt=\"Vista a\u00e9rea del Campamento.\" width=\"672\" height=\"440\" \/><\/a><p id=\"caption-attachment-1725\" class=\"wp-caption-text\">Vista a\u00e9rea del Campamento.<\/p><\/div>\n<p>&nbsp;<\/p>\n<p>Esta postal es de las m\u00e1s conocidas, con los <strong>barracones de madera<\/strong> en primer t\u00e9rmino. Esos barracones fueron los primeros alojamientos de los reclutas que hicieron la mili en C\u00e1ceres.<\/p>\n<p>&nbsp;<\/p>\n<div id=\"attachment_1728\" style=\"width: 650px\" class=\"wp-caption aligncenter\"><a href=\"\/dicestudemili\/wp-content\/uploads\/sites\/57\/2014\/01\/3-imagen-2.jpg\"><img aria-describedby=\"caption-attachment-1728\" loading=\"lazy\" class=\"size-full wp-image-1728\" title=\"Postal del Campamento Santa Ana con los barrones en primer plano.\" src=\"\/dicestudemili\/wp-content\/uploads\/sites\/57\/2014\/01\/3-imagen-2.jpg\" alt=\"Postal del Campamento Santa Ana con los barrones en primer plano.\" width=\"640\" height=\"428\" srcset=\"https:\/\/static-blogs.hoy.es\/wp-content\/uploads\/sites\/57\/2014\/01\/3-imagen-2.jpg 640w, https:\/\/static-blogs.hoy.es\/wp-content\/uploads\/sites\/57\/2014\/01\/3-imagen-2-300x201.jpg 300w\" sizes=\"(max-width: 640px) 100vw, 640px\" \/><\/a><p id=\"caption-attachment-1728\" class=\"wp-caption-text\">Postal del Campamento Santa Ana con los barrones en primer plano.<\/p><\/div>\n<p>&nbsp;<\/p>\n<p>&nbsp;<\/p>\n<p>&nbsp;<\/p>\n<p>&nbsp;<\/p>\n<p>&nbsp;<\/p>\n<p>&nbsp;<\/p>\n<p>&nbsp;<\/p>\n<p>&nbsp;<\/p>\n<p>&nbsp;<\/p>\n<p>&nbsp;<\/p>\n<p>&nbsp;<\/p>\n<p>&nbsp;<\/p>\n<p>&nbsp;<\/p>\n<p>&nbsp;<\/p>\n<p>&nbsp;<\/p>\n<p>&nbsp;<\/p>\n<p>&nbsp;<\/p>\n<p>&nbsp;<\/p>\n<p>&nbsp;<\/p>\n<p>&nbsp;<\/p>\n<p>&nbsp;<\/p>\n<p>&nbsp;<\/p>\n<p>&nbsp;<\/p>\n<p>&nbsp;<\/p>\n<p>&nbsp;<\/p>\n<!-- AddThis Advanced Settings generic via filter on the_content --><!-- AddThis Share Buttons generic via filter on the_content -->","protected":false},"excerpt":{"rendered":"<p>&nbsp; Una de las primeras cosas que hac\u00edan los reclutas que llegaban a C\u00e1ceres era enviar alguna postal de la ciudad o de las instalaciones del CIR a su casa, para que viera su familia d\u00f3nde le hab\u00eda tocado hacer el servicio militar. La de la imagen superior, enviada a este blog por el coleccionista [&hellip;]<!-- AddThis Advanced Settings generic via filter on get_the_excerpt --><!-- AddThis Share Buttons generic via filter on get_the_excerpt --><\/p>\n","protected":false},"author":62,"featured_media":0,"comment_status":"open","ping_status":"closed","sticky":false,"template":"","format":"standard","meta":[],"categories":[2],"tags":[129,195,652,842,933],"_links":{"self":[{"href":"https:\/\/blogs.hoy.es\/dicestudemili\/wp-json\/wp\/v2\/posts\/1723"}],"collection":[{"href":"https:\/\/blogs.hoy.es\/dicestudemili\/wp-json\/wp\/v2\/posts"}],"about":[{"href":"https:\/\/blogs.hoy.es\/dicestudemili\/wp-json\/wp\/v2\/types\/post"}],"author":[{"embeddable":true,"href":"https:\/\/blogs.hoy.es\/dicestudemili\/wp-json\/wp\/v2\/users\/62"}],"replies":[{"embeddable":true,"href":"https:\/\/blogs.hoy.es\/dicestudemili\/wp-json\/wp\/v2\/comments?post=1723"}],"version-history":[{"count":0,"href":"https:\/\/blogs.hoy.es\/dicestudemili\/wp-json\/wp\/v2\/posts\/1723\/revisions"}],"wp:attachment":[{"href":"https:\/\/blogs.hoy.es\/dicestudemili\/wp-json\/wp\/v2\/media?parent=1723"}],"wp:term":[{"taxonomy":"category","embeddable":true,"href":"https:\/\/blogs.hoy.es\/dicestudemili\/wp-json\/wp\/v2\/categories?post=1723"},{"taxonomy":"post_tag","embeddable":true,"href":"https:\/\/blogs.hoy.es\/dicestudemili\/wp-json\/wp\/v2\/tags?post=1723"}],"curies":[{"name":"wp","href":"https:\/\/api.w.org\/{rel}","templated":true}]}}