{"id":1731,"date":"2014-01-24T08:15:01","date_gmt":"2014-01-24T08:15:01","guid":{"rendered":"http:\/\/blogs.hoy.es\/dicestudemili\/?p=1731"},"modified":"2014-01-24T08:15:01","modified_gmt":"2014-01-24T08:15:01","slug":"aquellas-postales-que-se-enviaban-a-casa-y-2","status":"publish","type":"post","link":"https:\/\/blogs.hoy.es\/dicestudemili\/2014\/01\/24\/aquellas-postales-que-se-enviaban-a-casa-y-2\/","title":{"rendered":"Aquellas postales que se enviaban a casa (y 2)"},"content":{"rendered":"<div id=\"attachment_1732\" style=\"width: 673px\" class=\"wp-caption aligncenter\"><a href=\"\/dicestudemili\/wp-content\/uploads\/sites\/57\/2014\/01\/A-Santa-Ana-4.jpeg\"><img aria-describedby=\"caption-attachment-1732\" loading=\"lazy\" class=\" wp-image-1732   \" title=\"Una de las postales m\u00e1s enviadas por los reclutas.\" src=\"\/dicestudemili\/wp-content\/uploads\/sites\/57\/2014\/01\/A-Santa-Ana-4.jpg\" alt=\"Una de las postales m\u00e1s enviadas por los reclutas.\" width=\"663\" height=\"458\" \/><\/a><p id=\"caption-attachment-1732\" class=\"wp-caption-text\">Una de las postales m\u00e1s enviadas por los reclutas a sus casas.<\/p><\/div>\n<p>&nbsp;<\/p>\n<p><strong>Jes\u00fas Mar\u00eda G\u00f3mez<\/strong> nos ha enviado otras dos postales del <strong>CIR n\u00famero 3 de C\u00e1ceres<\/strong>, una es la imagen superior en la que la familia del recluta pod\u00eda ver, para bien o para mal, que el acuartelamiento quedaba algo alejado del centro de la ciudad; y otra la siguiente del interior del Campamento Santa Ana, con la escultura del famoso &#8216;Manolito&#8217;.<\/p>\n<p>&nbsp;<\/p>\n<div id=\"attachment_1734\" style=\"width: 634px\" class=\"wp-caption aligncenter\"><a href=\"\/dicestudemili\/wp-content\/uploads\/sites\/57\/2014\/01\/C-Santa-Ana-3.jpeg\"><img aria-describedby=\"caption-attachment-1734\" loading=\"lazy\" class=\" wp-image-1734   \" title=\"Postal del CIR cedida por Jes\u00fas Mar\u00eda G\u00f3mez.\" src=\"\/dicestudemili\/wp-content\/uploads\/sites\/57\/2014\/01\/C-Santa-Ana-3.jpeg\" alt=\"Postal del CIR cedida por Jes\u00fas Mar\u00eda G\u00f3mez.\" width=\"624\" height=\"426\" srcset=\"https:\/\/static-blogs.hoy.es\/wp-content\/uploads\/sites\/57\/2014\/01\/C-Santa-Ana-3.jpeg 963w, https:\/\/static-blogs.hoy.es\/wp-content\/uploads\/sites\/57\/2014\/01\/C-Santa-Ana-3-300x204.jpeg 300w, https:\/\/static-blogs.hoy.es\/wp-content\/uploads\/sites\/57\/2014\/01\/C-Santa-Ana-3-768x523.jpeg 768w\" sizes=\"(max-width: 624px) 100vw, 624px\" \/><\/a><p id=\"caption-attachment-1734\" class=\"wp-caption-text\">Postal del CIR cedida por Jes\u00fas Mar\u00eda G\u00f3mez.<\/p><\/div>\n<p>&nbsp;<\/p>\n<p>Otra postal es la siguiente, en la que un antiguo recluta se\u00f1ala que esa era la vista que se ve\u00eda del interior del CIR &#8220;nada m\u00e1s salir de la cantina&#8221;, lugar que parece que era de su agrado.<\/p>\n<p>&nbsp;<\/p>\n<a href=\"\/dicestudemili\/wp-content\/uploads\/sites\/57\/2014\/01\/B-desde-la-cantina.jpg\"><img loading=\"lazy\" class=\"size-full wp-image-1735\" title=\"La vista \"desde la cantina\".\" src=\"\/dicestudemili\/wp-content\/uploads\/sites\/57\/2014\/01\/B-desde-la-cantina.jpg\" alt=\"La vista \"desde la cantina\".\" width=\"633\" height=\"426\" srcset=\"https:\/\/static-blogs.hoy.es\/wp-content\/uploads\/sites\/57\/2014\/01\/B-desde-la-cantina.jpg 633w, https:\/\/static-blogs.hoy.es\/wp-content\/uploads\/sites\/57\/2014\/01\/B-desde-la-cantina-300x202.jpg 300w\" sizes=\"(max-width: 633px) 100vw, 633px\" \/><\/a>\n<p>&nbsp;<\/p>\n<p>Hay una postal de C\u00e1ceres de 1968 en la que se ve a la Fuente Luminosa con dos militares paseando por C\u00e1novas.<\/p>\n<p>&nbsp;<\/p>\n<div id=\"attachment_1736\" style=\"width: 591px\" class=\"wp-caption aligncenter\"><a href=\"\/dicestudemili\/wp-content\/uploads\/sites\/57\/2014\/01\/D-1968_n.jpg\"><img aria-describedby=\"caption-attachment-1736\" loading=\"lazy\" class=\" wp-image-1736  \" title=\"Postal de 1968.\" src=\"\/dicestudemili\/wp-content\/uploads\/sites\/57\/2014\/01\/D-1968_n.jpg\" alt=\"Postal de 1968.\" width=\"581\" height=\"398\" srcset=\"https:\/\/static-blogs.hoy.es\/wp-content\/uploads\/sites\/57\/2014\/01\/D-1968_n.jpg 806w, https:\/\/static-blogs.hoy.es\/wp-content\/uploads\/sites\/57\/2014\/01\/D-1968_n-300x206.jpg 300w, https:\/\/static-blogs.hoy.es\/wp-content\/uploads\/sites\/57\/2014\/01\/D-1968_n-768x527.jpg 768w\" sizes=\"(max-width: 581px) 100vw, 581px\" \/><\/a><p id=\"caption-attachment-1736\" class=\"wp-caption-text\">Postal de 1968.<\/p><\/div>\n<p>&nbsp;<\/p>\n<p>Tambi\u00e9n hay una hermosa postal de C\u00e1ceres de 1965, un a\u00f1o despu\u00e9s de comenzar en C\u00e1ceres a formar a reclutas, en la que se ve en primer plano lo que se llamaba &#8216;la colonia militar&#8217;.<\/p>\n<p>&nbsp;<\/p>\n<div id=\"attachment_1737\" style=\"width: 829px\" class=\"wp-caption aligncenter\"><a href=\"\/dicestudemili\/wp-content\/uploads\/sites\/57\/2014\/01\/E-54.-CACERES.-COLONIA-MILITAR-A\u00d1O-1965.jpg\"><img aria-describedby=\"caption-attachment-1737\" loading=\"lazy\" class=\" wp-image-1737 \" title=\"Postal de 1965 con 'la colonia militar'.\" src=\"\/dicestudemili\/wp-content\/uploads\/sites\/57\/2014\/01\/E-54.-CACERES.-COLONIA-MILITAR-A\u00d1O-1965.jpg\" alt=\"Postal de 1965 con 'la colonia militar'.\" width=\"819\" height=\"574\" srcset=\"https:\/\/static-blogs.hoy.es\/wp-content\/uploads\/sites\/57\/2014\/01\/E-54.-CACERES.-COLONIA-MILITAR-A\u00d1O-1965.jpg 1081w, https:\/\/static-blogs.hoy.es\/wp-content\/uploads\/sites\/57\/2014\/01\/E-54.-CACERES.-COLONIA-MILITAR-A\u00d1O-1965-300x210.jpg 300w, https:\/\/static-blogs.hoy.es\/wp-content\/uploads\/sites\/57\/2014\/01\/E-54.-CACERES.-COLONIA-MILITAR-A\u00d1O-1965-768x538.jpg 768w, https:\/\/static-blogs.hoy.es\/wp-content\/uploads\/sites\/57\/2014\/01\/E-54.-CACERES.-COLONIA-MILITAR-A\u00d1O-1965-1024x717.jpg 1024w\" sizes=\"(max-width: 819px) 100vw, 819px\" \/><\/a><p id=\"caption-attachment-1737\" class=\"wp-caption-text\">Postal de 1965 con &#39;la colonia militar&#39;.<\/p><\/div>\n<!-- AddThis Advanced Settings generic via filter on the_content --><!-- AddThis Share Buttons generic via filter on the_content -->","protected":false},"excerpt":{"rendered":"<p>&nbsp; Jes\u00fas Mar\u00eda G\u00f3mez nos ha enviado otras dos postales del CIR n\u00famero 3 de C\u00e1ceres, una es la imagen superior en la que la familia del recluta pod\u00eda ver, para bien o para mal, que el acuartelamiento quedaba algo alejado del centro de la ciudad; y otra la siguiente del interior del Campamento Santa [&hellip;]<!-- AddThis Advanced Settings generic via filter on get_the_excerpt --><!-- AddThis Share Buttons generic via filter on get_the_excerpt --><\/p>\n","protected":false},"author":62,"featured_media":0,"comment_status":"open","ping_status":"closed","sticky":false,"template":"","format":"standard","meta":[],"categories":[2],"tags":[195,218,339,542,652,780,842],"_links":{"self":[{"href":"https:\/\/blogs.hoy.es\/dicestudemili\/wp-json\/wp\/v2\/posts\/1731"}],"collection":[{"href":"https:\/\/blogs.hoy.es\/dicestudemili\/wp-json\/wp\/v2\/posts"}],"about":[{"href":"https:\/\/blogs.hoy.es\/dicestudemili\/wp-json\/wp\/v2\/types\/post"}],"author":[{"embeddable":true,"href":"https:\/\/blogs.hoy.es\/dicestudemili\/wp-json\/wp\/v2\/users\/62"}],"replies":[{"embeddable":true,"href":"https:\/\/blogs.hoy.es\/dicestudemili\/wp-json\/wp\/v2\/comments?post=1731"}],"version-history":[{"count":0,"href":"https:\/\/blogs.hoy.es\/dicestudemili\/wp-json\/wp\/v2\/posts\/1731\/revisions"}],"wp:attachment":[{"href":"https:\/\/blogs.hoy.es\/dicestudemili\/wp-json\/wp\/v2\/media?parent=1731"}],"wp:term":[{"taxonomy":"category","embeddable":true,"href":"https:\/\/blogs.hoy.es\/dicestudemili\/wp-json\/wp\/v2\/categories?post=1731"},{"taxonomy":"post_tag","embeddable":true,"href":"https:\/\/blogs.hoy.es\/dicestudemili\/wp-json\/wp\/v2\/tags?post=1731"}],"curies":[{"name":"wp","href":"https:\/\/api.w.org\/{rel}","templated":true}]}}